{"id":17672,"date":"2025-07-25T20:47:39","date_gmt":"2025-07-26T00:47:39","guid":{"rendered":"https:\/\/samantharadionline.com\/?p=17672"},"modified":"2025-07-25T20:47:40","modified_gmt":"2025-07-26T00:47:40","slug":"una-falsa-alarma-tras-alerta-de-bomba-en-vuelo-madrid-sd","status":"publish","type":"post","link":"https:\/\/samantharadionline.com\/index.php\/2025\/07\/25\/una-falsa-alarma-tras-alerta-de-bomba-en-vuelo-madrid-sd\/","title":{"rendered":"Una falsa alarma tras alerta de bomba en vuelo Madrid &#8211; SD"},"content":{"rendered":"\n<p class=\"has-medium-font-size\"><em>La amenaza fue notificada de forma an\u00f3nima y apuntaba a la presunta colocaci\u00f3n de un artefacto explosivo en el interior del avi\u00f3n<\/em><\/p>\n\n\n\n<figure class=\"wp-block-image\"><img decoding=\"async\" src=\"https:\/\/listindiario.com\/files\/image_60_60\/uploads\/2023\/05\/16\/64638e498cf04.jpeg\" alt=\"Avatar del Rafael Castro\"\/><\/figure>\n\n\n\n<p><em>\u00a0<\/em>Rafael Castro, <strong>Santo Domingo, RD\u00a0<\/strong><\/p>\n\n\n\n<p>Las autoridades concluyeron la revisi\u00f3n del avi\u00f3n de la aerol\u00ednea Air Europa, procedente de Madrid, Espa\u00f1a, ante una sospecha de bomba, determinando que se trat\u00f3 de una falsa alarma.<\/p>\n\n\n\n<p>Tras un exhaustivo chequeo, un oficial del Cuerpo Especializado en Seguridad Aeroportuaria y de la Aviaci\u00f3n Civil (CESAC) que particip\u00f3 en el operativo dijo a List\u00edn Diario que&nbsp;<strong>no se encontr\u00f3 ning\u00fan artefacto sospechoso a bordo del avi\u00f3n<\/strong>, ni en el equipaje.<\/p>\n\n\n\n<p>\u201cEste tipo de amenazas, aunque en su mayor\u00eda resultan ser falsas alarmas, deben tratarse con la m\u00e1xima seriedad por el nivel de riesgo que representan. Nuestra prioridad es siempre la&nbsp;<strong>seguridad de los pasajeros y del personal aeroportuario<\/strong>\u201d, indic\u00f3.<\/p>\n\n\n\n<p>El operativo de seguridad se extendi\u00f3 por m\u00e1s de dos horas, hasta que fue completamente descartada la existencia de explosivos. Tras la inspecci\u00f3n, los pasajeros fueron<strong>&nbsp;escoltados hasta el \u00e1rea de migraci\u00f3n<\/strong>, y posteriormente, continuaron sus procesos de entrada al pa\u00eds.<\/p>\n\n\n\n<p>Seg\u00fan fuentes del aeropuerto, la amenaza fue notificada de forma an\u00f3nima y apuntaba a la presunta colocaci\u00f3n de un artefacto explosivo en el interior del avi\u00f3n.<\/p>\n\n\n\n<p>Por su parte, las autoridades informaron que han iniciado una investigaci\u00f3n para rastrear el origen de&nbsp;<strong>la llamada que gener\u00f3 la amenaza<\/strong>, y no se descarta que se puedan establecer sanciones penales contra los responsables.<\/p>\n\n\n\n<p>Este incidente se suma a una serie de eventos similares que se han reportado en aeropuertos internacionales en los \u00faltimos meses, lo que ha llevado a reforzar las medidas de seguridad y vigilancia en vuelos de largo alcance.<\/p>\n\n\n\n<p>Las autoridades dominicanas reiteraron su compromiso con la seguridad a\u00e9rea y aseguraron que todos los protocolos fueron ejecutados con \u00e9xito.<\/p>\n\n\n\n<h3 class=\"wp-block-heading\">Sobre el vuelo<\/h3>\n\n\n\n<p>Tras aterrizar en el Aeropuerto Internacional de Las Am\u00e9ricas (AILA) Jos\u00e9 Francisco Pe\u00f1a G\u00f3mez, las autoridades aeroportuarias y organismos de seguridad&nbsp;<strong>activaron un amplio y riguroso operativo<\/strong>&nbsp;de emergencia tras recibirse una amenaza de bomba a bordo del vuelo UX089 de la aerol\u00ednea Air Europa.<\/p>\n\n\n\n<p>La aeronave, un Airbus A330, aterriz\u00f3 en la terminal sin contratiempos a las 6:00 de la tarde, transportando a 320 pasajeros.<\/p>\n","protected":false},"excerpt":{"rendered":"<p>La amenaza fue notificada de forma an\u00f3nima y apuntaba a la presunta colocaci\u00f3n de un<\/p>\n","protected":false},"author":1,"featured_media":17673,"comment_status":"open","ping_status":"open","sticky":false,"template":"","format":"standard","meta":{"footnotes":""},"categories":[12],"tags":[],"class_list":["post-17672","post","type-post","status-publish","format-standard","has-post-thumbnail","hentry","category-nacionales"],"_links":{"self":[{"href":"https:\/\/samantharadionline.com\/index.php\/wp-json\/wp\/v2\/posts\/17672","targetHints":{"allow":["GET"]}}],"collection":[{"href":"https:\/\/samantharadionline.com\/index.php\/wp-json\/wp\/v2\/posts"}],"about":[{"href":"https:\/\/samantharadionline.com\/index.php\/wp-json\/wp\/v2\/types\/post"}],"author":[{"embeddable":true,"href":"https:\/\/samantharadionline.com\/index.php\/wp-json\/wp\/v2\/users\/1"}],"replies":[{"embeddable":true,"href":"https:\/\/samantharadionline.com\/index.php\/wp-json\/wp\/v2\/comments?post=17672"}],"version-history":[{"count":1,"href":"https:\/\/samantharadionline.com\/index.php\/wp-json\/wp\/v2\/posts\/17672\/revisions"}],"predecessor-version":[{"id":17674,"href":"https:\/\/samantharadionline.com\/index.php\/wp-json\/wp\/v2\/posts\/17672\/revisions\/17674"}],"wp:featuredmedia":[{"embeddable":true,"href":"https:\/\/samantharadionline.com\/index.php\/wp-json\/wp\/v2\/media\/17673"}],"wp:attachment":[{"href":"https:\/\/samantharadionline.com\/index.php\/wp-json\/wp\/v2\/media?parent=17672"}],"wp:term":[{"taxonomy":"category","embeddable":true,"href":"https:\/\/samantharadionline.com\/index.php\/wp-json\/wp\/v2\/categories?post=17672"},{"taxonomy":"post_tag","embeddable":true,"href":"https:\/\/samantharadionline.com\/index.php\/wp-json\/wp\/v2\/tags?post=17672"}],"curies":[{"name":"wp","href":"https:\/\/api.w.org\/{rel}","templated":true}]}}