{"id":17666,"date":"2025-07-25T16:21:15","date_gmt":"2025-07-25T20:21:15","guid":{"rendered":"https:\/\/samantharadionline.com\/?p=17666"},"modified":"2025-07-25T16:21:15","modified_gmt":"2025-07-25T20:21:15","slug":"martinez-se-va-en-huelga-de-hambre-en-prision","status":"publish","type":"post","link":"https:\/\/samantharadionline.com\/index.php\/2025\/07\/25\/martinez-se-va-en-huelga-de-hambre-en-prision\/","title":{"rendered":"Mart\u00ednez se va en huelga de hambre en prisi\u00f3n"},"content":{"rendered":"\n<p class=\"has-medium-font-size\"><em>\u00c1ngel Mart\u00ednez se presenta en el tribunal en un estado visiblemente deteriorado<\/em><\/p>\n\n\n\n<figure class=\"wp-block-image\"><img decoding=\"async\" src=\"https:\/\/listindiario.com\/files\/image_60_60\/uploads\/2023\/05\/11\/645d0fa7541ad.png\" alt=\"Avatar del Ram\u00f3n Cruz Benz\u00e1n\"\/><\/figure>\n\n\n\n<p><em>\u00a0<\/em>Ram\u00f3n Cruz Benz\u00e1n,<strong> Santo Domingo, RD<\/strong><\/p>\n\n\n\n<p>Los abogados\u00a0<strong>Carlos Mesa<\/strong>\u00a0y\u00a0<strong>Percival Pe\u00f1a\u00a0<\/strong>han expresado una profunda preocupaci\u00f3n por el estado de salud de su cliente,\u00a0<strong>\u00c1ngel Mart\u00ednez<\/strong>, quien, seg\u00fan sus declaraciones, inici\u00f3 una huelga de hambre y se encuentra en una situaci\u00f3n cr\u00edtica.<\/p>\n\n\n\n<p>Los letrados denuncian que las autoridades de la c\u00e1rcel preventiva del&nbsp;<strong>Palacio de Justicia de Ciudad Nueva<\/strong>, se han negado a cumplir con una orden judicial que dictaminaba el traslado inmediato de Mart\u00ednez a un centro m\u00e9dico.<\/p>\n\n\n\n<p>Los abogados relataron que el d\u00eda de ayer (jueves), \u00c1ngel Mart\u00ednez se present\u00f3 en el&nbsp;<strong>tribunal&nbsp;<\/strong>en un estado visiblemente deteriorado. Mesa describi\u00f3 el rostro de Mart\u00ednez como el de \u00abla muerte\u00bb, p\u00e1lido, con manos temblorosas y una incoherencia en sus ideas.<\/p>\n\n\n\n<p>Afirm\u00f3 que<strong>&nbsp;Mart\u00ednez lleva m\u00e1s de 72 horas sin ingerir agua ni medicamentos<\/strong>, y que ha manifestado su deseo de morir en paz.<\/p>\n\n\n\n<p>Ante esta situaci\u00f3n, la defensa solicit\u00f3 al juez al tribunal que interviniera, argumentando la necesidad de fusionar los derechos fundamentales y que, en virtud del principio de oficiosidad, la jueza constitucional deb\u00eda velar por la protecci\u00f3n del derecho fundamental a la vida de Mart\u00ednez, incluso por encima de su voluntad.<\/p>\n\n\n\n<p>A pesar de la orden judicial, los abogados denuncian que las autoridades de la&nbsp;<strong>carcelita de Ciudad Nueva<\/strong>&nbsp;no han trasladado a \u00c1ngel Mart\u00ednez al m\u00e9dico y se resisten a cumplir con lo establecido.<\/p>\n\n\n\n<p><strong>Lea tambi\u00e9n<\/strong><\/p>\n\n\n\n<p>Carlos Mesa calific\u00f3 esta situaci\u00f3n como un \u00abatropello al ser humano\u00bb y un \u00abverdadero low fare\u00bb, expresando que no se est\u00e1 percibiendo la magnitud de lo que esto puede implicar.<\/p>\n\n\n\n<p>Los abogados temen por la vida de su cliente y han manifestado que est\u00e1n preparados para la posibilidad de que se les informe sobre su fallecimiento. Sin embargo, enfatizan que, aunque una persona decida morir, las autoridades tienen la obligaci\u00f3n de preservar su vida.<\/p>\n\n\n\n<p>La ma\u00f1ana de este viernes los abogados intentaron nuevamente ver a \u00c1ngel Mart\u00ednez, pero les fue negado el acceso.<\/p>\n\n\n\n<p>Se les inform\u00f3 que Mart\u00ednez estaba siendo evaluado por un m\u00e9dico, pero no se les permiti\u00f3 constatarlo.<\/p>\n\n\n\n<p>A la hora de la declaraci\u00f3n, los abogados Mesa y Pe\u00f1a afirman no tener constancia de que \u00c1ngel Mart\u00ednez se encuentre con vida, y han instado a los familiares y seguidores a unirse en una cadena de oraci\u00f3n por la vida de Mart\u00ednez.<\/p>\n","protected":false},"excerpt":{"rendered":"<p>\u00c1ngel Mart\u00ednez se presenta en el tribunal en un estado visiblemente deteriorado \u00a0Ram\u00f3n Cruz Benz\u00e1n,<\/p>\n","protected":false},"author":1,"featured_media":17667,"comment_status":"open","ping_status":"open","sticky":false,"template":"","format":"standard","meta":{"footnotes":""},"categories":[12],"tags":[],"class_list":["post-17666","post","type-post","status-publish","format-standard","has-post-thumbnail","hentry","category-nacionales"],"_links":{"self":[{"href":"https:\/\/samantharadionline.com\/index.php\/wp-json\/wp\/v2\/posts\/17666","targetHints":{"allow":["GET"]}}],"collection":[{"href":"https:\/\/samantharadionline.com\/index.php\/wp-json\/wp\/v2\/posts"}],"about":[{"href":"https:\/\/samantharadionline.com\/index.php\/wp-json\/wp\/v2\/types\/post"}],"author":[{"embeddable":true,"href":"https:\/\/samantharadionline.com\/index.php\/wp-json\/wp\/v2\/users\/1"}],"replies":[{"embeddable":true,"href":"https:\/\/samantharadionline.com\/index.php\/wp-json\/wp\/v2\/comments?post=17666"}],"version-history":[{"count":1,"href":"https:\/\/samantharadionline.com\/index.php\/wp-json\/wp\/v2\/posts\/17666\/revisions"}],"predecessor-version":[{"id":17668,"href":"https:\/\/samantharadionline.com\/index.php\/wp-json\/wp\/v2\/posts\/17666\/revisions\/17668"}],"wp:featuredmedia":[{"embeddable":true,"href":"https:\/\/samantharadionline.com\/index.php\/wp-json\/wp\/v2\/media\/17667"}],"wp:attachment":[{"href":"https:\/\/samantharadionline.com\/index.php\/wp-json\/wp\/v2\/media?parent=17666"}],"wp:term":[{"taxonomy":"category","embeddable":true,"href":"https:\/\/samantharadionline.com\/index.php\/wp-json\/wp\/v2\/categories?post=17666"},{"taxonomy":"post_tag","embeddable":true,"href":"https:\/\/samantharadionline.com\/index.php\/wp-json\/wp\/v2\/tags?post=17666"}],"curies":[{"name":"wp","href":"https:\/\/api.w.org\/{rel}","templated":true}]}}