{"id":17658,"date":"2025-07-25T08:32:09","date_gmt":"2025-07-25T12:32:09","guid":{"rendered":"https:\/\/samantharadionline.com\/?p=17658"},"modified":"2025-07-25T08:32:10","modified_gmt":"2025-07-25T12:32:10","slug":"abinader-lanza-el-concurso-nacional-republica-de-ideas","status":"publish","type":"post","link":"https:\/\/samantharadionline.com\/index.php\/2025\/07\/25\/abinader-lanza-el-concurso-nacional-republica-de-ideas\/","title":{"rendered":"Abinader lanza el concurso nacional \u201cRep\u00fablica de Ideas\u201d"},"content":{"rendered":"\n<p class=\"has-medium-font-size\"><em>El mandatario expres\u00f3 que el objetivo es que estas \u00abbuenas ideas se conviertan en pol\u00edticas p\u00fablicas, proyectos, empresas y soluciones concretas\u00bb. \u00abEste concurso, que hoy lanzamos, es mucho m\u00e1s que una convocatoria<\/em><\/p>\n\n\n\n<p>Javier Flores, <strong>Santo Domingo, RD<\/strong><\/p>\n\n\n\n<p>El presidente&nbsp;<strong>Luis Abinader&nbsp;<\/strong>encabez\u00f3 ayer el lanzamiento del primer concurso nacional \u201c<strong>Rep\u00fablica de Ideas<\/strong>\u201d, una iniciativa del Poder Ejecutivo que busca fomentar la participaci\u00f3n ciudadana en el desarrollo socioecon\u00f3mico de la Rep\u00fablica Dominicana mediante la presentaci\u00f3n de propuestas innovadoras.<\/p>\n\n\n\n<p>Durante su discurso, el mandatario expres\u00f3 que el objetivo es que estas \u00abbuenas ideas se conviertan en pol\u00edticas p\u00fablicas, proyectos, empresas y soluciones concretas\u00bb.&nbsp;&nbsp;<\/p>\n\n\n\n<p>\u00abEste concurso, que hoy lanzamos, es mucho m\u00e1s que una convocatoria. un acto de confianza. Confianza en nuestra gente.<strong>&nbsp;Confianza en que la mejor forma de gobernar es escuchando<\/strong>. Confianza en que cada dominicano y cada dominicana tiene algo valioso que aportar\u00bb, manifest\u00f3 Abinader.<\/p>\n\n\n\n<h3 class=\"wp-block-heading\">Detalles del concurso<\/h3>\n\n\n\n<p><strong>Peter Prazmowski<\/strong>, director ejecutivo del<strong>&nbsp;Consejo Nacional de Competitividad<\/strong>&nbsp;(CNC), explic\u00f3 que \u00abRep\u00fablica de Ideas\u00bb es un concurso nacional que invita a la ciudadan\u00eda a imaginar el futuro de la Rep\u00fablica Dominicana hacia 2036, proponiendo soluciones para el crecimiento del pa\u00eds.<\/p>\n\n\n\n<p>Las ideas deben estar enfocadas en tres ejes fundamentales:&nbsp;<strong>educaci\u00f3n, agroindustria y mipymes<\/strong>.<\/p>\n\n\n\n<p>En el eje de educaci\u00f3n, se busca transformar la experiencia educativa de los j\u00f3venes para prevenir la deserci\u00f3n y prepararlos para un futuro laboral significativo.<\/p>\n\n\n\n<p>En agroindustria, se espera impulsar la modernizaci\u00f3n del sector con soluciones accesibles y replicables en todo el territorio nacional.<\/p>\n\n\n\n<p>Para las mipymes, el foco est\u00e1 en c\u00f3mo potenciar su competitividad y sostenibilidad en sus respectivos contextos.<\/p>\n\n\n\n<p>La participaci\u00f3n es gratuita y abierta para todos los dominicanos mayores de 18 a\u00f1os, tanto residentes en el pa\u00eds como miembros de la di\u00e1spora, as\u00ed como para extranjeros con residencia legal.<\/p>\n\n\n\n<figure class=\"wp-block-image size-full\"><img loading=\"lazy\" decoding=\"async\" width=\"698\" height=\"771\" src=\"https:\/\/samantharadionline.com\/wp-content\/uploads\/2025\/07\/image-10.png\" alt=\"\" class=\"wp-image-17660\" srcset=\"https:\/\/samantharadionline.com\/wp-content\/uploads\/2025\/07\/image-10.png 698w, https:\/\/samantharadionline.com\/wp-content\/uploads\/2025\/07\/image-10-272x300.png 272w\" sizes=\"auto, (max-width: 698px) 100vw, 698px\" \/><\/figure>\n\n\n\n<p>Las postulaciones deben hacerse en equipos de tres a cinco personas a trav\u00e9s del portal: www.republicadeideas.do. La convocatoria se extiende de julio a septiembre de 2025, e incluir\u00e1 webinars y mentor\u00edas durante agosto y septiembre.<\/p>\n\n\n\n<h3 class=\"wp-block-heading\">Premios e hitos<\/h3>\n\n\n\n<p>En noviembre de 2025, se seleccionar\u00e1n 50 equipos finalistas, quienes recibir\u00e1n entre US1,000 y US2,000 cada uno, adem\u00e1s de acompa\u00f1amiento t\u00e9cnico y acceso a redes internacionales al participar en el \u201ccampamento de ideas\u201d.<\/p>\n\n\n\n<p>La ceremonia de premiaci\u00f3n se celebrar\u00e1 en enero de 2026 durante una \u201c<strong>Expo Nacional<\/strong>\u201d, donde se escoger\u00e1n dos equipos ganadores por cada una de las tres categor\u00edas.<\/p>\n\n\n\n<p>Estas categor\u00edas son: \u00abIdea Conceptual\u00bb: Para soluciones claras a problemas identificados con alto potencial de desarrollo.<\/p>\n\n\n\n<p>\u00abIdea Probada\u00bb: Para propuestas ya validadas en contextos reales o simulados. \u00abProducto o Servicio Existente\u00bb: Para soluciones ya en operaci\u00f3n con resultados medibles.<\/p>\n\n\n\n<p>El primer lugar de cada categor\u00eda ser\u00e1 premiado con US$25,000, mientras que el segundo obtendr\u00e1 US$15,000. En total, seis equipos ser\u00e1n reconocidos.<\/p>\n\n\n\n<h3 class=\"wp-block-heading\">Meta RD 2036<\/h3>\n\n\n\n<p>El concurso forma parte del plan estrat\u00e9gico Meta RD 2036, una hoja de ruta dise\u00f1ada para convertir a la Rep\u00fablica Dominicana en un pa\u00eds plenamente desarrollado para el a\u00f1o 2036.<\/p>\n\n\n\n<p>Este plan busca duplicar el&nbsp;<strong>Producto Interno Bruto<\/strong>&nbsp;(<strong>PIB<\/strong>) y promover reformas estructurales que impulsen una mayor equidad, calidad de vida y oportunidades en todo el territorio nacional.<\/p>\n\n\n\n<p>\u00abLa Rep\u00fablica Dominicana del 2036 que anhelamos no ser\u00e1 fruto del azar ni de unos pocos. Ser\u00e1 la obra colectiva de una generaci\u00f3n que entendi\u00f3 su responsabilidad hist\u00f3rica. Una generaci\u00f3n que no se resign\u00f3 al presente, sino que tuvo el coraje de imaginar un pa\u00eds mejor y hacerlo posible\u201d, exclam\u00f3 el&nbsp;<strong>presidente Abinader<\/strong>.<\/p>\n","protected":false},"excerpt":{"rendered":"<p>El mandatario expres\u00f3 que el objetivo es que estas \u00abbuenas ideas se conviertan en pol\u00edticas<\/p>\n","protected":false},"author":1,"featured_media":17659,"comment_status":"open","ping_status":"open","sticky":false,"template":"","format":"standard","meta":{"footnotes":""},"categories":[12],"tags":[],"class_list":["post-17658","post","type-post","status-publish","format-standard","has-post-thumbnail","hentry","category-nacionales"],"_links":{"self":[{"href":"https:\/\/samantharadionline.com\/index.php\/wp-json\/wp\/v2\/posts\/17658","targetHints":{"allow":["GET"]}}],"collection":[{"href":"https:\/\/samantharadionline.com\/index.php\/wp-json\/wp\/v2\/posts"}],"about":[{"href":"https:\/\/samantharadionline.com\/index.php\/wp-json\/wp\/v2\/types\/post"}],"author":[{"embeddable":true,"href":"https:\/\/samantharadionline.com\/index.php\/wp-json\/wp\/v2\/users\/1"}],"replies":[{"embeddable":true,"href":"https:\/\/samantharadionline.com\/index.php\/wp-json\/wp\/v2\/comments?post=17658"}],"version-history":[{"count":1,"href":"https:\/\/samantharadionline.com\/index.php\/wp-json\/wp\/v2\/posts\/17658\/revisions"}],"predecessor-version":[{"id":17661,"href":"https:\/\/samantharadionline.com\/index.php\/wp-json\/wp\/v2\/posts\/17658\/revisions\/17661"}],"wp:featuredmedia":[{"embeddable":true,"href":"https:\/\/samantharadionline.com\/index.php\/wp-json\/wp\/v2\/media\/17659"}],"wp:attachment":[{"href":"https:\/\/samantharadionline.com\/index.php\/wp-json\/wp\/v2\/media?parent=17658"}],"wp:term":[{"taxonomy":"category","embeddable":true,"href":"https:\/\/samantharadionline.com\/index.php\/wp-json\/wp\/v2\/categories?post=17658"},{"taxonomy":"post_tag","embeddable":true,"href":"https:\/\/samantharadionline.com\/index.php\/wp-json\/wp\/v2\/tags?post=17658"}],"curies":[{"name":"wp","href":"https:\/\/api.w.org\/{rel}","templated":true}]}}