{"id":17651,"date":"2025-07-25T08:24:47","date_gmt":"2025-07-25T12:24:47","guid":{"rendered":"https:\/\/samantharadionline.com\/?p=17651"},"modified":"2025-07-25T08:24:48","modified_gmt":"2025-07-25T12:24:48","slug":"francia-anuncia-reconocimiento-oficial-del-estado-palestino-en-septiembre","status":"publish","type":"post","link":"https:\/\/samantharadionline.com\/index.php\/2025\/07\/25\/francia-anuncia-reconocimiento-oficial-del-estado-palestino-en-septiembre\/","title":{"rendered":"Francia anuncia reconocimiento oficial del Estado Palestino en septiembre"},"content":{"rendered":"\n<p class=\"has-medium-font-size\"><em>Es \u201cuna posici\u00f3n de principios\u201d orientada a promover una soluci\u00f3n pac\u00edfica de dos Estados, conforme a las resoluciones internacionales<\/em><\/p>\n\n\n\n<p>Samantha Radio Online, <strong>Santo Domingo, R.D.<\/strong><\/p>\n\n\n\n<p>El presidente de Francia, Emmanuel Macron, ha declarado que su pa\u00eds reconocer\u00e1 oficialmente al Estado palestino en septiembre, una decisi\u00f3n que marca un punto de inflexi\u00f3n en la pol\u00edtica internacional sobre el prolongado conflicto israel\u00ed-palestino.<\/p>\n\n\n\n<h3 class=\"wp-block-heading\">\ud83d\udccc Contexto del anuncio<\/h3>\n\n\n\n<p>Durante una conferencia diplom\u00e1tica en Par\u00eds, Macron manifest\u00f3 que el reconocimiento es \u201cuna posici\u00f3n de principios\u201d orientada a promover una soluci\u00f3n pac\u00edfica de dos Estados, conforme a las resoluciones internacionales. El mandatario afirm\u00f3 que este paso busca reactivar el proceso de paz, estancado en los \u00faltimos a\u00f1os.<\/p>\n\n\n\n<h3 class=\"wp-block-heading\">\ud83c\udf0d Impacto internacional<\/h3>\n\n\n\n<p>Francia se convierte en uno de los primeros pa\u00edses europeos con influencia global en tomar esta medida de forma unilateral. Aunque otras naciones como Suecia ya han reconocido al Estado palestino, el gesto franc\u00e9s podr\u00eda catalizar una reacci\u00f3n en cadena dentro de la Uni\u00f3n Europea y otros organismos multilaterales.<\/p>\n\n\n\n<p>Expertos se\u00f1alan que el anuncio env\u00eda un fuerte mensaje diplom\u00e1tico en medio de la creciente tensi\u00f3n en Medio Oriente, especialmente tras el reciente conflicto entre Israel e Ir\u00e1n y las manifestaciones por derechos palestinos en distintas regiones.<\/p>\n\n\n\n<h3 class=\"wp-block-heading\"> Reacciones de Israel<\/h3>\n\n\n\n<p>El gobierno israel\u00ed expres\u00f3 su desaprobaci\u00f3n, calificando el gesto como \u201ccontraproducente\u201d para el proceso de paz. Fuentes oficiales indicaron que el reconocimiento sin negociaciones directas con Israel podr\u00eda dificultar futuras conversaciones bilaterales.<\/p>\n\n\n\n<h3 class=\"wp-block-heading\">\ud83d\udd4a\ufe0f El camino hacia una soluci\u00f3n<\/h3>\n\n\n\n<p>Macron subray\u00f3 que el reconocimiento ser\u00e1 acompa\u00f1ado de un paquete diplom\u00e1tico que incluye apoyo humanitario, mediaci\u00f3n pol\u00edtica y colaboraci\u00f3n con actores regionales. Francia planea trabajar junto a la ONU y otras potencias para asegurar que la decisi\u00f3n fortalezca la estabilidad en la regi\u00f3n.<\/p>\n\n\n\n<h3 class=\"wp-block-heading\">\ud83d\udce3 Voces palestinas<\/h3>\n\n\n\n<p>La Autoridad Nacional Palestina celebr\u00f3 el anuncio como \u201chist\u00f3rico\u201d y \u201cleg\u00edtimo\u201d, afirmando que representa el respaldo internacional necesario para el pueblo palestino en su b\u00fasqueda de autodeterminaci\u00f3n, soberan\u00eda y respeto de sus derechos fundamentales.<\/p>\n","protected":false},"excerpt":{"rendered":"<p>Es \u201cuna posici\u00f3n de principios\u201d orientada a promover una soluci\u00f3n pac\u00edfica de dos Estados, conforme<\/p>\n","protected":false},"author":1,"featured_media":17652,"comment_status":"open","ping_status":"open","sticky":false,"template":"","format":"standard","meta":{"footnotes":""},"categories":[4],"tags":[],"class_list":["post-17651","post","type-post","status-publish","format-standard","has-post-thumbnail","hentry","category-mundiales"],"_links":{"self":[{"href":"https:\/\/samantharadionline.com\/index.php\/wp-json\/wp\/v2\/posts\/17651","targetHints":{"allow":["GET"]}}],"collection":[{"href":"https:\/\/samantharadionline.com\/index.php\/wp-json\/wp\/v2\/posts"}],"about":[{"href":"https:\/\/samantharadionline.com\/index.php\/wp-json\/wp\/v2\/types\/post"}],"author":[{"embeddable":true,"href":"https:\/\/samantharadionline.com\/index.php\/wp-json\/wp\/v2\/users\/1"}],"replies":[{"embeddable":true,"href":"https:\/\/samantharadionline.com\/index.php\/wp-json\/wp\/v2\/comments?post=17651"}],"version-history":[{"count":1,"href":"https:\/\/samantharadionline.com\/index.php\/wp-json\/wp\/v2\/posts\/17651\/revisions"}],"predecessor-version":[{"id":17653,"href":"https:\/\/samantharadionline.com\/index.php\/wp-json\/wp\/v2\/posts\/17651\/revisions\/17653"}],"wp:featuredmedia":[{"embeddable":true,"href":"https:\/\/samantharadionline.com\/index.php\/wp-json\/wp\/v2\/media\/17652"}],"wp:attachment":[{"href":"https:\/\/samantharadionline.com\/index.php\/wp-json\/wp\/v2\/media?parent=17651"}],"wp:term":[{"taxonomy":"category","embeddable":true,"href":"https:\/\/samantharadionline.com\/index.php\/wp-json\/wp\/v2\/categories?post=17651"},{"taxonomy":"post_tag","embeddable":true,"href":"https:\/\/samantharadionline.com\/index.php\/wp-json\/wp\/v2\/tags?post=17651"}],"curies":[{"name":"wp","href":"https:\/\/api.w.org\/{rel}","templated":true}]}}