{"id":17642,"date":"2025-07-24T16:08:30","date_gmt":"2025-07-24T20:08:30","guid":{"rendered":"https:\/\/samantharadionline.com\/?p=17642"},"modified":"2025-07-24T16:08:31","modified_gmt":"2025-07-24T20:08:31","slug":"codigo-penal-regresa-al-senado-hay-2-articulos-que-no-fueron-enviados-y-los-diputados-los-incluiran","status":"publish","type":"post","link":"https:\/\/samantharadionline.com\/index.php\/2025\/07\/24\/codigo-penal-regresa-al-senado-hay-2-articulos-que-no-fueron-enviados-y-los-diputados-los-incluiran\/","title":{"rendered":"C\u00f3digo Penal regresa al Senado: hay 2 art\u00edculos que no fueron enviados y los diputados los incluir\u00e1n"},"content":{"rendered":"\n<p class=\"has-medium-font-size\"><em>Pacheco comunic\u00f3 que los diputados pretenden realizar modificaciones, las cuales deber\u00e1n ser ratificadas por los senadores. De lo contrario, el proyecto de ley tendr\u00e1 que ser sometido nuevamente al comienzo del procedimiento<\/em><\/p>\n\n\n\n<figure class=\"wp-block-image\"><img decoding=\"async\" src=\"https:\/\/listindiario.com\/files\/image_60_60\/uploads\/2023\/05\/16\/64637a1e3ff38.jpeg\" alt=\"Avatar del \u00c1ngel Valdez\"\/><\/figure>\n\n\n\n<p><em>\u00a0<\/em>\u00c1ngel Valdez, <strong>Santo Domingo, RD.\u00a0<\/strong><\/p>\n\n\n\n<p>El&nbsp;<strong>Senado de la Rep\u00fablica<\/strong>&nbsp;aprob\u00f3 el pasado lunes en segunda discusi\u00f3n el proyecto de ley que tiene el objetivo de reformar el&nbsp;<strong>C\u00f3digo Penal<\/strong>&nbsp;del pa\u00eds, adicionando m\u00e1s de 70 tipificaciones penales y aumentando las penas de diversos delitos.<\/p>\n\n\n\n<p>El procedimiento legislativo del&nbsp;<strong>Congreso Nacional<\/strong>&nbsp;establece que, luego de aprobarlo en dos lecturas, la pieza debe ser enviada a la C\u00e1mara de Diputados y, en caso de ser favorecida de la misma manera, pasar\u00eda al&nbsp;<strong>Poder Ejecutivo<\/strong>&nbsp;para su promulgaci\u00f3n.<\/p>\n\n\n\n<p>Es por esta raz\u00f3n que los representantes de la c\u00e1mara baja, al recibir mi\u00e9rcoles el documento legislativo, lo aprobaron en primera lectura, declar\u00e1ndolo de urgencia y liberado de lectura.<\/p>\n\n\n\n<p>Momentos despu\u00e9s, convocaron a una sesi\u00f3n extraordinaria para conocerlo en segunda discusi\u00f3n, de manera \u00edntegra, revisando los m\u00e1s de 400 art\u00edculos contenidos en el proyecto de ley.<\/p>\n\n\n\n<p>Esto significa que solo restaba una aprobaci\u00f3n m\u00e1s para el&nbsp;<strong>Poder Legislativo<\/strong>&nbsp;retirar de la lista de pendientes de leyes penales.<\/p>\n\n\n\n<p>Pero, seg\u00fan inform\u00f3 el presidente de los diputados,&nbsp;<strong>Alfredo Pacheco<\/strong>, esto ser\u00e1 impedido por varios art\u00edculos que no fueron contemplados por los senadores, por lo que la pieza, inevitablemente, deber\u00e1 regresar al Senado para ser conocida en una \u00fanica lectura, si fuese aprobada por los diputados.<\/p>\n\n\n\n<p>Adem\u00e1s, Pacheco comunic\u00f3 que los diputados pretenden realizar modificaciones, las cuales deber\u00e1n ser ratificadas por los senadores. De lo contrario, el proyecto de ley tendr\u00e1 que ser sometido nuevamente al comienzo del procedimiento.<\/p>\n\n\n\n<p>Esto teniendo en cuenta que los congresistas \u00fanicamente tienen hasta el s\u00e1bado 26 de julio para sesionar, ya que ese d\u00eda culmina la primera legislatura ordinaria del cuatrienio 2024-2028.<\/p>\n\n\n\n<p>\u201cHubo un par de art\u00edculos que&nbsp;<strong>no fueron contemplados en el Senado y que se brincaron.<\/strong>&nbsp;Ya lo encontraron y nos lo mandaron, entonces en las modificaciones que (realizaremos) hoy vamos a incluir esos art\u00edculos\u201d, dijo Pacheco.<\/p>\n\n\n\n<p>El congresista comparti\u00f3 esta informaci\u00f3n al encabezar esta ma\u00f1ana la reuni\u00f3n de la comisi\u00f3n coordinadora de la&nbsp;<strong>C\u00e1mara de Diputados,<\/strong>&nbsp;donde las bancadas pol\u00edticas definir\u00e1n el mecanismo para los debates que se desarrollar\u00e1n en la sesi\u00f3n de esta tarde.<\/p>\n\n\n\n<p>\u201cNosotros pretendemos hacer la votaci\u00f3n a las 8:00 de la noche, si hay condiciones. Si no, entonces lo haremos ma\u00f1ana (viernes)\u201d, indic\u00f3.<\/p>\n\n\n\n<p><strong>Disposici\u00f3n del Senado<\/strong><\/p>\n\n\n\n<p>Mientras tanto, el presidente del Senado de la Rep\u00fablica,&nbsp;<strong>Ricardo de los Santos<\/strong>, asegur\u00f3 que el \u00f3rgano est\u00e1 en disposici\u00f3n de convocar el s\u00e1bado para convertir en ley la reforma del marco penal.<\/p>\n\n\n\n<p>\u201cEstamos en plena de disposici\u00f3n de entregarle un C\u00f3digo Penal a la Rep\u00fablica Dominicana\u201d, dijo De los Santos.<\/p>\n\n\n\n<p><strong>Posible retraso<\/strong><\/p>\n\n\n\n<p>En la sesi\u00f3n celebrada el mi\u00e9rcoles, el diputado Eugenio Cede\u00f1o, siendo el \u00fanico en tomar un turno a la palabra antes de que fuese aprobado, consider\u00f3 que la forma correcta de tratar el proyecto de ley era entregarlo a una comisi\u00f3n para su estudio.<\/p>\n\n\n\n<p>Aunque su recomendaci\u00f3n no fue presentada como moci\u00f3n, los diputados la asumieron, por lo que podr\u00eda provocar el retraso de su aprobaci\u00f3n.<\/p>\n","protected":false},"excerpt":{"rendered":"<p>Pacheco comunic\u00f3 que los diputados pretenden realizar modificaciones, las cuales deber\u00e1n ser ratificadas por los<\/p>\n","protected":false},"author":1,"featured_media":17643,"comment_status":"open","ping_status":"open","sticky":false,"template":"","format":"standard","meta":{"footnotes":""},"categories":[12],"tags":[],"class_list":["post-17642","post","type-post","status-publish","format-standard","has-post-thumbnail","hentry","category-nacionales"],"_links":{"self":[{"href":"https:\/\/samantharadionline.com\/index.php\/wp-json\/wp\/v2\/posts\/17642","targetHints":{"allow":["GET"]}}],"collection":[{"href":"https:\/\/samantharadionline.com\/index.php\/wp-json\/wp\/v2\/posts"}],"about":[{"href":"https:\/\/samantharadionline.com\/index.php\/wp-json\/wp\/v2\/types\/post"}],"author":[{"embeddable":true,"href":"https:\/\/samantharadionline.com\/index.php\/wp-json\/wp\/v2\/users\/1"}],"replies":[{"embeddable":true,"href":"https:\/\/samantharadionline.com\/index.php\/wp-json\/wp\/v2\/comments?post=17642"}],"version-history":[{"count":1,"href":"https:\/\/samantharadionline.com\/index.php\/wp-json\/wp\/v2\/posts\/17642\/revisions"}],"predecessor-version":[{"id":17644,"href":"https:\/\/samantharadionline.com\/index.php\/wp-json\/wp\/v2\/posts\/17642\/revisions\/17644"}],"wp:featuredmedia":[{"embeddable":true,"href":"https:\/\/samantharadionline.com\/index.php\/wp-json\/wp\/v2\/media\/17643"}],"wp:attachment":[{"href":"https:\/\/samantharadionline.com\/index.php\/wp-json\/wp\/v2\/media?parent=17642"}],"wp:term":[{"taxonomy":"category","embeddable":true,"href":"https:\/\/samantharadionline.com\/index.php\/wp-json\/wp\/v2\/categories?post=17642"},{"taxonomy":"post_tag","embeddable":true,"href":"https:\/\/samantharadionline.com\/index.php\/wp-json\/wp\/v2\/tags?post=17642"}],"curies":[{"name":"wp","href":"https:\/\/api.w.org\/{rel}","templated":true}]}}