{"id":17446,"date":"2025-07-17T15:55:40","date_gmt":"2025-07-17T19:55:40","guid":{"rendered":"https:\/\/samantharadionline.com\/?p=17446"},"modified":"2025-07-17T15:57:42","modified_gmt":"2025-07-17T19:57:42","slug":"develan-escenarios-para-rd-ante-aranceles-de-trump","status":"publish","type":"post","link":"https:\/\/samantharadionline.com\/index.php\/2025\/07\/17\/develan-escenarios-para-rd-ante-aranceles-de-trump\/","title":{"rendered":"Develan escenarios para RD ante aranceles de Trump"},"content":{"rendered":"\n<p class=\"has-medium-font-size\"><em>Esto puede ser un punto de quiebre en la econom\u00eda, en un futuro cercano, ya que en 2023 y 2024, el 66% de las exportaciones del pa\u00eds salieron de esa actividad<\/em><\/p>\n\n\n\n<figure class=\"wp-block-image\"><img decoding=\"async\" src=\"https:\/\/listindiario.com\/files\/image_60_60\/uploads\/2023\/05\/16\/64637bb503407.jpeg\" alt=\"Avatar del C\u00e1ndida Acosta\"\/><\/figure>\n\n\n\n<p><em>\u00a0<\/em>C\u00e1ndida Acosta, <strong>Santo Domingo, RD<\/strong><\/p>\n\n\n\n<p>Los economistas Alberto Veloz y Luis Vargas y el experto en Aduanas Eduardo Rodr\u00edguez develan efectos de la pol\u00edtica arancelaria de Estados Unidos sobre la econom\u00eda dominicana, en el segundo coloquio auspiciado por el Centro de Estudios Econ\u00f3mico y Sociales Padre Jos\u00e9 Luis Alem\u00e1n, S.J., CEPA.<\/p>\n\n\n\n<p>El coloquio es&nbsp;<strong>coordinado por el equipo de an\u00e1lisis econ\u00f3mico (EAE) de la Pontificia Universidad Cat\u00f3lica Madre y Maestra (PUCMM)<\/strong>, y fue realizado este mi\u00e9rcoles 16, en la alta casa de estudios.<\/p>\n\n\n\n<p>Alberto Veloz llam\u00f3 la atenci\u00f3n sobre el predominio de las exportaciones de zonas francas y dijo que esto puede ser un punto de quiebre en la econom\u00eda, en un futuro cercano, ya que en 2023 y 2024, el 66% de las exportaciones del pa\u00eds salieron de esa actividad.<\/p>\n\n\n\n<p>El principal rengl\u00f3n de exportaci\u00f3n de zonas francas son instrumentos de medicina y cirug\u00eda, en cuyo r\u00e9gimen el valor agregado es determinado por la fuerza laboral empleada.<\/p>\n\n\n\n<p>Se\u00f1al\u00f3 que&nbsp;<strong>las exportaciones a Estados Unidos llegaron a US$12,900 millones<\/strong>, en 2024, de las cuales correspondieron al sector de zonas francas US$8,607 millones.<\/p>\n\n\n\n<p>El economista Luis Vargas dijo que la econom\u00eda dominicana se encuentra azotada por la crisis mundial, en particular la de Estados Unidos, con estrechos lazos de dependencia y la de la Rep\u00fablica de China, vinculada al socavamiento de la matriz productiva y ocupacional nacional.<\/p>\n\n\n\n<p>\u201cEn tal tenor, habr\u00eda que evaluar las opciones factibles de emprender tanto un proceso de reindustrializaci\u00f3n como de re-agriculturizaci\u00f3n, capaces ambos de afincarse en la innovaci\u00f3n tecnol\u00f3gica, la identidad nacional y sobre todo, la creaci\u00f3n de una sociedad y naci\u00f3n de car\u00e1cter democr\u00e1tico, republicano y solidario\u201d, afirm\u00f3.<\/p>\n\n\n\n<p>Desde el \u201cD\u00eda de Liberaci\u00f3n\u201d, el 2 de abril, hasta el 1 de agosto, pasando por el 9 de julio, el mercado de bienes mundial se encuentra en un estado de zozobra ante la escalada imparable de los aranceles \u201crec\u00edprocos\u201d, indic\u00f3.<\/p>\n\n\n\n<p>Y, hasta este momento, se ha amenazado con gravar a los m\u00e1s importantes socios comerciales con un 54% a China, 35% a Canad\u00e1, 30% a M\u00e9xico y Uni\u00f3n Europea y 25% a Jap\u00f3n.<\/p>\n\n\n\n<p>\u201cDesde 2019 hasta 2024, el crecimiento anual del producto interno bruto real se ha desplomado de 2,6% a 1,8%, anotando la baj\u00edsima cifra negativa de 2,2% durante la pandemia de Covid-19 en 2020 y la alt\u00edsima cota de 6,1% en calidad de rebrote de las actividades productivas ocupacionales en el siguiente a\u00f1o de 2021\u201d, se\u00f1al\u00f3.<\/p>\n\n\n\n<p>Manifest\u00f3 que a final de este ano de 2025, el PBIR alcance apenas 1,7%, a sabiendas que ya en los primeros tres meses transcurridos de este a\u00f1o en curso, en comparaci\u00f3n con similar lapso del a\u00f1o anterior, el PBIR retrocedido hasta -0,2% desde 1,6%.<\/p>\n\n\n\n<p>Para el economista, entre 2019 y 2025 el d\u00e9ficit mercantil de bienes brincar\u00e1 de 3.9% a casi 4.1%, con respecto al PBI nominal, y el saldo en rojo de las cuentas fiscales se empinar\u00e1 a 6.5% de 4.6%, con un consecuente escalonamiento de deuda p\u00fablica desde 78.0% a 101.6%.<\/p>\n\n\n\n<h3 class=\"wp-block-heading\">Eduardo Rodr\u00edguez valora ventajas de RD<\/h3>\n\n\n\n<p>El asesor de Aduanas destaca que las tarifas impuestas en EE.UU. violan las reglas del comercio multilateral de comercio, establecidas en la Organizaci\u00f3n Mundial del Comercio (OMC), adem\u00e1s de aumentos de costos de transporte log\u00edstica, y retrasos en Aduanas.<\/p>\n\n\n\n<p>Como tambi\u00e9n, alteraci\u00f3n de cadenas de suministro, impacto en el comercio transfronterizo y violaci\u00f3n a los acuerdos de OMC y regionales USMCA, DR-Cafta y otros.<\/p>\n\n\n\n<p>Asimismo, volatilidad en las en las tarifas de fletes mar\u00edtimos, y reconfiguraci\u00f3n de redes de transporte.<\/p>\n\n\n\n<p>Rodr\u00edguez cit\u00f3 el impacto negativo de los aranceles, se\u00f1alados por la OMC, se\u00f1al\u00f3 ideas para reformar el comercio global y los elementos contradictorios y sus efectos en la log\u00edstica de distribuci\u00f3n internacional de bienes.<\/p>\n\n\n\n<p>No obstante, destac\u00f3 las ventajas de la econom\u00eda dominicana al ser la de mayor y m\u00e1s r\u00e1pido crecimiento en la regi\u00f3n de Am\u00e9rica Latina, con una proyecci\u00f3n de 3.5% del PIB para este a\u00f1o y de 4.5% para 2026.<\/p>\n\n\n\n<p>Adem\u00e1s de su ubicaci\u00f3n geogr\u00e1fica, mano de obra competitiva, log\u00edstica y conectividad de clase mundial, indic\u00f3, la econom\u00eda dominicana es una econom\u00eda abierta y pro-empresa.<\/p>\n\n\n\n<p>Asimismo, destac\u00f3 la favorable calificaci\u00f3n otorgada por las firmas de inversi\u00f3n, la conectividad mar\u00edtima, que es de las m\u00e1s importantes en ALC; y que es la tercera de mayor \u00edndice de conectividad a\u00e9rea.<\/p>\n\n\n\n<p>En facilitaci\u00f3n de comercio, se\u00f1al\u00f3 el despacho 24 horas, las 670 certificaciones OEA (Operador Econ\u00f3mico Autorizado); y el despacho de m\u00e1s de 80,000 contenedores en 24 horas, entre otros.&nbsp;<\/p>\n","protected":false},"excerpt":{"rendered":"<p>Esto puede ser un punto de quiebre en la econom\u00eda, en un futuro cercano, ya<\/p>\n","protected":false},"author":1,"featured_media":17448,"comment_status":"open","ping_status":"open","sticky":false,"template":"","format":"standard","meta":{"footnotes":""},"categories":[10],"tags":[],"class_list":["post-17446","post","type-post","status-publish","format-standard","has-post-thumbnail","hentry","category-economica"],"_links":{"self":[{"href":"https:\/\/samantharadionline.com\/index.php\/wp-json\/wp\/v2\/posts\/17446","targetHints":{"allow":["GET"]}}],"collection":[{"href":"https:\/\/samantharadionline.com\/index.php\/wp-json\/wp\/v2\/posts"}],"about":[{"href":"https:\/\/samantharadionline.com\/index.php\/wp-json\/wp\/v2\/types\/post"}],"author":[{"embeddable":true,"href":"https:\/\/samantharadionline.com\/index.php\/wp-json\/wp\/v2\/users\/1"}],"replies":[{"embeddable":true,"href":"https:\/\/samantharadionline.com\/index.php\/wp-json\/wp\/v2\/comments?post=17446"}],"version-history":[{"count":1,"href":"https:\/\/samantharadionline.com\/index.php\/wp-json\/wp\/v2\/posts\/17446\/revisions"}],"predecessor-version":[{"id":17447,"href":"https:\/\/samantharadionline.com\/index.php\/wp-json\/wp\/v2\/posts\/17446\/revisions\/17447"}],"wp:featuredmedia":[{"embeddable":true,"href":"https:\/\/samantharadionline.com\/index.php\/wp-json\/wp\/v2\/media\/17448"}],"wp:attachment":[{"href":"https:\/\/samantharadionline.com\/index.php\/wp-json\/wp\/v2\/media?parent=17446"}],"wp:term":[{"taxonomy":"category","embeddable":true,"href":"https:\/\/samantharadionline.com\/index.php\/wp-json\/wp\/v2\/categories?post=17446"},{"taxonomy":"post_tag","embeddable":true,"href":"https:\/\/samantharadionline.com\/index.php\/wp-json\/wp\/v2\/tags?post=17446"}],"curies":[{"name":"wp","href":"https:\/\/api.w.org\/{rel}","templated":true}]}}