{"id":17443,"date":"2025-07-17T15:53:01","date_gmt":"2025-07-17T19:53:01","guid":{"rendered":"https:\/\/samantharadionline.com\/?p=17443"},"modified":"2025-07-17T15:53:02","modified_gmt":"2025-07-17T19:53:02","slug":"pasajeros-se-molestan-por-el-transito-en-villa-mella-tras-cierre-de-estaciones-del-metro","status":"publish","type":"post","link":"https:\/\/samantharadionline.com\/index.php\/2025\/07\/17\/pasajeros-se-molestan-por-el-transito-en-villa-mella-tras-cierre-de-estaciones-del-metro\/","title":{"rendered":"Pasajeros se molestan por el tr\u00e1nsito en Villa Mella, tras cierre de estaciones del Metro"},"content":{"rendered":"\n<p class=\"has-medium-font-size\"><em>Residentes de Villa Mella y Los Guaricanos se quejan por el servicio brindado de la OMSA debido a la suspensi\u00f3n del Metro en cinco estaciones\u00a0<\/em><\/p>\n\n\n\n<figure class=\"wp-block-image\"><img decoding=\"async\" src=\"https:\/\/listindiario.com\/files\/image_60_60\/uploads\/2024\/07\/02\/66847150a5ccb.jpeg\" alt=\"Avatar del Rosa Luna\"\/><\/figure>\n\n\n\n<p><em>\u00a0<\/em>Rosa Luna, <strong>Santo Domingo, RD<\/strong><\/p>\n\n\n\n<p>Desde tempranas horas de la ma\u00f1ana, los tapones en\u00a0<strong>Villa Mella<\/strong>,<strong>\u00a0Santo Domingo Norte<\/strong>, no han cesado, causando incomodidades a los ciudadanos que hacen uso de la Operadora Metropolitana de Servicios de Autobuses (<strong>OMSA<\/strong>),\u00a0trasel\u00a0cierre de cinco estaciones de la\u00a0<strong>L\u00ednea 1 del Metro de Santo Domingo.<\/strong><\/p>\n\n\n\n<p>Cristal Rosario, quien se dirige a su trabajo a las 12:00 del mediod\u00eda, opt\u00f3 por salir dos horas antes para llegar a tiempo debido a los tapones en la zona.<\/p>\n\n\n\n<p>\u201cAyer me mont\u00e9 en la&nbsp;<strong>OMSA&nbsp;<\/strong>faltando poco para el mediod\u00eda porque es a la hora que entro a trabajar, pero solo de trayecto a la estaci\u00f3n&nbsp;<strong>Hermanas Mirabal<\/strong>&nbsp;dur\u00e9 m\u00e1s de media hora, sumando el tiempo que se tarda el autob\u00fas para salir de la parada\u201d, explic\u00f3 Rosario, asegurando que llega a su trabajo cansada por el tiempo de espera.<\/p>\n\n\n\n<p>Otra que dijo sentirse casada por el trayecto a las&nbsp;<strong>estaciones&nbsp;<\/strong>fue Dulce de Le\u00f3n, quien expres\u00f3 que ayer mi\u00e9rcoles lleg\u00f3 tarde a su trabajo por el&nbsp;<strong>caos vehicular en Villa Mella.<\/strong><\/p>\n\n\n\n<p>\u201cAyer llegu\u00e9 tarde a mi trabajo y hoy voy por el mismo camino porque el tap\u00f3n de este lado est\u00e1 cada d\u00eda peor y esta&nbsp;<strong>OMSA&nbsp;<\/strong>dura mucho para arrancar. Ellos dicen que tienen que montar una cierta cantidad, pero eso nos afecta a las personas que andamos r\u00e1pido\u201d, expres\u00f3 de Le\u00f3n, disgustada por la situaci\u00f3n.<\/p>\n\n\n\n<p><strong>Lea tambi\u00e9n<\/strong><\/p>\n\n\n\n<h3 class=\"wp-block-heading\">Servicio de OMSA en Villa Mella<\/h3>\n\n\n\n<figure class=\"wp-block-image\" id=\"m7032-7031-7033\"><img decoding=\"async\" src=\"https:\/\/listindiario.com\/files\/vertical_main_image\/uploads\/2025\/07\/16\/6877cd4b63eef.jpeg\" alt=\"Ciudadanos abordan autob\u00fas de la OMSA\"\/><figcaption class=\"wp-element-caption\">Ciudadanos abordan autob\u00fas de la OMSALeonel Matos \/ List\u00edn Diario<\/figcaption><\/figure>\n\n\n\n<p>El&nbsp;<strong>servicio&nbsp;<\/strong>est\u00e1 disponible desde las 5:00 de la ma\u00f1ana hasta las 11:00 de la noche y al menos&nbsp;<strong>60 autobuses&nbsp;<\/strong>se encuentran disponibles para transportar a los&nbsp;<strong>pasajeros del metro.<\/strong><\/p>\n\n\n\n<p>Colaboradores de la OMSA y el Metro de Santo Domingo dijeron que en horas pico los autobuses est\u00e1n capacitados para trasladar unas 70 personas y en&nbsp;<strong>horario regular.<\/strong><\/p>\n\n\n\n<p>Recordar que la suspensi\u00f3n del transporte ferrocarril se debe a los trabajos para ampliar la capacidad de la\u00a0<strong>L\u00ednea 1 del Metro de Santo Domingo<\/strong>\u00a0y permitir la circulaci\u00f3n de trenes de\u00a0<strong>seis vagones.<\/strong> <\/p>\n\n\n\n<p><strong>Lea tambi\u00e9n<\/strong><\/p>\n\n\n\n<p>La instituci\u00f3n inform\u00f3 a la poblaci\u00f3n que desde el mi\u00e9rcoles 16 al viernes 18 de julio, el servicio permanecer\u00e1 interrumpido entre las estaciones&nbsp;<strong>Francisco Pe\u00f1a G\u00f3mez<\/strong>, ubicada en el sector<strong>&nbsp;Los Guaricanos,<\/strong>&nbsp;y<strong>&nbsp;Mam\u00e1 Ting\u00f3<\/strong>, en&nbsp;<strong>Villa Mella<\/strong>. Mientras que el s\u00e1bado 19 y el domingo 20, la suspensi\u00f3n abarcar\u00e1 el tramo comprendido entre las estaciones&nbsp;<strong>Hermanas Mirabal<\/strong>, cercana al Parque Mirador Norte, y Mam\u00e1 Ting\u00f3.<\/p>\n","protected":false},"excerpt":{"rendered":"<p>Residentes de Villa Mella y Los Guaricanos se quejan por el servicio brindado de la<\/p>\n","protected":false},"author":1,"featured_media":17444,"comment_status":"open","ping_status":"open","sticky":false,"template":"","format":"standard","meta":{"footnotes":""},"categories":[12],"tags":[],"class_list":["post-17443","post","type-post","status-publish","format-standard","has-post-thumbnail","hentry","category-nacionales"],"_links":{"self":[{"href":"https:\/\/samantharadionline.com\/index.php\/wp-json\/wp\/v2\/posts\/17443","targetHints":{"allow":["GET"]}}],"collection":[{"href":"https:\/\/samantharadionline.com\/index.php\/wp-json\/wp\/v2\/posts"}],"about":[{"href":"https:\/\/samantharadionline.com\/index.php\/wp-json\/wp\/v2\/types\/post"}],"author":[{"embeddable":true,"href":"https:\/\/samantharadionline.com\/index.php\/wp-json\/wp\/v2\/users\/1"}],"replies":[{"embeddable":true,"href":"https:\/\/samantharadionline.com\/index.php\/wp-json\/wp\/v2\/comments?post=17443"}],"version-history":[{"count":1,"href":"https:\/\/samantharadionline.com\/index.php\/wp-json\/wp\/v2\/posts\/17443\/revisions"}],"predecessor-version":[{"id":17445,"href":"https:\/\/samantharadionline.com\/index.php\/wp-json\/wp\/v2\/posts\/17443\/revisions\/17445"}],"wp:featuredmedia":[{"embeddable":true,"href":"https:\/\/samantharadionline.com\/index.php\/wp-json\/wp\/v2\/media\/17444"}],"wp:attachment":[{"href":"https:\/\/samantharadionline.com\/index.php\/wp-json\/wp\/v2\/media?parent=17443"}],"wp:term":[{"taxonomy":"category","embeddable":true,"href":"https:\/\/samantharadionline.com\/index.php\/wp-json\/wp\/v2\/categories?post=17443"},{"taxonomy":"post_tag","embeddable":true,"href":"https:\/\/samantharadionline.com\/index.php\/wp-json\/wp\/v2\/tags?post=17443"}],"curies":[{"name":"wp","href":"https:\/\/api.w.org\/{rel}","templated":true}]}}