{"id":17432,"date":"2025-07-16T16:23:09","date_gmt":"2025-07-16T20:23:09","guid":{"rendered":"https:\/\/samantharadionline.com\/?p=17432"},"modified":"2025-07-16T16:23:10","modified_gmt":"2025-07-16T20:23:10","slug":"raquel-pena-asegura-cesantia-no-sera-eliminada-en-reforma-al-codigo-laboral","status":"publish","type":"post","link":"https:\/\/samantharadionline.com\/index.php\/2025\/07\/16\/raquel-pena-asegura-cesantia-no-sera-eliminada-en-reforma-al-codigo-laboral\/","title":{"rendered":"Raquel Pe\u00f1a asegura cesant\u00eda no ser\u00e1 eliminada en reforma al C\u00f3digo Laboral"},"content":{"rendered":"\n<p class=\"has-medium-font-size\"><em>Tambi\u00e9n defendi\u00f3 la designaci\u00f3n de Mag\u00edn D\u00edaz como ministro de Hacienda<\/em><\/p>\n\n\n\n<figure class=\"wp-block-image\"><img decoding=\"async\" src=\"https:\/\/listindiario.com\/files\/image_60_60\/uploads\/2025\/07\/13\/68743be1bedc5.jpeg\" alt=\"Avatar del Sauro Scalella\"\/><\/figure>\n\n\n\n<p><em>\u00a0<\/em>Sauro Scalella, <strong>Santo Domingo, RD\u200b<\/strong><\/p>\n\n\n\n<p>La<strong>&nbsp;vicepresidenta de la Rep\u00fablica, Raquel Pe\u00f1a,<\/strong>&nbsp;asegur\u00f3 este mi\u00e9rcoles que la cesant\u00eda \u201cno ser\u00e1 tocada\u201d en la reforma al&nbsp;<strong>C\u00f3digo de Trabajo<\/strong>, como temen los principales sectores sindicales del pa\u00eds.<\/p>\n\n\n\n<p>\u201cEso no ser\u00e1 tocado. Y lo hemos dicho en todos los escenarios: la\u00a0<strong>cesant\u00eda\u00a0no ser\u00e1 tocada<\/strong>. Puede tener el pueblo dominicano, y todo el pa\u00eds, esa garant\u00eda\u201d, afirm\u00f3 Pe\u00f1a a los periodistas.<\/p>\n\n\n\n<p>Al ser consultada sobre las bajas posibilidades de aprobaci\u00f3n del C\u00f3digo en la actual legislatura, la vicepresidenta&nbsp;<strong>rechaz\u00f3 que exista un tranque&nbsp;<\/strong>en las discusiones.<\/p>\n\n\n\n<p>\u201cYo no hablar\u00eda de tranque, porque el gobierno nuestro se ha caracterizado por tener un di\u00e1logo muy abierto y por consensuar todas las medidas que nosotros tomamos\u201d, sostuvo.<\/p>\n\n\n\n<p>Mientras algunos sectores empresariales han advertido sobre los posibles riesgos econ\u00f3micos si no se modifica la figura de la&nbsp;<strong>cesant\u00eda&nbsp;<\/strong>en la reforma al<strong>&nbsp;C\u00f3digo Laboral<\/strong>, el ministro de&nbsp;<strong>Trabajo, Eddy Olivares<\/strong>, ha reiterado \u2014al igual que la vicepresidenta\u2014 que ese derecho se mantendr\u00e1 intacto.<\/p>\n\n\n\n<p>La vicemandataria record\u00f3 que la administraci\u00f3n del<strong>&nbsp;presidente Luis Abinader&nbsp;<\/strong>ha devuelto decisiones cuando ha sido necesario, priorizando siempre el consenso.<\/p>\n\n\n\n<p>Un ejemplo de ello fue el retiro inmediato de la reforma del proyecto de&nbsp;<strong>Ley de Modernizaci\u00f3n Fiscal<\/strong>, en el<strong>&nbsp;Congreso Nacional<\/strong>, tras el rechazo de m\u00faltiples sectores econ\u00f3micos y la sociedad civil.<\/p>\n\n\n\n<p><strong>Lea tambi\u00e9n<\/strong><\/p>\n\n\n\n<h3 class=\"wp-block-heading\">Sobre designaci\u00f3n de Mag\u00edn D\u00edaz<\/h3>\n\n\n\n<p><a href=\"https:\/\/listindiario.com\/economia\/20250716\/raquel-pena-asegura-cesantia-sera-eliminada-reforma-codigo-laboral_866197.html\"><\/a>Pe\u00f1a tambi\u00e9n se refiri\u00f3 a la reciente\u00a0<strong>designaci\u00f3n de\u00a0Mag\u00edn D\u00edaz<\/strong><a href=\"https:\/\/listindiario.com\/economia\/20250716\/raquel-pena-asegura-cesantia-sera-eliminada-reforma-codigo-laboral_866197.html\">\u00a0<\/a>como nuevo ministro de Hacienda, tras la<strong>\u00a0renuncia de Jochi Vicente.<\/strong><\/p>\n\n\n\n<p>\u201cEl licenciado D\u00edaz es definitivamente un tecn\u00f3crata, un conocedor de lo que son las pol\u00edticas p\u00fablicas macroecon\u00f3micas, pero tambi\u00e9n con una vasta experiencia\u201d, declar\u00f3.<\/p>\n\n\n\n<p>Record\u00f3 que la primera posici\u00f3n p\u00fablica de D\u00edaz fue en el&nbsp;<strong>gobierno de Hip\u00f3lito Mej\u00eda<\/strong>&nbsp;(2000-2004), cuando el&nbsp;<strong>Partido Revolucionario Dominicano<\/strong>&nbsp;(PRD) estaba en el poder.<\/p>\n\n\n\n<p>Y defendi\u00f3 que \u201ctenemos que seguir pensando en utilizar buenos hombres, buenas mujeres, independientemente de donde hayan trabajado en un momento determinado\u201d.<\/p>\n\n\n\n<p>La vicepresidenta asegur\u00f3 que con la&nbsp;<strong>designaci\u00f3n de D\u00edaz<\/strong>&nbsp;el Gobierno garantiza la continuidad del trabajo que realiz\u00f3 Vicente, \u201ccon mucho rigor, con mucha transparencia\u2026 siempre apuntando al crecimiento, a la estabilidad macroecon\u00f3mica, pero sobre todo al desarrollo de Rep\u00fablica Dominicana\u201d.<\/p>\n\n\n\n<p><strong>Lea tambi\u00e9n<\/strong><\/p>\n\n\n\n<h3 class=\"wp-block-heading\">Homenaje a Fello Suberv\u00ed<\/h3>\n\n\n\n<p>Durante su intervenci\u00f3n, Raquel Pe\u00f1a tambi\u00e9n dedic\u00f3 unas palabras de reconocimiento al fallecido dirigente pol\u00edtico<strong>&nbsp;Rafael \u201cFello\u201d Suberv\u00ed.<\/strong><\/p>\n\n\n\n<p>\u201cFue un luchador, un batallador para dejar un pa\u00eds mejor que como lo encontr\u00f3\u201d, expres\u00f3, destacando el legado del veterano pol\u00edtico y su compromiso con la democracia y el pueblo dominicano.<\/p>\n\n\n\n<p>\u201cVamos a seguir oyendo por muchos a\u00f1os ese gran legado que dej\u00f3&nbsp;<strong>Don Fello&nbsp;<\/strong>y ese gran ejemplo para las nuevas generaciones\u201d, dijo.<\/p>\n\n\n\n<p>La vicepresidenta acudi\u00f3 este mi\u00e9rcoles a la funeraria Blandino, en la avenida Abraham Lincoln, para rendir homenaje p\u00f3stumo a Suberv\u00ed durante las honras f\u00fanebres en su memoria.<\/p>\n","protected":false},"excerpt":{"rendered":"<p>Tambi\u00e9n defendi\u00f3 la designaci\u00f3n de Mag\u00edn D\u00edaz como ministro de Hacienda \u00a0Sauro Scalella, Santo Domingo,<\/p>\n","protected":false},"author":1,"featured_media":17434,"comment_status":"open","ping_status":"open","sticky":false,"template":"","format":"standard","meta":{"footnotes":""},"categories":[12],"tags":[],"class_list":["post-17432","post","type-post","status-publish","format-standard","has-post-thumbnail","hentry","category-nacionales"],"_links":{"self":[{"href":"https:\/\/samantharadionline.com\/index.php\/wp-json\/wp\/v2\/posts\/17432","targetHints":{"allow":["GET"]}}],"collection":[{"href":"https:\/\/samantharadionline.com\/index.php\/wp-json\/wp\/v2\/posts"}],"about":[{"href":"https:\/\/samantharadionline.com\/index.php\/wp-json\/wp\/v2\/types\/post"}],"author":[{"embeddable":true,"href":"https:\/\/samantharadionline.com\/index.php\/wp-json\/wp\/v2\/users\/1"}],"replies":[{"embeddable":true,"href":"https:\/\/samantharadionline.com\/index.php\/wp-json\/wp\/v2\/comments?post=17432"}],"version-history":[{"count":1,"href":"https:\/\/samantharadionline.com\/index.php\/wp-json\/wp\/v2\/posts\/17432\/revisions"}],"predecessor-version":[{"id":17435,"href":"https:\/\/samantharadionline.com\/index.php\/wp-json\/wp\/v2\/posts\/17432\/revisions\/17435"}],"wp:featuredmedia":[{"embeddable":true,"href":"https:\/\/samantharadionline.com\/index.php\/wp-json\/wp\/v2\/media\/17434"}],"wp:attachment":[{"href":"https:\/\/samantharadionline.com\/index.php\/wp-json\/wp\/v2\/media?parent=17432"}],"wp:term":[{"taxonomy":"category","embeddable":true,"href":"https:\/\/samantharadionline.com\/index.php\/wp-json\/wp\/v2\/categories?post=17432"},{"taxonomy":"post_tag","embeddable":true,"href":"https:\/\/samantharadionline.com\/index.php\/wp-json\/wp\/v2\/tags?post=17432"}],"curies":[{"name":"wp","href":"https:\/\/api.w.org\/{rel}","templated":true}]}}