{"id":17429,"date":"2025-07-16T16:19:30","date_gmt":"2025-07-16T20:19:30","guid":{"rendered":"https:\/\/samantharadionline.com\/?p=17429"},"modified":"2025-07-16T16:19:31","modified_gmt":"2025-07-16T20:19:31","slug":"nombramiento-de-magin-j-diaz-al-frente-de-hacienda-es-un-mal-mensaje","status":"publish","type":"post","link":"https:\/\/samantharadionline.com\/index.php\/2025\/07\/16\/nombramiento-de-magin-j-diaz-al-frente-de-hacienda-es-un-mal-mensaje\/","title":{"rendered":"Nombramiento de Magin J. D\u00edaz al frente de Hacienda es un \u00abmal mensaje\u00bb"},"content":{"rendered":"\n<p class=\"has-medium-font-size\"><em>Este fue otorgado por el presidente Luis Abinader mediante el decreto 386-25 en sustituci\u00f3n de Jochy Vicente<\/em><\/p>\n\n\n\n<figure class=\"wp-block-image\"><img decoding=\"async\" src=\"https:\/\/listindiario.com\/files\/image_60_60\/uploads\/2025\/06\/12\/684b391707e60.jpeg\" alt=\"Avatar del Nalphy Mart\u00ednez\"\/><\/figure>\n\n\n\n<p><em>\u00a0<\/em>Nalphy Mart\u00ednez, <strong>Santo Domingo, RD<\/strong><\/p>\n\n\n\n<p>Tras la reciente designaci\u00f3n como nuevo&nbsp;<strong>ministro de Hacienda<\/strong>&nbsp;al economista&nbsp;<strong>Mag\u00edn J. D\u00edaz<\/strong>, el senador de la provincia Santiago Rodr\u00edguez,&nbsp;<strong>Antonio Marte<\/strong>, consider\u00f3 que este nombramiento env\u00eda un \u201cmal mensaje\u201d al<strong>&nbsp;Partido Reformista Moderno (PRM).<\/strong><\/p>\n\n\n\n<p>\u201cEl&nbsp;<strong>PRM&nbsp;<\/strong>debe revisar a sus miembros porque parece que no hay quien tuviera la capacidad de dirigir ese puesto o hacer el trabajo que hizo&nbsp;<strong>Jochy&nbsp;<\/strong>ah\u00ed, es lo que yo digo. Entonces yo considero que al&nbsp;<strong>PRM&nbsp;<\/strong>es un mal mensaje\u201d, sostuvo el congresista.<\/p>\n\n\n\n<p>Se\u00f1al\u00f3 que D\u00edaz fue funcionario en gobiernos anteriores del&nbsp;<strong>Partido de la Liberaci\u00f3n Dominicana (PLD)<\/strong>&nbsp;y ahora ocupa una&nbsp;<strong>posici\u00f3n clave<\/strong>&nbsp;en el&nbsp;<strong>PRM&nbsp;<\/strong>que, para \u00e9l, es una falta de confianza en los dem\u00e1s miembros del partido oficialista.<\/p>\n\n\n\n<p>El nombramiento fue otorgado por el presidente Luis Abinader mediante el<strong>\u00a0decreto 386-25<\/strong>\u00a0en sustituci\u00f3n de\u00a0Jos\u00e9 Manuel (Jochy) Vicente,\u00a0quien ocup\u00f3 el puesto durante cinco a\u00f1os y present\u00f3 renuncia a la posici\u00f3n.<\/p>\n\n\n\n<p>Marte reconoci\u00f3 la trayectoria de D\u00edaz en las gestiones pasadas, pero critic\u00f3 que recibiera tal posici\u00f3n pese a su&nbsp;<strong>pasado pol\u00edtico&nbsp;<\/strong>fuera del&nbsp;<strong>PRM<\/strong>.<\/p>\n\n\n\n<p>\u201cYo lo vi funcionario en el gobierno de<strong>&nbsp;Danilo Medina,<\/strong>&nbsp;hizo buena campa\u00f1a, y hoy lo veo, ahora, siendo un gran ministro, de los primeros del PRM\u201d, indic\u00f3.<\/p>\n\n\n\n<p>Mag\u00edn D\u00edaz fue subsecretario de Estado de Finanzas en el gobierno del<strong>&nbsp;presidente Hip\u00f3lito Mej\u00eda<\/strong>. Luego se desempe\u00f1\u00f3 como viceministro de&nbsp;<strong>Pol\u00edtica Fiscal<\/strong>&nbsp;(2012-2013) y de&nbsp;<strong>Cr\u00e9dito P\u00fablico<\/strong>&nbsp;(2013-2016), consider\u00e1ndose como una de las figuras t\u00e9cnicas clave en los procesos de reformas y en negociaciones con organismos multilaterales.<\/p>\n","protected":false},"excerpt":{"rendered":"<p>Este fue otorgado por el presidente Luis Abinader mediante el decreto 386-25 en sustituci\u00f3n de<\/p>\n","protected":false},"author":1,"featured_media":17430,"comment_status":"open","ping_status":"open","sticky":false,"template":"","format":"standard","meta":{"footnotes":""},"categories":[12],"tags":[],"class_list":["post-17429","post","type-post","status-publish","format-standard","has-post-thumbnail","hentry","category-nacionales"],"_links":{"self":[{"href":"https:\/\/samantharadionline.com\/index.php\/wp-json\/wp\/v2\/posts\/17429","targetHints":{"allow":["GET"]}}],"collection":[{"href":"https:\/\/samantharadionline.com\/index.php\/wp-json\/wp\/v2\/posts"}],"about":[{"href":"https:\/\/samantharadionline.com\/index.php\/wp-json\/wp\/v2\/types\/post"}],"author":[{"embeddable":true,"href":"https:\/\/samantharadionline.com\/index.php\/wp-json\/wp\/v2\/users\/1"}],"replies":[{"embeddable":true,"href":"https:\/\/samantharadionline.com\/index.php\/wp-json\/wp\/v2\/comments?post=17429"}],"version-history":[{"count":1,"href":"https:\/\/samantharadionline.com\/index.php\/wp-json\/wp\/v2\/posts\/17429\/revisions"}],"predecessor-version":[{"id":17431,"href":"https:\/\/samantharadionline.com\/index.php\/wp-json\/wp\/v2\/posts\/17429\/revisions\/17431"}],"wp:featuredmedia":[{"embeddable":true,"href":"https:\/\/samantharadionline.com\/index.php\/wp-json\/wp\/v2\/media\/17430"}],"wp:attachment":[{"href":"https:\/\/samantharadionline.com\/index.php\/wp-json\/wp\/v2\/media?parent=17429"}],"wp:term":[{"taxonomy":"category","embeddable":true,"href":"https:\/\/samantharadionline.com\/index.php\/wp-json\/wp\/v2\/categories?post=17429"},{"taxonomy":"post_tag","embeddable":true,"href":"https:\/\/samantharadionline.com\/index.php\/wp-json\/wp\/v2\/tags?post=17429"}],"curies":[{"name":"wp","href":"https:\/\/api.w.org\/{rel}","templated":true}]}}