{"id":17426,"date":"2025-07-16T16:16:33","date_gmt":"2025-07-16T20:16:33","guid":{"rendered":"https:\/\/samantharadionline.com\/?p=17426"},"modified":"2025-07-16T16:16:34","modified_gmt":"2025-07-16T20:16:34","slug":"mil-pesos-de-multa-a-conductores-que-giren-a-la-izquierda-en-la-lope-de-vega","status":"publish","type":"post","link":"https:\/\/samantharadionline.com\/index.php\/2025\/07\/16\/mil-pesos-de-multa-a-conductores-que-giren-a-la-izquierda-en-la-lope-de-vega\/","title":{"rendered":"Mil pesos de multa a conductores que giren a la izquierda en la Lope de Vega"},"content":{"rendered":"\n<p class=\"has-medium-font-size\"><em>El Intrant empez\u00f3 a ejecutar las medidas para reducir el congestionamiento vehicular en el Distrito Nacional y el Gran Santo Domingo<\/em><\/p>\n\n\n\n<figure class=\"wp-block-image\"><img decoding=\"async\" src=\"https:\/\/listindiario.com\/files\/image_60_60\/uploads\/2024\/12\/26\/676db5a258b6d.jpeg\" alt=\"Avatar del Scharazade Rodr\u00edguez\"\/><\/figure>\n\n\n\n<p><em>\u00a0<\/em>Scharazade Rodr\u00edguez, <strong>Santo Domingo, RD\u00a0<\/strong><\/p>\n\n\n\n<p>Los&nbsp;<strong>conductores&nbsp;<\/strong>que infrinjan la restricci\u00f3n del&nbsp;<strong>giro a la izquierda&nbsp;<\/strong>en las tres intersecciones de la avenida Lope de Vega deber\u00e1n pagar&nbsp;<strong>RD$1,000 a partir del pr\u00f3ximo lunes,&nbsp;<\/strong>como parte del plan&nbsp;<strong>\u201cRD se mueve\u201d.<\/strong><\/p>\n\n\n\n<p>Esto en virtud de que para esta fecha habr\u00e1 transcurrido dos semanas desde que el&nbsp;<strong>Instituto Nacional de Tr\u00e1nsito de Transporte Terrestre (Intrant)<\/strong>&nbsp;empez\u00f3 a ejecutar las medidas para reducir el&nbsp;<strong>congestionamiento vehicular<\/strong>&nbsp;en el Distrito Nacional y el Gran Santo Domingo.<\/p>\n\n\n\n<p>Entre las disposiciones se encuentra la prohibici\u00f3n del\u00a0giro a la izquierda\u00a0en algunas intersecciones estrat\u00e9gicas en la avenida\u00a0<strong>Lope de Vega\u00a0<\/strong>con las calles Padre Fantino Falco, Gustavo Mej\u00eda Ricart y Max Henr\u00edquez Ure\u00f1a, que est\u00e1 dentro de la primera fase y se empez\u00f3 a ejecutar desde el domingo 6 de julio.<\/p>\n\n\n\n<p>PUBLICIDAD<\/p>\n\n\n\n<p>Estas v\u00edas eran observadas por agentes de la&nbsp;<strong>Direcci\u00f3n General de Seguridad de Tr\u00e1nsito y Transporte Terrestre (Digesett)<\/strong>&nbsp;en un proceso orientativo durante los primeros d\u00edas para facilitar la adaptaci\u00f3n de los conductores en sus recorridos habituales.<\/p>\n\n\n\n<p>Sin embargo, el&nbsp;<strong>coronel Rafael Baldera<\/strong>, de la Digesett, inform\u00f3 que a partir del pr\u00f3ximo lunes iniciar\u00e1 la fiscalizaci\u00f3n formal a quienes violenten la normativa.<\/p>\n\n\n\n<h3 class=\"wp-block-heading\">Pr\u00f3ximas intersecciones a ejecutar<\/h3>\n\n\n\n<p>En la implementaci\u00f3n de la segunda fase est\u00e1 la avenida Tiradentes con las calles Salvador Sturla, Carlos S\u00e1nchez<strong>, Rafael Augusto S\u00e1nchez<\/strong>, Roberto Pastoriza y Frank F\u00e9lix Miranda, quien entrar\u00e1 en vigencia el 20 de julio.<\/p>\n\n\n\n<p>El 27 de julio, ser\u00e1n implementadas en la tercera fase la&nbsp;<strong>avenida Abraham Lincoln<\/strong>&nbsp;con las calles V\u00edctor Garrido Puello y Andr\u00e9s Julio Aybar. Asimismo, la avenida Pedro Livio Cede\u00f1o con avenida M\u00e1ximo G\u00f3mez y avenida Winston Churchill con las calles Jos\u00e9 Amado Soler y Roberto Pastoriza.<\/p>\n\n\n\n<p>La cuarta fase, a\u00fan sin fecha definida, contempla restricciones en varias intersecciones clave: la&nbsp;<strong>N\u00fa\u00f1ez de C\u00e1ceres&nbsp;<\/strong>con&nbsp;<strong>John F. Kennedy<\/strong>;&nbsp;<strong>M\u00e1ximo G\u00f3mez&nbsp;<\/strong>con&nbsp;<strong>Kennedy<\/strong>; Abraham Lincoln con Kennedy; N\u00fa\u00f1ez de C\u00e1ceres con 27 de Febrero; Winston Churchill con 27 de Febrero; y Lincoln con Roberto Pastoriza.<\/p>\n","protected":false},"excerpt":{"rendered":"<p>El Intrant empez\u00f3 a ejecutar las medidas para reducir el congestionamiento vehicular en el Distrito<\/p>\n","protected":false},"author":1,"featured_media":17427,"comment_status":"open","ping_status":"open","sticky":false,"template":"","format":"standard","meta":{"footnotes":""},"categories":[10],"tags":[],"class_list":["post-17426","post","type-post","status-publish","format-standard","has-post-thumbnail","hentry","category-economica"],"_links":{"self":[{"href":"https:\/\/samantharadionline.com\/index.php\/wp-json\/wp\/v2\/posts\/17426","targetHints":{"allow":["GET"]}}],"collection":[{"href":"https:\/\/samantharadionline.com\/index.php\/wp-json\/wp\/v2\/posts"}],"about":[{"href":"https:\/\/samantharadionline.com\/index.php\/wp-json\/wp\/v2\/types\/post"}],"author":[{"embeddable":true,"href":"https:\/\/samantharadionline.com\/index.php\/wp-json\/wp\/v2\/users\/1"}],"replies":[{"embeddable":true,"href":"https:\/\/samantharadionline.com\/index.php\/wp-json\/wp\/v2\/comments?post=17426"}],"version-history":[{"count":1,"href":"https:\/\/samantharadionline.com\/index.php\/wp-json\/wp\/v2\/posts\/17426\/revisions"}],"predecessor-version":[{"id":17428,"href":"https:\/\/samantharadionline.com\/index.php\/wp-json\/wp\/v2\/posts\/17426\/revisions\/17428"}],"wp:featuredmedia":[{"embeddable":true,"href":"https:\/\/samantharadionline.com\/index.php\/wp-json\/wp\/v2\/media\/17427"}],"wp:attachment":[{"href":"https:\/\/samantharadionline.com\/index.php\/wp-json\/wp\/v2\/media?parent=17426"}],"wp:term":[{"taxonomy":"category","embeddable":true,"href":"https:\/\/samantharadionline.com\/index.php\/wp-json\/wp\/v2\/categories?post=17426"},{"taxonomy":"post_tag","embeddable":true,"href":"https:\/\/samantharadionline.com\/index.php\/wp-json\/wp\/v2\/tags?post=17426"}],"curies":[{"name":"wp","href":"https:\/\/api.w.org\/{rel}","templated":true}]}}