{"id":17421,"date":"2025-07-16T16:14:05","date_gmt":"2025-07-16T20:14:05","guid":{"rendered":"https:\/\/samantharadionline.com\/?p=17421"},"modified":"2025-07-16T16:14:06","modified_gmt":"2025-07-16T20:14:06","slug":"mejia-emplaza-al-director-bienes-nacionales-a-precisar-mafia-de-tierra-en-su-gobierno","status":"publish","type":"post","link":"https:\/\/samantharadionline.com\/index.php\/2025\/07\/16\/mejia-emplaza-al-director-bienes-nacionales-a-precisar-mafia-de-tierra-en-su-gobierno\/","title":{"rendered":"Mej\u00eda emplaza al director Bienes Nacionales a precisar \u00abmafia\u00bb de tierra en su Gobierno"},"content":{"rendered":"\n<p class=\"has-medium-font-size\"><em>Le pidi\u00f3 al funcionario precisar los hechos que involucren tanto en su mandato presidencial, como en su desempe\u00f1o como Secretario de Estado de Agricultura<\/em><\/p>\n\n\n\n<p><strong>SANTO DOMINGO, RD<\/strong><\/p>\n\n\n\n<p>El<strong>&nbsp;expresidente Hip\u00f3lito Mej\u00eda<\/strong>&nbsp;emplaz\u00f3 al director general de<strong>&nbsp;Bienes Nacionales, Rafael A. Burgos G\u00f3mez<\/strong>, a precisar con hechos, casos y detalles todos los expedientes en los que \u00e9l pudiera estar involucrado, directa o indirectamente, en supuesta p\u00e9rdida de m\u00e1s de dos millones de tareas del Estado entre 2000 y 2020, dentro del&nbsp;<strong>Consejo Estatal del Az\u00facar (CEA).<\/strong><\/p>\n\n\n\n<p>\u201cEn defensa del honor y la transparencia, me veo en la obligaci\u00f3n de responder p\u00fablicamente a las declaraciones del&nbsp;<strong>Director General de Bienes Naciones&nbsp;<\/strong>que afectan directamente la integridad de mi gesti\u00f3n como presidente de la Rep\u00fablica\u201d escribi\u00f3 Mej\u00eda en sus redes sociales acompa\u00f1ado de una carta enviada a Burgos G\u00f3mez.<\/p>\n\n\n\n<p>En el texto le pidi\u00f3 al funcionario precisar los hechos que involucren tanto en su mandato presidencial, como en su desempe\u00f1o como&nbsp;<strong>Secretario de Estado de Agricultura<\/strong>&nbsp;en el&nbsp;<strong>gobierno de Antonio Guzm\u00e1n Fern\u00e1ndez.<\/strong><\/p>\n\n\n\n<p>En la misiva, Mej\u00eda le record\u00f3 al propio Burgos G\u00f3mez fue parte de su equipo, ocupando cargos relevantes durante su gesti\u00f3n, como asesor del Poder Ejecutivo para&nbsp;<strong>Asuntos de Zona Franca<\/strong>&nbsp;y gobernaci\u00f3n de la Provincia de Santo Domingo, adem\u00e1s de su participaci\u00f3n en el proyecto pol\u00edtico.<\/p>\n\n\n\n<p>Burgos G\u00f3mez dijo que todav\u00eda hay tent\u00e1culos de esa mafia tanto en el&nbsp;<strong>CEA&nbsp;<\/strong>como en&nbsp;<strong>Bienes Nacionales,<\/strong>&nbsp;ambas instituciones dirigidas por \u00e9l, donde personas se dedican a la venta y falsificaci\u00f3n de t\u00edtulos, de los que 14 casos fueron remitidos a la&nbsp;<strong>Procuradur\u00eda General Rep\u00fablica.<\/strong><\/p>\n\n\n\n<h3 class=\"wp-block-heading\">A continuaci\u00f3n el texto \u00edntegro de la carta de Hip\u00f3lito Mej\u00eda<\/h3>\n\n\n\n<p>Se\u00f1or<\/p>\n\n\n\n<p>Rafael A. Burgos G\u00f3mez<\/p>\n\n\n\n<p>Director General de Bienes Nacionales<\/p>\n\n\n\n<p>Su despacho.-<\/p>\n\n\n\n<p>Se\u00f1or director:<\/p>\n\n\n\n<p>He le\u00eddo con atenci\u00f3n la rese\u00f1a aparecida en el peri\u00f3dico Diario Libre, columna \u00abDi\u00e1logo Libre\u00bb de fecha 14 de julio de los corrientes, la cual recoge algunas contundentes afirmaciones de su parte, llegando a asegurar que \u00abel Estado (dominicano) perdi\u00f3 m\u00e1s de 2 millones de tareas del 2000 al 2020\u00bb, repartidos entre mafias de funcionarios, en lo que usted define como una&nbsp;<strong>\u00abpi\u00f1ata\u00bb.<\/strong><\/p>\n\n\n\n<p>Seg\u00fan cita el mencionado diario, usted dijo que de esa tierra, \u00abel 70% fue adquirida por diferentes sectores de la vida nacional y muchas de ellas fueron regaladas o pagadas a un precio vil\u00bb.<\/p>\n\n\n\n<p>No es un secreto para nadie que quien suscribe desempe\u00f1\u00f3 la presidencia de la Rep\u00fablica en el per\u00edodo 2000-2004. Tampoco es un secreto que en mi gobierno usted se desempe\u00f1\u00f3 como Asesor del Poder Ejecutivo para Asuntos de Zona Franca, para luego pasar a ocupar la gobernaci\u00f3n de la Provincia de Santo Domingo, am\u00e9n de su participaci\u00f3n destacada en mi proyecto pol\u00edtico de entonces.<\/p>\n\n\n\n<p>Como<strong>&nbsp;sus declaraciones salpican<\/strong>, alegremente, a todos cuantos trabajamos en el per\u00edodo gubernamental que me toc\u00f3 presidir, deseo solicitarle que, en lo que pudiera referirse a mi persona, precise con hechos, casos y detalles todos los expedientes en que quien suscribe pudiera estar involucrado, directa o indirectamente, en relaci\u00f3n con los hechos a que usted se ha referido.<\/p>\n\n\n\n<p>Como usted asegura tener informaci\u00f3n de primera mano, tambi\u00e9n podr\u00eda dar a conocer cualquier caso o situaci\u00f3n que me involucre en apropiaciones dolosas en mi desempe\u00f1o como Secretario de Estado de Agricultura, durante el gobierno del presidente Antonio Guzm\u00e1n Fern\u00e1ndez.<\/p>\n\n\n\n<p>En mi condici\u00f3n de expresidente de la Rep\u00fablica y como hombre p\u00fablico, convengo en el derecho que tiene el pueblo dominicano de conocer sobre la conducta de quienes hemos alcanzado alg\u00fan nivel de liderazgo nacional. Por tanto, se\u00f1or director, reclamo que usted establezca, de manera clara, precisa y contundente, por los mismos medios que expres\u00f3 sus arriesgados comentarios frente a la opini\u00f3n p\u00fablica nacional, el alcance de sus declaraciones, especialmente en lo que se refiere a mi persona, a mi familia y al per\u00edodo gubernamental que me toc\u00f3 servir.<\/p>\n\n\n\n<p>Queda de usted,<\/p>\n\n\n\n<p>Hip\u00f3lito Mej\u00eda<\/p>\n\n\n\n<figure class=\"wp-block-image size-full\"><img loading=\"lazy\" decoding=\"async\" width=\"678\" height=\"690\" src=\"https:\/\/samantharadionline.com\/wp-content\/uploads\/2025\/07\/image-5.png\" alt=\"\" class=\"wp-image-17424\" srcset=\"https:\/\/samantharadionline.com\/wp-content\/uploads\/2025\/07\/image-5.png 678w, https:\/\/samantharadionline.com\/wp-content\/uploads\/2025\/07\/image-5-295x300.png 295w\" sizes=\"auto, (max-width: 678px) 100vw, 678px\" \/><\/figure>\n\n\n\n<p><\/p>\n","protected":false},"excerpt":{"rendered":"<p>Le pidi\u00f3 al funcionario precisar los hechos que involucren tanto en su mandato presidencial, como<\/p>\n","protected":false},"author":1,"featured_media":17422,"comment_status":"open","ping_status":"open","sticky":false,"template":"","format":"standard","meta":{"footnotes":""},"categories":[12],"tags":[],"class_list":["post-17421","post","type-post","status-publish","format-standard","has-post-thumbnail","hentry","category-nacionales"],"_links":{"self":[{"href":"https:\/\/samantharadionline.com\/index.php\/wp-json\/wp\/v2\/posts\/17421","targetHints":{"allow":["GET"]}}],"collection":[{"href":"https:\/\/samantharadionline.com\/index.php\/wp-json\/wp\/v2\/posts"}],"about":[{"href":"https:\/\/samantharadionline.com\/index.php\/wp-json\/wp\/v2\/types\/post"}],"author":[{"embeddable":true,"href":"https:\/\/samantharadionline.com\/index.php\/wp-json\/wp\/v2\/users\/1"}],"replies":[{"embeddable":true,"href":"https:\/\/samantharadionline.com\/index.php\/wp-json\/wp\/v2\/comments?post=17421"}],"version-history":[{"count":1,"href":"https:\/\/samantharadionline.com\/index.php\/wp-json\/wp\/v2\/posts\/17421\/revisions"}],"predecessor-version":[{"id":17425,"href":"https:\/\/samantharadionline.com\/index.php\/wp-json\/wp\/v2\/posts\/17421\/revisions\/17425"}],"wp:featuredmedia":[{"embeddable":true,"href":"https:\/\/samantharadionline.com\/index.php\/wp-json\/wp\/v2\/media\/17422"}],"wp:attachment":[{"href":"https:\/\/samantharadionline.com\/index.php\/wp-json\/wp\/v2\/media?parent=17421"}],"wp:term":[{"taxonomy":"category","embeddable":true,"href":"https:\/\/samantharadionline.com\/index.php\/wp-json\/wp\/v2\/categories?post=17421"},{"taxonomy":"post_tag","embeddable":true,"href":"https:\/\/samantharadionline.com\/index.php\/wp-json\/wp\/v2\/tags?post=17421"}],"curies":[{"name":"wp","href":"https:\/\/api.w.org\/{rel}","templated":true}]}}