{"id":17418,"date":"2025-07-16T16:07:43","date_gmt":"2025-07-16T20:07:43","guid":{"rendered":"https:\/\/samantharadionline.com\/?p=17418"},"modified":"2025-07-16T16:07:44","modified_gmt":"2025-07-16T20:07:44","slug":"abinader-depositara-proyecto-de-reforma-policial-el-16-de-agosto","status":"publish","type":"post","link":"https:\/\/samantharadionline.com\/index.php\/2025\/07\/16\/abinader-depositara-proyecto-de-reforma-policial-el-16-de-agosto\/","title":{"rendered":"Abinader depositar\u00e1 proyecto de reforma policial el 16 de agosto"},"content":{"rendered":"\n<p class=\"has-medium-font-size\"><em>El jefe del Estado agreg\u00f3 que la reforma policial la ha llevado a tres ejes: educativo, operativo y administrativo<\/em><\/p>\n\n\n\n<figure class=\"wp-block-image\"><img decoding=\"async\" src=\"https:\/\/listindiario.com\/files\/image_60_60\/uploads\/2025\/07\/13\/68743be1bedc5.jpeg\" alt=\"Avatar del Sauro Scalella\"\/><\/figure>\n\n\n\n<p><em>\u00a0<\/em>Sauro Scalella, <strong>Santo Domingo, RD<\/strong><\/p>\n\n\n\n<p>El&nbsp;<strong>presidente Luis Abinader&nbsp;<\/strong>anunci\u00f3 este mi\u00e9rcoles que el pr\u00f3ximo 16 de agosto depositar\u00e1 ante el&nbsp;<strong>Congreso Nacional&nbsp;<\/strong>un proyecto de ley destinado a sentar las bases para la transformaci\u00f3n y consolidaci\u00f3n de la&nbsp;<strong>reforma de la Polic\u00eda Nacional.<\/strong><\/p>\n\n\n\n<p>El anuncio lo hizo durante el acto inaugural de la Octava Reuni\u00f3n de Ministros en materia de Seguridad P\u00fablica de las Am\u00e9ricas (VIII MISPA), que se celebra en la ciudad de Santiago de los Caballeros, con Rep\u00fablica Dominicana como pa\u00eds anfitri\u00f3n.<\/p>\n\n\n\n<p>El congreso internacional fue convocado por la&nbsp;<strong>Organizaci\u00f3n de los Estados Americanos<\/strong>&nbsp;(OEA).<\/p>\n\n\n\n<p>Abinader explic\u00f3 que la reforma no puede ser un nombre ni puede ser un&nbsp;<strong>proyecto<\/strong>: \u201cLa reforma tiene que ser parte e involucrar al gobierno, desde su presidente, y tambi\u00e9n a todo el liderazgo del gobierno y a toda la&nbsp;<strong>direcci\u00f3n policial<\/strong>\u201d.<\/p>\n\n\n\n<p>El jefe del Estado agreg\u00f3 que la\u00a0reforma policial\u00a0la ha llevado a tres ejes: educativo, operativo y administrativo.<\/p>\n\n\n\n<p>Como parte de la transformaci\u00f3n que ha registrado la&nbsp;<strong>Polic\u00eda Nacional<\/strong>, el mandatario tambi\u00e9n afirm\u00f3 que en su administraci\u00f3n se han construido unas 72 nuevas&nbsp;<strong>estaciones de polic\u00eda<\/strong>, con im\u00e1genes renovadas de proximidad y servicio, y equipamiento esencial para el patrullaje.<\/p>\n\n\n\n<p>Casi ha triplicado los&nbsp;<strong>salarios&nbsp;<\/strong>y los beneficios laborales desde el 2020, subray\u00f3.<\/p>\n\n\n\n<h3 class=\"wp-block-heading\">Exhorta a no bajar la guardia contra la criminalidad<\/h3>\n\n\n\n<p>El presidente Abinader exhort\u00f3 este mi\u00e9rcoles a no bajar la guardia en la lucha contra la&nbsp;<strong>criminalidad<\/strong>, resaltando que&nbsp;<strong>\u201cel crimen no duerme\u201d.<\/strong><\/p>\n\n\n\n<p>Advirti\u00f3 que, a pesar de los avances alcanzados en materia de&nbsp;<strong>seguridad ciudadana,<\/strong>&nbsp;el gobierno no bajar\u00e1 la guardia frente a la delincuencia.<\/p>\n\n\n\n<p>\u00abEste logro nos inspira, pero tambi\u00e9n nos recuerda, con humildad y sensatez, que el&nbsp;<strong>crimen&nbsp;<\/strong>no duerme y que jam\u00e1s podemos<strong>&nbsp;bajar la guardia.<\/strong>&nbsp;Y, a\u00fan con esa tasa, nosotros le damos seguimiento d\u00eda a d\u00eda, semana tras semana.<\/p>\n\n\n\n<p>El jefe del Estado dijo que el pa\u00eds cerr\u00f3 el 2024 con una&nbsp;<strong>tasa de homicidios&nbsp;<\/strong>de 9.6 por cada 100 mil habitantes, y una reducci\u00f3n a 8.2 en la \u00faltima semana de junio de 2025.<\/p>\n\n\n\n<p>Abinader dijo que hoy m\u00e1s que nunca los pa\u00edses hermanos de Am\u00e9rica deben unir fuerzas y renovar la determinaci\u00f3n que las sociedades esperan de sus pa\u00edses.<\/p>\n\n\n\n<p>\u00abNecesitamos sus l\u00edderes, necesitamos acciones conjuntas, sostenibles e innovadoras para enfrentar amenazas y desaf\u00edos complejos de seguridad y crimen organizado\u00bb, apunt\u00f3 el mandatario.<\/p>\n","protected":false},"excerpt":{"rendered":"<p>El jefe del Estado agreg\u00f3 que la reforma policial la ha llevado a tres ejes:<\/p>\n","protected":false},"author":1,"featured_media":17419,"comment_status":"open","ping_status":"open","sticky":false,"template":"","format":"standard","meta":{"footnotes":""},"categories":[12],"tags":[],"class_list":["post-17418","post","type-post","status-publish","format-standard","has-post-thumbnail","hentry","category-nacionales"],"_links":{"self":[{"href":"https:\/\/samantharadionline.com\/index.php\/wp-json\/wp\/v2\/posts\/17418","targetHints":{"allow":["GET"]}}],"collection":[{"href":"https:\/\/samantharadionline.com\/index.php\/wp-json\/wp\/v2\/posts"}],"about":[{"href":"https:\/\/samantharadionline.com\/index.php\/wp-json\/wp\/v2\/types\/post"}],"author":[{"embeddable":true,"href":"https:\/\/samantharadionline.com\/index.php\/wp-json\/wp\/v2\/users\/1"}],"replies":[{"embeddable":true,"href":"https:\/\/samantharadionline.com\/index.php\/wp-json\/wp\/v2\/comments?post=17418"}],"version-history":[{"count":1,"href":"https:\/\/samantharadionline.com\/index.php\/wp-json\/wp\/v2\/posts\/17418\/revisions"}],"predecessor-version":[{"id":17420,"href":"https:\/\/samantharadionline.com\/index.php\/wp-json\/wp\/v2\/posts\/17418\/revisions\/17420"}],"wp:featuredmedia":[{"embeddable":true,"href":"https:\/\/samantharadionline.com\/index.php\/wp-json\/wp\/v2\/media\/17419"}],"wp:attachment":[{"href":"https:\/\/samantharadionline.com\/index.php\/wp-json\/wp\/v2\/media?parent=17418"}],"wp:term":[{"taxonomy":"category","embeddable":true,"href":"https:\/\/samantharadionline.com\/index.php\/wp-json\/wp\/v2\/categories?post=17418"},{"taxonomy":"post_tag","embeddable":true,"href":"https:\/\/samantharadionline.com\/index.php\/wp-json\/wp\/v2\/tags?post=17418"}],"curies":[{"name":"wp","href":"https:\/\/api.w.org\/{rel}","templated":true}]}}