{"id":17414,"date":"2025-07-15T16:28:00","date_gmt":"2025-07-15T20:28:00","guid":{"rendered":"https:\/\/samantharadionline.com\/?p=17414"},"modified":"2025-07-15T16:28:01","modified_gmt":"2025-07-15T20:28:01","slug":"designan-a-magin-j-diaz-ministro-de-hacienda-en-sustitucion-de-jochy-vicente","status":"publish","type":"post","link":"https:\/\/samantharadionline.com\/index.php\/2025\/07\/15\/designan-a-magin-j-diaz-ministro-de-hacienda-en-sustitucion-de-jochy-vicente\/","title":{"rendered":"Designan a Mag\u00edn J. D\u00edaz Ministro de Hacienda en sustituci\u00f3n de Jochy Vicente"},"content":{"rendered":"\n<p class=\"has-medium-font-size\"><em>El funcionario fue director de Impuestos Internos en el \u00faltimo mandato de Danilo Medina<\/em><\/p>\n\n\n\n<p>L.D.,<strong> SANTO DOMINGO, RD<\/strong><\/p>\n\n\n\n<p>El presidente Luis Abinader design\u00f3 al economista&nbsp;<strong>Mag\u00edn J. D\u00edaz&nbsp;<\/strong>como nuevo&nbsp;<strong>Ministro de Hacienda<\/strong>, en sustituci\u00f3n de<strong>&nbsp;Jos\u00e9 Manuel (Jochy) Vicente<\/strong>, quien present\u00f3 renuncia a la posici\u00f3n.<\/p>\n\n\n\n<p>El&nbsp;<strong>nombramiento de Mag\u00edn D\u00edaz<\/strong>, quien fue director de Impuestos Internos en el \u00faltimo mandato de&nbsp;<strong>Danilo Medina<\/strong>&nbsp;(2016 y 2020), est\u00e1 contenido en el decreto 386-25.<\/p>\n\n\n\n<figure class=\"wp-block-image\" id=\"m102737-102736-102738\"><img decoding=\"async\" src=\"https:\/\/listindiario.com\/files\/vertical_main_image\/uploads\/2025\/07\/15\/687678b3968fe.jpeg\" alt=\"Decreto 386-25\"\/><figcaption class=\"wp-element-caption\">Decreto 386-25Fuente externa<\/figcaption><\/figure>\n\n\n\n<p>El tambi\u00e9n catedr\u00e1tico universitario tiene una trayectoria de m\u00e1s de dos d\u00e9cadas en el dise\u00f1o, ejecuci\u00f3n y&nbsp;<strong>evaluaci\u00f3n de pol\u00edticas p\u00fablica<\/strong>s, tanto en el \u00e1mbito nacional como internacional.<\/p>\n\n\n\n<p>Fue subsecretario de<strong>&nbsp;Estado de Finanzas&nbsp;<\/strong>en el gobierno del presidente<strong>&nbsp;Hip\u00f3lito Mej\u00eda<\/strong>. Posteriormente, se desempe\u00f1\u00f3 como viceministro de&nbsp;<strong>Pol\u00edtica Fiscal<\/strong>&nbsp;(2012\u20132013) y de<strong>&nbsp;Cr\u00e9dito P\u00fablico<\/strong>&nbsp;(2013\u20132016), siendo una de las figuras t\u00e9cnicas clave en los procesos de&nbsp;<strong>reformas y en negociaciones<\/strong>&nbsp;con organismos multilaterales.<\/p>\n\n\n\n<p>Tambi\u00e9n fue asesor del<strong>&nbsp;Ministerio de Econom\u00eda<\/strong>, la Direcci\u00f3n General de Aduanas, la Superintendencia de Bancos y el Congreso Nacional, as\u00ed como la desaparecida Corporaci\u00f3n Dominicana de Empresas El\u00e9ctricas Estatales (<strong>CDEEE<\/strong>).<\/p>\n\n\n\n<p>A nivel internacional, ha sido consultor del Banco Mundial y del Banco Interamericano de Desarrollo (<strong>BID<\/strong>), y ha asesorado a gobiernos de El Salvador, Honduras, Belice y Uruguay en&nbsp;<strong>reformas fiscales&nbsp;<\/strong>y pol\u00edticas macroecon\u00f3micas.<\/p>\n","protected":false},"excerpt":{"rendered":"<p>El funcionario fue director de Impuestos Internos en el \u00faltimo mandato de Danilo Medina L.D.,<\/p>\n","protected":false},"author":1,"featured_media":17415,"comment_status":"open","ping_status":"open","sticky":false,"template":"","format":"standard","meta":{"footnotes":""},"categories":[12],"tags":[],"class_list":["post-17414","post","type-post","status-publish","format-standard","has-post-thumbnail","hentry","category-nacionales"],"_links":{"self":[{"href":"https:\/\/samantharadionline.com\/index.php\/wp-json\/wp\/v2\/posts\/17414","targetHints":{"allow":["GET"]}}],"collection":[{"href":"https:\/\/samantharadionline.com\/index.php\/wp-json\/wp\/v2\/posts"}],"about":[{"href":"https:\/\/samantharadionline.com\/index.php\/wp-json\/wp\/v2\/types\/post"}],"author":[{"embeddable":true,"href":"https:\/\/samantharadionline.com\/index.php\/wp-json\/wp\/v2\/users\/1"}],"replies":[{"embeddable":true,"href":"https:\/\/samantharadionline.com\/index.php\/wp-json\/wp\/v2\/comments?post=17414"}],"version-history":[{"count":1,"href":"https:\/\/samantharadionline.com\/index.php\/wp-json\/wp\/v2\/posts\/17414\/revisions"}],"predecessor-version":[{"id":17416,"href":"https:\/\/samantharadionline.com\/index.php\/wp-json\/wp\/v2\/posts\/17414\/revisions\/17416"}],"wp:featuredmedia":[{"embeddable":true,"href":"https:\/\/samantharadionline.com\/index.php\/wp-json\/wp\/v2\/media\/17415"}],"wp:attachment":[{"href":"https:\/\/samantharadionline.com\/index.php\/wp-json\/wp\/v2\/media?parent=17414"}],"wp:term":[{"taxonomy":"category","embeddable":true,"href":"https:\/\/samantharadionline.com\/index.php\/wp-json\/wp\/v2\/categories?post=17414"},{"taxonomy":"post_tag","embeddable":true,"href":"https:\/\/samantharadionline.com\/index.php\/wp-json\/wp\/v2\/tags?post=17414"}],"curies":[{"name":"wp","href":"https:\/\/api.w.org\/{rel}","templated":true}]}}