{"id":17410,"date":"2025-07-15T16:25:27","date_gmt":"2025-07-15T20:25:27","guid":{"rendered":"https:\/\/samantharadionline.com\/?p=17410"},"modified":"2025-07-15T16:25:28","modified_gmt":"2025-07-15T20:25:28","slug":"declaran-manana-miercoles-dia-de-duelo-oficial-por-la-muerte-de-fello-subervi","status":"publish","type":"post","link":"https:\/\/samantharadionline.com\/index.php\/2025\/07\/15\/declaran-manana-miercoles-dia-de-duelo-oficial-por-la-muerte-de-fello-subervi\/","title":{"rendered":"Declaran ma\u00f1ana mi\u00e9rcoles d\u00eda de duelo oficial por la muerte de Fello Suberv\u00ed"},"content":{"rendered":"\n<p class=\"has-medium-font-size\"><em>La tarde de hoy, los restos de Rafael \u00abFello\u00bb Suberv\u00ed Bonilla ser\u00e1n expuestos en la Funeraria Blandino de la Abraham Lincoln<\/em><\/p>\n\n\n\n<p>L.D.,<strong> Santo Domingo, RD<\/strong><\/p>\n\n\n\n<p>El presidente<strong>\u00a0Luis Abinader<\/strong>, mediante el\u00a0<strong>decreto 387-25<\/strong>, declar\u00f3 para este mi\u00e9rcoles 16 de julio<strong>\u00a0duelo oficial\u00a0<\/strong>por el fallecimiento del dirigente pol\u00edtico\u00a0<strong>Rafael \u00abFello\u00bb Suberv\u00ed Bonilla<\/strong>.<\/p>\n\n\n\n<p>Bonilla falleci\u00f3 la madrugada de este martes a los 83 a\u00f1os de edad tras complicaciones de salud.<\/p>\n\n\n\n<p>El primer mandatario instruye al&nbsp;<strong>Ministerio de Defensa&nbsp;<\/strong>a que \u00abrinda los honores militares a este prominente ciudadano dominicano\u00bb.<\/p>\n\n\n\n<p>Este mi\u00e9rcoles la&nbsp;<strong>Bandera Nacional<\/strong>&nbsp;deber\u00e1 ondear a media asta en los recintos&nbsp;militares y edificios p\u00fablicos en todo el pa\u00eds.<\/p>\n\n\n\n<p><strong>Fello Suberb\u00ed&nbsp;<\/strong>era abogado y dedic\u00f3 varios a\u00f1os de su vida a la&nbsp;<strong>pol\u00edtica<\/strong>, pues desde el a\u00f1o 1961 se desempe\u00f1\u00f3 como alcalde, diputado, candidato presidencial y vicepresidencial y ministro de Turismo.<\/p>\n\n\n\n<p><strong>Lea tambi\u00e9n<\/strong><\/p>\n\n\n\n<p>Uno de sus primeros puestos administrativos&nbsp;que ocup\u00f3 fue como director del Departamento de Bienes Inmuebles en el&nbsp;<strong>Ayuntamiento del Distrito Nacional<\/strong>, en el a\u00f1o 1967.<\/p>\n\n\n\n<p>Fue asesor de la Facultad de Ciencias Jur\u00eddicas y Econ\u00f3micas de la&nbsp;<strong>Universidad Pedro Henr\u00edquez Ure\u00f1a&nbsp;<\/strong>(<strong>UNPHU<\/strong>) en 1993. Tambi\u00e9n presidente regional de la&nbsp;<strong>Organizaci\u00f3n Mundial de Turismo<\/strong>&nbsp;(OMT), para las Am\u00e9ricas, y presidente del Comit\u00e9 de Acci\u00f3n de Turismo del Sistema Econ\u00f3mico Latinoamericano (SELA).<\/p>\n\n\n\n<p>En dos ocasiones fue alcalde del Distrito Nacional (1986-1990; 1994-1998). Adem\u00e1s, de diputado del Distrito Nacional en dos ocasiones (1990-1994; 1998), por el Partido Revolucionario Dominicano (PRD).<\/p>\n\n\n\n<p>Desde 1995 ten\u00eda aspiraciones de ser&nbsp;<strong>presidente de la Rep\u00fablica Dominicana.<\/strong><\/p>\n\n\n\n<p>Un a\u00f1o m\u00e1s tarde dijo que aspirar\u00eda a esa posici\u00f3n en el a\u00f1o 2000, y que el 16 de agosto de 1996 dejar\u00eda su posici\u00f3n de s\u00edndico del Distrito Nacional para aspirar a ser compa\u00f1ero de boleta de&nbsp;<strong>Jos\u00e9 Francisco Pe\u00f1a G\u00f3mez<\/strong>&nbsp;o a la presidencia de la Rep\u00fablica, si este no se postulaba.<\/p>\n\n\n\n<p><strong>Lea tambi\u00e9n<\/strong><\/p>\n\n\n\n<h3 class=\"wp-block-heading\">El velatorio<\/h3>\n\n\n\n<figure class=\"wp-block-image\" id=\"m57316-57315-57317\"><img decoding=\"async\" src=\"https:\/\/listindiario.com\/files\/vertical_main_image\/uploads\/2025\/07\/15\/68764ddd937b9.jpeg\" alt=\"Rafael &quot;Fello&quot; Suberv\u00ed Bonilla\"\/><figcaption class=\"wp-element-caption\">Rafael \u00abFello\u00bb Suberv\u00ed BonillaFuente externa<\/figcaption><\/figure>\n\n\n\n<p>A partir de las 4:00 de la tarde de este martes, los restos de<strong>&nbsp;Rafael \u00abFello\u00bb Suberv\u00ed Bonilla&nbsp;<\/strong>ser\u00e1n expuestos en la&nbsp;<strong>Funeraria Blandino&nbsp;<\/strong>de la Abraham Lincoln.<\/p>\n\n\n\n<p>Su hijo,<strong>&nbsp;Felipe \u201cFellito\u201d Suberv\u00ed,<\/strong>&nbsp;a trav\u00e9s de sus redes sociales, public\u00f3 un emotivo mensaje de despedida a su padre, expres\u00e1ndole su amor y pidi\u00e9ndole que siga guiando sus pasos desde el cielo.<\/p>\n\n\n\n<p>\u201cCon profunda tristeza comparto que mi padre, Fello Suberv\u00ed, ha partido en paz. Nos deja el legado de un l\u00edder apasionado, servidor incansable, un amigo solidario y, para m\u00ed, el mayor ejemplo de amor, firmeza y entrega. Te amar\u00e9 por siempre, papi. Que Dios te reciba en su gloria y sigas guiando mis pasos desde el cielo\u201d, escribi\u00f3 en X (antiguo Twitter).<\/p>\n","protected":false},"excerpt":{"rendered":"<p>La tarde de hoy, los restos de Rafael \u00abFello\u00bb Suberv\u00ed Bonilla ser\u00e1n expuestos en la<\/p>\n","protected":false},"author":1,"featured_media":17411,"comment_status":"open","ping_status":"open","sticky":false,"template":"","format":"standard","meta":{"footnotes":""},"categories":[12],"tags":[],"class_list":["post-17410","post","type-post","status-publish","format-standard","has-post-thumbnail","hentry","category-nacionales"],"_links":{"self":[{"href":"https:\/\/samantharadionline.com\/index.php\/wp-json\/wp\/v2\/posts\/17410","targetHints":{"allow":["GET"]}}],"collection":[{"href":"https:\/\/samantharadionline.com\/index.php\/wp-json\/wp\/v2\/posts"}],"about":[{"href":"https:\/\/samantharadionline.com\/index.php\/wp-json\/wp\/v2\/types\/post"}],"author":[{"embeddable":true,"href":"https:\/\/samantharadionline.com\/index.php\/wp-json\/wp\/v2\/users\/1"}],"replies":[{"embeddable":true,"href":"https:\/\/samantharadionline.com\/index.php\/wp-json\/wp\/v2\/comments?post=17410"}],"version-history":[{"count":1,"href":"https:\/\/samantharadionline.com\/index.php\/wp-json\/wp\/v2\/posts\/17410\/revisions"}],"predecessor-version":[{"id":17412,"href":"https:\/\/samantharadionline.com\/index.php\/wp-json\/wp\/v2\/posts\/17410\/revisions\/17412"}],"wp:featuredmedia":[{"embeddable":true,"href":"https:\/\/samantharadionline.com\/index.php\/wp-json\/wp\/v2\/media\/17411"}],"wp:attachment":[{"href":"https:\/\/samantharadionline.com\/index.php\/wp-json\/wp\/v2\/media?parent=17410"}],"wp:term":[{"taxonomy":"category","embeddable":true,"href":"https:\/\/samantharadionline.com\/index.php\/wp-json\/wp\/v2\/categories?post=17410"},{"taxonomy":"post_tag","embeddable":true,"href":"https:\/\/samantharadionline.com\/index.php\/wp-json\/wp\/v2\/tags?post=17410"}],"curies":[{"name":"wp","href":"https:\/\/api.w.org\/{rel}","templated":true}]}}