{"id":17401,"date":"2025-07-15T09:26:54","date_gmt":"2025-07-15T13:26:54","guid":{"rendered":"https:\/\/samantharadionline.com\/?p=17401"},"modified":"2025-07-15T09:26:55","modified_gmt":"2025-07-15T13:26:55","slug":"abinader-insta-aprobar-codigos-penal-y-laboral","status":"publish","type":"post","link":"https:\/\/samantharadionline.com\/index.php\/2025\/07\/15\/abinader-insta-aprobar-codigos-penal-y-laboral\/","title":{"rendered":"Abinader insta aprobar c\u00f3digos Penal y Laboral"},"content":{"rendered":"\n<figure class=\"wp-block-image\"><img decoding=\"async\" src=\"https:\/\/listindiario.com\/files\/image_60_60\/uploads\/2023\/05\/16\/64638cfd2419c.jpeg\" alt=\"Avatar del Javier Flores\"\/><\/figure>\n\n\n\n<p><em>\u00a0<\/em>Javier Flores, <strong>Santo Domingo, RD<\/strong><\/p>\n\n\n\n<p>Con el nuevo C\u00f3digo Penal supuesto a ser conocido y aprobado en segunda lectura durante la sesi\u00f3n de este martes en el Senado de la Rep\u00fablica, el presidente Luis Abinader inst\u00f3 a los legisladores a aprobar tanto esa pieza como la reforma al C\u00f3digo Laboral durante la actual legislatura, la cual est\u00e1 supuesta a terminar el pr\u00f3ximo 26 de julio.<\/p>\n\n\n\n<p>El mandatario, incluso, indic\u00f3 que est\u00e1 dispuesto a convocar una legislatura extraordinaria en caso de que el tiempo \u201cno alcance\u201d para aprobar alguna de las dos piezas; aunque entiende que no ser\u00eda necesario ya que \u201cambas est\u00e1n con los toques finales\u201d.<\/p>\n\n\n\n<p>A pesar de las declaraciones de Abinader y la propia expresa convicci\u00f3n de los legisladores en que los nuevos c\u00f3digos sean aprobados antes de que termine la actual legislatura, ambas modificaciones podr\u00edan enfrentar tardanzas en sus respectivas aprobaciones, a pesar de que ya cuentan con el visto bueno en primera lectura en el hemiciclo de la C\u00e1mara Alta.<\/p>\n\n\n\n<p><strong>C\u00f3digo Penal<\/strong><\/p>\n\n\n\n<p>Con relaci\u00f3n al nuevo C\u00f3digo Penal, la pieza est\u00e1 supuesta a ser aprobada por los senadores en segunda lectura este martes, sin embargo en esa sesi\u00f3n, los legisladores ya han indicado que someter\u00e1n varias modificaciones.<\/p>\n\n\n\n<p>Uno de ellos fue el senador del Distrito Nacional, Omar Fern\u00e1ndez, quien manifest\u00f3 que durante la segunda lectura estar\u00e1n sometiendo una modificaci\u00f3n a la propuesta de art\u00edculo 393 que habla de \u201clos atentados a los intereses fundamentales de la naci\u00f3n\u201d.<\/p>\n\n\n\n<p>La modificaci\u00f3n aprobada por los senadores en una primera lectura no contiene la despenalizaci\u00f3n del aborto asistido en tres causales excepcionales e integrar\u00eda la figura del c\u00famulo de penas por el cual a un mismo individuo se le puede sentenciar tras ser hallado culpable en varios cargos en su contra. El c\u00famulo puede llegar hasta los 60 a\u00f1os de prisi\u00f3n, adem\u00e1s de que tipifica 72 nuevos cr\u00edmenes.<\/p>\n\n\n\n<p><strong>Laboral<\/strong><\/p>\n\n\n\n<p>Mientras a pesar de que la reforma al C\u00f3digo Laboral fue aprobada en primera lectura por los senadores el pasado martes, tras el visto bueno de la C\u00e1mara Alta, el sector empresarial emiti\u00f3 un comunicado donde expres\u00f3 su preocupaci\u00f3n y rechazo a la pieza por considerar que \u201crepresenta un retroceso\u201d.<\/p>\n\n\n\n<p>El empresariado manifest\u00f3 en ese comunicado que la modificaci\u00f3n desconoce \u201cimportantes acuerdos alcanzados tras a\u00f1os de trabajo en el marco del di\u00e1logo tripartito y no refleja los principios de equilibrio y sostenibilidad que el pa\u00eds requiere\u201d por lo que hicieron un llamado a retomar el dialogo entre ellos, el gobierno y los sindicalistas.<\/p>\n\n\n\n<p>Mientras, el sector sindical consider\u00f3 irracional la posici\u00f3n en contra de que se apruebe la pieza.<\/p>\n","protected":false},"excerpt":{"rendered":"<p>\u00a0Javier Flores, Santo Domingo, RD Con el nuevo C\u00f3digo Penal supuesto a ser conocido y<\/p>\n","protected":false},"author":1,"featured_media":17402,"comment_status":"open","ping_status":"open","sticky":false,"template":"","format":"standard","meta":{"footnotes":""},"categories":[12],"tags":[],"class_list":["post-17401","post","type-post","status-publish","format-standard","has-post-thumbnail","hentry","category-nacionales"],"_links":{"self":[{"href":"https:\/\/samantharadionline.com\/index.php\/wp-json\/wp\/v2\/posts\/17401","targetHints":{"allow":["GET"]}}],"collection":[{"href":"https:\/\/samantharadionline.com\/index.php\/wp-json\/wp\/v2\/posts"}],"about":[{"href":"https:\/\/samantharadionline.com\/index.php\/wp-json\/wp\/v2\/types\/post"}],"author":[{"embeddable":true,"href":"https:\/\/samantharadionline.com\/index.php\/wp-json\/wp\/v2\/users\/1"}],"replies":[{"embeddable":true,"href":"https:\/\/samantharadionline.com\/index.php\/wp-json\/wp\/v2\/comments?post=17401"}],"version-history":[{"count":1,"href":"https:\/\/samantharadionline.com\/index.php\/wp-json\/wp\/v2\/posts\/17401\/revisions"}],"predecessor-version":[{"id":17403,"href":"https:\/\/samantharadionline.com\/index.php\/wp-json\/wp\/v2\/posts\/17401\/revisions\/17403"}],"wp:featuredmedia":[{"embeddable":true,"href":"https:\/\/samantharadionline.com\/index.php\/wp-json\/wp\/v2\/media\/17402"}],"wp:attachment":[{"href":"https:\/\/samantharadionline.com\/index.php\/wp-json\/wp\/v2\/media?parent=17401"}],"wp:term":[{"taxonomy":"category","embeddable":true,"href":"https:\/\/samantharadionline.com\/index.php\/wp-json\/wp\/v2\/categories?post=17401"},{"taxonomy":"post_tag","embeddable":true,"href":"https:\/\/samantharadionline.com\/index.php\/wp-json\/wp\/v2\/tags?post=17401"}],"curies":[{"name":"wp","href":"https:\/\/api.w.org\/{rel}","templated":true}]}}