{"id":17393,"date":"2025-07-15T09:22:12","date_gmt":"2025-07-15T13:22:12","guid":{"rendered":"https:\/\/samantharadionline.com\/?p=17393"},"modified":"2025-07-15T09:22:13","modified_gmt":"2025-07-15T13:22:13","slug":"muere-rafael-fello-subervi-bonilla","status":"publish","type":"post","link":"https:\/\/samantharadionline.com\/index.php\/2025\/07\/15\/muere-rafael-fello-subervi-bonilla\/","title":{"rendered":"Muere Rafael \u00abFello\u00bb Suberv\u00ed Bonilla"},"content":{"rendered":"\n<p class=\"has-medium-font-size\"><em>Fue precandidato presidencial por el Partido Revolucionario Dominicano en el a\u00f1o 2000, sin embargo las elecciones fueron posteriormente ganadas por Hip\u00f3lito Mej\u00eda<\/em><\/p>\n\n\n\n<figure class=\"wp-block-image\"><img decoding=\"async\" src=\"https:\/\/listindiario.com\/files\/image_60_60\/uploads\/2024\/01\/03\/6595dbcf057b9.jpeg\" alt=\"Avatar del Nicole Collado\"\/><\/figure>\n\n\n\n<p><em>\u00a0<\/em>Nicole Collado, <strong>Santo Domingo, RD<\/strong><\/p>\n\n\n\n<p>El&nbsp;<strong>exalcalde&nbsp;<\/strong>del Distrito Nacional, Rafael \u00ab<strong>Fello<\/strong>\u00bb&nbsp;<strong>Suberv\u00ed Bonilla<\/strong>, falleci\u00f3 a los 83 a\u00f1os de edad la madrugada de este martes, tras complicaciones de salud, seg\u00fan confirm\u00f3 el Departamento de Comunicaciones de la<strong>&nbsp;Corporaci\u00f3n del Acueducto y Alcantarillado de Santo Domingo<\/strong>&nbsp;(<strong>CAASD<\/strong>).<\/p>\n\n\n\n<p>Adem\u00e1s de alcalde en dos ocasiones, el exfuncionario dominicano se desempe\u00f1\u00f3 como&nbsp;<strong>ministro de Turismo&nbsp;<\/strong>(1982-1986; 2001-2004);&nbsp;<strong>diputado del Distrito Nacional<\/strong>&nbsp;(1990-1994); y diputado de&nbsp;<strong>Barahona&nbsp;<\/strong>(1998).<\/p>\n\n\n\n<figure class=\"wp-block-image size-full\"><img loading=\"lazy\" decoding=\"async\" width=\"704\" height=\"456\" src=\"https:\/\/samantharadionline.com\/wp-content\/uploads\/2025\/07\/image-2.png\" alt=\"\" class=\"wp-image-17395\" srcset=\"https:\/\/samantharadionline.com\/wp-content\/uploads\/2025\/07\/image-2.png 704w, https:\/\/samantharadionline.com\/wp-content\/uploads\/2025\/07\/image-2-300x194.png 300w\" sizes=\"auto, (max-width: 704px) 100vw, 704px\" \/><\/figure>\n\n\n\n<p><strong>Suberv\u00ed Bonilla\u00a0<\/strong>fue precandidato presidencial por el\u00a0<strong>Partido Revolucionario Dominican<\/strong>o en el a\u00f1o 2000, sin embargo las elecciones fueron posteriormente ganadas por\u00a0<strong>Hip\u00f3lito Mej\u00eda<\/strong>. Cuatro a\u00f1os despu\u00e9s, Suberv\u00ed fue\u00a0<strong>aspirante vicepresidencial\u00a0<\/strong>en la repostulaci\u00f3n presidencial de Mej\u00eda.<\/p>\n\n\n\n<p>El expol\u00edtico naci\u00f3 el 6 de julio de 1942 en&nbsp;<strong>Barahona<\/strong>&nbsp;y sus padres fueron Antonio Suberv\u00ed y Nieves Bonilla.<\/p>\n\n\n\n<figure class=\"wp-block-image size-full\"><img loading=\"lazy\" decoding=\"async\" width=\"693\" height=\"395\" src=\"https:\/\/samantharadionline.com\/wp-content\/uploads\/2025\/07\/image-3.png\" alt=\"\" class=\"wp-image-17396\" srcset=\"https:\/\/samantharadionline.com\/wp-content\/uploads\/2025\/07\/image-3.png 693w, https:\/\/samantharadionline.com\/wp-content\/uploads\/2025\/07\/image-3-300x171.png 300w\" sizes=\"auto, (max-width: 693px) 100vw, 693px\" \/><\/figure>\n\n\n\n<p>Durante su vida procre\u00f3 cinco hijos, entre ellos&nbsp;<strong>Felipe (Fellito) Antonio Suberv\u00ed Hern\u00e1ndez<\/strong>, quien es director general de la Corporaci\u00f3n del Acueducto y Alcantarillado de Santo Domingo (<strong>CAASD<\/strong>).<\/p>\n\n\n\n<p>En 2016 ten\u00eda intenciones para ser aspirante a alcalde por el Distrito Nacional, con el<strong>&nbsp;Partido Revolucionario Moderno (PRM)<\/strong>, pero su postulaci\u00f3n fue desestimada.<\/p>\n","protected":false},"excerpt":{"rendered":"<p>Fue precandidato presidencial por el Partido Revolucionario Dominicano en el a\u00f1o 2000, sin embargo las<\/p>\n","protected":false},"author":1,"featured_media":17394,"comment_status":"open","ping_status":"open","sticky":false,"template":"","format":"standard","meta":{"footnotes":""},"categories":[12],"tags":[],"class_list":["post-17393","post","type-post","status-publish","format-standard","has-post-thumbnail","hentry","category-nacionales"],"_links":{"self":[{"href":"https:\/\/samantharadionline.com\/index.php\/wp-json\/wp\/v2\/posts\/17393","targetHints":{"allow":["GET"]}}],"collection":[{"href":"https:\/\/samantharadionline.com\/index.php\/wp-json\/wp\/v2\/posts"}],"about":[{"href":"https:\/\/samantharadionline.com\/index.php\/wp-json\/wp\/v2\/types\/post"}],"author":[{"embeddable":true,"href":"https:\/\/samantharadionline.com\/index.php\/wp-json\/wp\/v2\/users\/1"}],"replies":[{"embeddable":true,"href":"https:\/\/samantharadionline.com\/index.php\/wp-json\/wp\/v2\/comments?post=17393"}],"version-history":[{"count":1,"href":"https:\/\/samantharadionline.com\/index.php\/wp-json\/wp\/v2\/posts\/17393\/revisions"}],"predecessor-version":[{"id":17397,"href":"https:\/\/samantharadionline.com\/index.php\/wp-json\/wp\/v2\/posts\/17393\/revisions\/17397"}],"wp:featuredmedia":[{"embeddable":true,"href":"https:\/\/samantharadionline.com\/index.php\/wp-json\/wp\/v2\/media\/17394"}],"wp:attachment":[{"href":"https:\/\/samantharadionline.com\/index.php\/wp-json\/wp\/v2\/media?parent=17393"}],"wp:term":[{"taxonomy":"category","embeddable":true,"href":"https:\/\/samantharadionline.com\/index.php\/wp-json\/wp\/v2\/categories?post=17393"},{"taxonomy":"post_tag","embeddable":true,"href":"https:\/\/samantharadionline.com\/index.php\/wp-json\/wp\/v2\/tags?post=17393"}],"curies":[{"name":"wp","href":"https:\/\/api.w.org\/{rel}","templated":true}]}}