{"id":17390,"date":"2025-07-14T15:20:01","date_gmt":"2025-07-14T19:20:01","guid":{"rendered":"https:\/\/samantharadionline.com\/?p=17390"},"modified":"2025-07-14T15:20:02","modified_gmt":"2025-07-14T19:20:02","slug":"deploran-colapso-del-sistema-educativo-y-piden-al-ministro-comparecer-ante-el-congreso","status":"publish","type":"post","link":"https:\/\/samantharadionline.com\/index.php\/2025\/07\/14\/deploran-colapso-del-sistema-educativo-y-piden-al-ministro-comparecer-ante-el-congreso\/","title":{"rendered":"Deploran colapso del sistema educativo y piden al ministro comparecer ante el Congreso"},"content":{"rendered":"\n<p class=\"has-medium-font-size\"><em>La legisladora responsabiliza al exministro \u00c1ngel Hern\u00e1ndez de la crisis en el sector<\/em><\/p>\n\n\n\n<p><strong> L.D., SANTO DOMINGO, RD<\/strong><\/p>\n\n\n\n<p>La diputada por el Partido Fuerza del Pueblo, Selin\u00e9e M\u00e9ndez, solicita al ministro de Educaci\u00f3n, Luis Miguel De Camps, comparecer \u201cde inmediato\u201d ante el Congreso Nacional para rendir cuentas sobre las condiciones en que recibi\u00f3 esa cartera, tras la salida del exministro \u00c1ngel Hern\u00e1ndez Castillo.<\/p>\n\n\n\n<p>La Legisladora considera que el sistema educativo p\u00fablico de Rep\u00fablica Dominicana ha colapsado y responsabiliza a \u00c1ngel Hern\u00e1ndez de haber profundizado la crisis estructural del sistema educativo p\u00fablico.<\/p>\n\n\n\n<p>Al referirse a los resultados de la reciente encuesta realizada por la Asociaci\u00f3n Nacional de Directores de Centros Educativos P\u00fablicos (ASONADEDI), advirti\u00f3 que el sistema educativo dominicano atraviesa una crisis estructural sin precedentes, producto del abandono institucional, la improvisaci\u00f3n y la falta de voluntad pol\u00edtica del actual gobierno.<\/p>\n\n\n\n<p>\u201cEl informe de ASONADEDI revela una verdad dolorosa: estamos frente a un colapso silencioso del sistema educativo p\u00fablico. M\u00e1s del 60% de las escuelas no tiene aulas suficientes, el 21% se encuentra en condiciones f\u00edsicas deplorables y m\u00e1s de 3,600 profesores hacen falta para cubrir la demanda. Esta es una emergencia nacional que el gobierno no puede seguir ignorando\u201d, sostuvo la legisladora.<\/p>\n\n\n\n<p>Argument\u00f3 que el d\u00e9ficit no es solo de infraestructura, sino tambi\u00e9n de personal humano y servicios b\u00e1sicos.<\/p>\n\n\n\n<p>\u201cHablamos de escuelas sin luz, sin agua, sin conectividad y sin comedores adecuados. Aulas sin maestros, sin psic\u00f3logos, sin orientadores ni personal de apoyo. \u00bfC\u00f3mo pretende este gobierno formar ciudadanos con dignidad en condiciones tan indignas?\u201d, cuestion\u00f3.<\/p>\n\n\n\n<p>Asimismo, calific\u00f3 como alarmantes los reportes de violencia, acoso sexual, presencia de bandas y embarazos adolescentes en casi el 40% de los centros encuestados, muchos de los cuales no cuentan con acompa\u00f1amiento psicol\u00f3gico ni respuestas institucionales eficaces. \u201cEstos datos no solo reflejan un sistema fallido, sino una ni\u00f1ez y adolescencia expuesta al abandono y al riesgo constante\u201d, agreg\u00f3.<\/p>\n\n\n\n<p>Pol\u00edtica<\/p>\n\n\n\n<p>La legisladora dijo que los directores est\u00e1n denunciando presiones indebidas, amenazas e incluso intentos de traslados. \u201cEsto confirma que el gobierno ha puesto la educaci\u00f3n al servicio de intereses partidarios, no del bienestar colectivo\u201d, indic\u00f3.<\/p>\n\n\n\n<p>M\u00e9ndez record\u00f3 que el a\u00f1o pasado someti\u00f3 ante el Congreso Nacional el proyecto de ley titulado \u201cLey de Garant\u00eda de Inscripci\u00f3n y Sanciones por Negligencia en la Provisi\u00f3n de Cupos Educativos en las Escuelas P\u00fablicas\u201d, cuyo prop\u00f3sito es asegurar el derecho al cupo escolar y la reinscripci\u00f3n prioritaria de los ni\u00f1os, ni\u00f1as y adolescentes dominicanos en las escuelas p\u00fablicas del pa\u00eds.<\/p>\n\n\n\n<p>Esta iniciativa, a\u00fan pendiente de conocimiento y aprobaci\u00f3n por parte de la C\u00e1mara de Diputados, surgi\u00f3 como respuesta a m\u00faltiples denuncias de exclusi\u00f3n, hacinamiento y desplazamiento de estudiantes en su propio sistema educativo, una realidad que vulnera derechos fundamentales y ampl\u00eda las brechas de acceso a la educaci\u00f3n.<\/p>\n\n\n\n<figure class=\"wp-block-image\" id=\"m48626-48625-48627\"><img decoding=\"async\" src=\"https:\/\/listindiario.com\/files\/composite_image\/files\/fp\/uploads\/2025\/02\/28\/67c1c78bede26.r_d.442-104.png\" alt=\"Selin\u00e9e M\u00e9ndez\"\/><figcaption class=\"wp-element-caption\">Selin\u00e9e M\u00e9ndez<\/figcaption><\/figure>\n","protected":false},"excerpt":{"rendered":"<p>La legisladora responsabiliza al exministro \u00c1ngel Hern\u00e1ndez de la crisis en el sector L.D., SANTO<\/p>\n","protected":false},"author":1,"featured_media":17391,"comment_status":"open","ping_status":"open","sticky":false,"template":"","format":"standard","meta":{"footnotes":""},"categories":[12],"tags":[],"class_list":["post-17390","post","type-post","status-publish","format-standard","has-post-thumbnail","hentry","category-nacionales"],"_links":{"self":[{"href":"https:\/\/samantharadionline.com\/index.php\/wp-json\/wp\/v2\/posts\/17390","targetHints":{"allow":["GET"]}}],"collection":[{"href":"https:\/\/samantharadionline.com\/index.php\/wp-json\/wp\/v2\/posts"}],"about":[{"href":"https:\/\/samantharadionline.com\/index.php\/wp-json\/wp\/v2\/types\/post"}],"author":[{"embeddable":true,"href":"https:\/\/samantharadionline.com\/index.php\/wp-json\/wp\/v2\/users\/1"}],"replies":[{"embeddable":true,"href":"https:\/\/samantharadionline.com\/index.php\/wp-json\/wp\/v2\/comments?post=17390"}],"version-history":[{"count":1,"href":"https:\/\/samantharadionline.com\/index.php\/wp-json\/wp\/v2\/posts\/17390\/revisions"}],"predecessor-version":[{"id":17392,"href":"https:\/\/samantharadionline.com\/index.php\/wp-json\/wp\/v2\/posts\/17390\/revisions\/17392"}],"wp:featuredmedia":[{"embeddable":true,"href":"https:\/\/samantharadionline.com\/index.php\/wp-json\/wp\/v2\/media\/17391"}],"wp:attachment":[{"href":"https:\/\/samantharadionline.com\/index.php\/wp-json\/wp\/v2\/media?parent=17390"}],"wp:term":[{"taxonomy":"category","embeddable":true,"href":"https:\/\/samantharadionline.com\/index.php\/wp-json\/wp\/v2\/categories?post=17390"},{"taxonomy":"post_tag","embeddable":true,"href":"https:\/\/samantharadionline.com\/index.php\/wp-json\/wp\/v2\/tags?post=17390"}],"curies":[{"name":"wp","href":"https:\/\/api.w.org\/{rel}","templated":true}]}}