{"id":17377,"date":"2025-07-14T11:33:17","date_gmt":"2025-07-14T15:33:17","guid":{"rendered":"https:\/\/samantharadionline.com\/?p=17377"},"modified":"2025-07-14T11:34:10","modified_gmt":"2025-07-14T15:34:10","slug":"se-desarrolla-una-version-beta-con-ia-para-crear-perfiles-criminales-y-analisis-criminales","status":"publish","type":"post","link":"https:\/\/samantharadionline.com\/index.php\/2025\/07\/14\/se-desarrolla-una-version-beta-con-ia-para-crear-perfiles-criminales-y-analisis-criminales\/","title":{"rendered":"Se desarrolla una versi\u00f3n beta con IA para crear perfiles criminales y an\u00e1lisis criminales"},"content":{"rendered":"\n<p class=\"has-medium-font-size\"><em>La procuradora general de la Rep\u00fablica detalla estrategias de modernizaci\u00f3n y fortalecimiento del Ministerio P\u00fablico<\/em><\/p>\n\n\n\n<p>Ram\u00f3n Cruz Benz\u00e1n,\u00a0Sauro Scalella, <strong>Santo Domingo, RD<\/strong><\/p>\n\n\n\n<p>La procuradora general de la Rep\u00fablica, Yeni Berenice Reynoso, ha delineado las prioridades y avances del Ministerio P\u00fablico, enfatizando la necesidad de una planificaci\u00f3n estrat\u00e9gica clara que centre la justicia en las personas y no solo en los expedientes.<\/p>\n\n\n\n<p>Reynoso inform\u00f3 que la instituci\u00f3n est\u00e1 desarrollando un plan estrat\u00e9gico a cinco a\u00f1os con cooperaci\u00f3n internacional y que su objetivo principal es asegurar una justicia que ofrezca respuestas oportunas y tutele de manera efectiva los derechos de las v\u00edctimas.<\/p>\n\n\n\n<p>En este sentido, anunci\u00f3 el lanzamiento del primer concurso de oposici\u00f3n para la integraci\u00f3n de 100 abogados de v\u00edctimas a nivel nacional, quienes comenzar\u00e1n a operar en octubre, saldando as\u00ed una \u00abdeuda hist\u00f3rica\u00bb con las v\u00edctimas.<\/p>\n\n\n\n<h3 class=\"wp-block-heading\">Protecci\u00f3n a V\u00edctimas y Avances Tecnol\u00f3gicos Clave<\/h3>\n\n\n\n<p>Manifest\u00f3 que en colaboraci\u00f3n con el Poder Ejecutivo, el Ministerio P\u00fablico ha trabajado en la primera ley de protecci\u00f3n de v\u00edctimas, testigos y dem\u00e1s sujetos procesales en la Rep\u00fablica Dominicana.<\/p>\n\n\n\n<p>Esta legislaci\u00f3n, a su entender, es crucial para que las v\u00edctimas no tengan que asistir a todos los procesos, ya que podr\u00e1n ser representadas por estos nuevos abogados, lo que, seg\u00fan Reynoso, tambi\u00e9n contribuir\u00e1 a mejorar la mora judicial.<\/p>\n\n\n\n<p>Como eje transversal de la modernizaci\u00f3n, dijo que tambi\u00e9n se est\u00e1 impulsando el proyecto G5, buscando una transformaci\u00f3n tecnol\u00f3gica completa del Ministerio P\u00fablico.<\/p>\n\n\n\n<figure class=\"wp-block-image\" id=\"m27309-27308-27310\"><img decoding=\"async\" src=\"https:\/\/listindiario.com\/files\/vertical_main_image\/uploads\/2025\/07\/13\/687451b2d4c18.jpeg\" alt=\"De izquierda a derecha: el director de la Oficina Nacional de la Defensa P\u00fablica, Rodolfo Valent\u00edn; la procuradora general de la Rep\u00fablica, Yeni Berenice Reynoso; y el presidente de la Suprema Corte de Justicia, Luis Henry Molina, hablaron sobre las problem\u00e1ticas y una eventual reforma del sistema penal.\"\/><figcaption class=\"wp-element-caption\">De izquierda a derecha: el director de la Oficina Nacional de la Defensa P\u00fablica, Rodolfo Valent\u00edn; la procuradora general de la Rep\u00fablica, Yeni Berenice Reynoso; y el presidente de la Suprema Corte de Justicia, Luis Henry Molina, hablaron sobre las problem\u00e1ticas y una eventual reforma del sistema penal.JORGE CRUZ\/LD.<\/figcaption><\/figure>\n\n\n\n<p>La procuradora adelant\u00f3 que se est\u00e1 desarrollando una versi\u00f3n beta de inteligencia artificial para, crear perfiles criminales, realizar an\u00e1lisis criminales, optimizar la gesti\u00f3n de fiscal\u00edas.<\/p>\n\n\n\n<p>Seg\u00fan la Procuradora este proyecto se lleva a cabo en coordinaci\u00f3n con la Fiscal\u00eda General de Chile y el Programa de Cooperaci\u00f3n de la Uni\u00f3n Europea (Pacto 2.0) y que se espera que est\u00e9 en fase de pilotaje antes de finalizar el a\u00f1o 2025, utilizando el talento de j\u00f3venes dominicanos del Instituto Tecnol\u00f3gico de Las Am\u00e9ricas (ITLA).<\/p>\n\n\n\n<h3 class=\"wp-block-heading\">Fortalecimiento contra el Crimen Organizado<\/h3>\n\n\n\n<p>Berenice Reynoso reafirm\u00f3 su compromiso con el fortalecimiento de la persecuci\u00f3n del crimen organizado, un tema que ha sido \u00absu bandera\u00bb. Record\u00f3 que, como directora de persecuci\u00f3n, se realizaron m\u00e1s de 27 operaciones contra estas estructuras y que actualmente, el Ministerio P\u00fablico, en conjunto con el Poder Ejecutivo, trabaja en un anteproyecto de ley para combatir el crimen organizado, que ya se encuentra en el Congreso.<\/p>\n\n\n\n<figure class=\"wp-block-image\" id=\"m27321-27320-27322\"><img decoding=\"async\" src=\"https:\/\/listindiario.com\/files\/vertical_main_image\/uploads\/2025\/07\/13\/68745490f256e.jpeg\" alt=\"Luis Henry Molina conversa con Yeni Berenice durante el panel.\"\/><figcaption class=\"wp-element-caption\">Luis Henry Molina conversa con Yeni Berenice durante el panel.JORGE CRUZ\/LD.<\/figcaption><\/figure>\n\n\n\n<p>Berenice Reynoso se\u00f1al\u00f3 que el Ministerio P\u00fablico considera necesarios aproximadamente 15 proyectos de leyes, tanto nuevos como reformas a normativas existentes.<\/p>\n\n\n\n<p>Entre estas, mencion\u00f3, la Ley de Medio Ambiente, el C\u00f3digo Procesal Penal, el C\u00f3digo Penal, la Ley de Protecci\u00f3n de V\u00edctimas y Testigos, la Ley Antisecuestro y la Ley de Delitos de Alta Tecnolog\u00eda. Tambi\u00e9n destac\u00f3 la urgencia de regular la inteligencia artificial debido a su capacidad para crear contenidos enga\u00f1osos.<\/p>\n\n\n\n<h3 class=\"wp-block-heading\">Pol\u00edtica de Persecuci\u00f3n, Soluciones Alternas y Transparencia<\/h3>\n\n\n\n<p>Dijo que, por primera vez, el Ministerio P\u00fablico est\u00e1 impulsando la aprobaci\u00f3n de una pol\u00edtica de persecuci\u00f3n que, adem\u00e1s de combatir la criminalidad organizada, pone un fuerte \u00e9nfasis en las soluciones alternas al conflicto, priorizando los acuerdos.<\/p>\n\n\n\n<p>Berenice Reynoso subray\u00f3 que los sistemas acusatorios m\u00e1s efectivos son aquellos que fomentan el acuerdo, buscando siempre la reparaci\u00f3n en favor del Estado y el decomiso de bienes en casos de delitos contra la administraci\u00f3n p\u00fablica.<\/p>\n\n\n\n<p>Para reforzar esta estrategia, dijo, se cre\u00f3, la Unidad de Extinci\u00f3n de Dominio, con el fin de hacer m\u00e1s efectiva la pol\u00edtica de decomiso, un \u00e1rea en la que la Rep\u00fablica Dominicana ha destacado en los \u00faltimos cuatro a\u00f1os.<\/p>\n\n\n\n<p>La procuradora adelant\u00f3 importantes lanzamientos tecnol\u00f3gicos, como el primer sistema de casos del Ministerio P\u00fablico en l\u00ednea, previsto para diciembre, y el primer catastro penitenciario, que se dar\u00e1 a conocer el 5 de octubre.<\/p>\n\n\n\n<p>\u201cEste catastro ofrecer\u00e1 una radiograf\u00eda hol\u00edstica del sistema penitenciario, proporcionando datos reales para superar la especulaci\u00f3n\u201d, apunt\u00f3 la Procuradora General.<\/p>\n\n\n\n<h3 class=\"wp-block-heading\">Acercamiento a la Ciudadan\u00eda y Creaci\u00f3n de Nuevas Unidades<\/h3>\n\n\n\n<p>Resalt\u00f3 que el Ministerio P\u00fablico busca llevar todos los servicios posibles en l\u00ednea, manteniendo siempre la opci\u00f3n presencial. Adem\u00e1s, se est\u00e1 desarrollando un plan nacional para abrir fiscal\u00edas comunitarias, una respuesta a la alta tasa de conflictos sociales.<\/p>\n\n\n\n<p>Mencion\u00f3 que la meta es establecer un modelo de justicia m\u00e1s cercano a las personas, que facilite una mediaci\u00f3n oportuna y prevenir tragedias.<\/p>\n\n\n\n<p>Igualmente, anunci\u00f3 que se est\u00e1 reenfocando la pol\u00edtica de g\u00e9nero, dada la enorme preocupaci\u00f3n por los m\u00e1s de 70 mil casos de violencia de g\u00e9nero, intrafamiliar y sexual que se reciben anualmente.<\/p>\n\n\n\n<p>Tambi\u00e9n destac\u00f3 que se lanz\u00f3 la Iniciativa SAVIA para articular esfuerzos de prevenci\u00f3n, reconociendo que la persecuci\u00f3n act\u00faa solo despu\u00e9s de que el crimen ha ocurrido.<\/p>\n\n\n\n<p>La procuradora destac\u00f3, tambi\u00e9n, la creaci\u00f3n de 9 nuevas unidades, entre las que se encuentran unidad de Desaparecidos, con un enfoque retrospectivo, incluyendo casos del r\u00e9gimen de Trujillo, para dar un cierre hist\u00f3rico.<\/p>\n\n\n\n<figure class=\"wp-block-image\" id=\"m27333-27332-27334\"><img decoding=\"async\" src=\"https:\/\/listindiario.com\/files\/vertical_main_image\/uploads\/2025\/07\/13\/6874546c83e42.jpeg\" alt=\"El tercer 'Panel de Experos' se realiz\u00f3 pasado mi\u00e9rcoles 9.\"\/><figcaption class=\"wp-element-caption\">El tercer &#8216;Panel de Experos&#8217; se realiz\u00f3 pasado mi\u00e9rcoles 9.JORGE CRUZ\/LD.<\/figcaption><\/figure>\n\n\n\n<p>Tambi\u00e9n unidad de gesti\u00f3n de cobro de multas y ejecuci\u00f3n de garant\u00edas, enfocada en la seguridad vial para prevenir accidentes y evitar el colapso del sistema judicial.<\/p>\n\n\n\n<p>Igualmente, el sistema de Atenci\u00f3n Nacional, para dar respuesta oportuna a ciudadanos, abogados y v\u00edctimas, estableciendo plazos internos, la unidad de Gesti\u00f3n de Procesos, para estandarizar procedimientos y asegurar respuestas r\u00e1pidas.<\/p>\n\n\n\n<p>Tambi\u00e9n unidad de Investigaci\u00f3n de Tr\u00e1fico Il\u00edcito de Migrantes y Delitos Conexos, para abordar una demanda apremiante del pa\u00eds.<\/p>\n\n\n\n<h3 class=\"wp-block-heading\">Desaf\u00edos Internos y Fortalecimiento Institucional<\/h3>\n\n\n\n<p>Berenice Reynoso reiter\u00f3 su firme creencia en la persecuci\u00f3n penal estrat\u00e9gica, que se enfoca en el fen\u00f3meno criminal y los mercados delictivos, m\u00e1s all\u00e1 de los casos individuales.<\/p>\n\n\n\n<p>Finalmente, resalt\u00f3 desaf\u00edos cruciales para fortalecer la carrera del Ministerio P\u00fablico, como la creaci\u00f3n de un fondo de pensi\u00f3n, una ausencia que consider\u00f3 \u00abtotalmente inadmisible\u00bb y que se busca robustecer la inspector\u00eda y el sistema de consecuencias para garantizar la permanencia de los profesionales eficientes en la instituci\u00f3n.<\/p>\n","protected":false},"excerpt":{"rendered":"<p>La procuradora general de la Rep\u00fablica detalla estrategias de modernizaci\u00f3n y fortalecimiento del Ministerio P\u00fablico<\/p>\n","protected":false},"author":1,"featured_media":17380,"comment_status":"open","ping_status":"open","sticky":false,"template":"","format":"standard","meta":{"footnotes":""},"categories":[12],"tags":[],"class_list":["post-17377","post","type-post","status-publish","format-standard","has-post-thumbnail","hentry","category-nacionales"],"_links":{"self":[{"href":"https:\/\/samantharadionline.com\/index.php\/wp-json\/wp\/v2\/posts\/17377","targetHints":{"allow":["GET"]}}],"collection":[{"href":"https:\/\/samantharadionline.com\/index.php\/wp-json\/wp\/v2\/posts"}],"about":[{"href":"https:\/\/samantharadionline.com\/index.php\/wp-json\/wp\/v2\/types\/post"}],"author":[{"embeddable":true,"href":"https:\/\/samantharadionline.com\/index.php\/wp-json\/wp\/v2\/users\/1"}],"replies":[{"embeddable":true,"href":"https:\/\/samantharadionline.com\/index.php\/wp-json\/wp\/v2\/comments?post=17377"}],"version-history":[{"count":1,"href":"https:\/\/samantharadionline.com\/index.php\/wp-json\/wp\/v2\/posts\/17377\/revisions"}],"predecessor-version":[{"id":17379,"href":"https:\/\/samantharadionline.com\/index.php\/wp-json\/wp\/v2\/posts\/17377\/revisions\/17379"}],"wp:featuredmedia":[{"embeddable":true,"href":"https:\/\/samantharadionline.com\/index.php\/wp-json\/wp\/v2\/media\/17380"}],"wp:attachment":[{"href":"https:\/\/samantharadionline.com\/index.php\/wp-json\/wp\/v2\/media?parent=17377"}],"wp:term":[{"taxonomy":"category","embeddable":true,"href":"https:\/\/samantharadionline.com\/index.php\/wp-json\/wp\/v2\/categories?post=17377"},{"taxonomy":"post_tag","embeddable":true,"href":"https:\/\/samantharadionline.com\/index.php\/wp-json\/wp\/v2\/tags?post=17377"}],"curies":[{"name":"wp","href":"https:\/\/api.w.org\/{rel}","templated":true}]}}