{"id":17370,"date":"2025-07-13T12:25:31","date_gmt":"2025-07-13T16:25:31","guid":{"rendered":"https:\/\/samantharadionline.com\/?p=17370"},"modified":"2025-07-13T12:25:32","modified_gmt":"2025-07-13T16:25:32","slug":"retiran-siete-querellas-contra-el-comunicador-angel-martinez-por-difamacion-e-injuria","status":"publish","type":"post","link":"https:\/\/samantharadionline.com\/index.php\/2025\/07\/13\/retiran-siete-querellas-contra-el-comunicador-angel-martinez-por-difamacion-e-injuria\/","title":{"rendered":"Retiran siete querellas contra el comunicador \u00c1ngel Mart\u00ednez por difamaci\u00f3n e injuria"},"content":{"rendered":"\n<p class=\"has-medium-font-size\"><em>Los querellantes decidieron poner fin a las denuncias y querellas mediante un acuerdo de retractaci\u00f3n. Esta decisi\u00f3n se bas\u00f3 en que Mart\u00ednez se retract\u00f3 de lo dicho, pidi\u00f3 disculpas p\u00fablicas y elimin\u00f3 de sus plataformas los videos que consideraban difamatorios<\/em><\/p>\n\n\n\n<figure class=\"wp-block-image\"><img decoding=\"async\" src=\"https:\/\/listindiario.com\/files\/image_60_60\/uploads\/2023\/05\/11\/645d0fa7541ad.png\" alt=\"Avatar del Ram\u00f3n Cruz Benz\u00e1n\"\/><\/figure>\n\n\n\n<p><em>\u00a0<\/em>Ram\u00f3n Cruz Benz\u00e1n,<strong> Santo Domingo, RD\u00a0<\/strong><\/p>\n\n\n\n<p>Otras siete querellas que hab\u00edan sido interpuestas por difamaci\u00f3n e injuria contra el comunicador \u00c1ngel Mart\u00ednez fueron retiradas ante el Ministerio P\u00fablico, luego de que las partes llegaran a un acuerdo amigable.<\/p>\n\n\n\n<p>Las querellas, que se encontraban depositadas y en proceso de dep\u00f3sito,&nbsp;<strong>fueron dejadas sin efecto y sin valor legal.<\/strong><\/p>\n\n\n\n<p>Esto ocurri\u00f3 tras una vista de conciliaci\u00f3n en la Fiscal\u00eda de Valverde Mao, donde se arrib\u00f3 a un acuerdo para poner fin a los procesos.<\/p>\n\n\n\n<p>En la vista, Mart\u00ednez, acompa\u00f1ado de su abogado Ronny Crousset, lleg\u00f3 a un entendimiento con los querellantes: Germ\u00e1n Dami\u00e1n Rodr\u00edguez Salda\u00f1a (alcalde de Laguna Salada), Deisy Yanelis Aquino Mesa, Librado Nicanor Acosta Belliard, Luis Manuel D\u00edaz, Ricki Ricardo Tejada Blanco, Jos\u00e9 Miguel Peralta Castellano y Mart\u00edn Nolasco.<\/p>\n\n\n\n<p>Los querellantes decidieron poner fin a las denuncias y querellas&nbsp;<strong>mediante un acuerdo de retractaci\u00f3n<\/strong>.<\/p>\n\n\n\n<p>Esta decisi\u00f3n se bas\u00f3 en que Mart\u00ednez se retract\u00f3 de lo dicho, pidi\u00f3 disculpas p\u00fablicas y elimin\u00f3 de sus plataformas los videos que consideraban difamatorios.<\/p>\n\n\n\n<p>Por recomendaci\u00f3n de sus abogados, los querellantes solicitaron al Ministerio P\u00fablico archivar y dejar sin efecto jur\u00eddico las acciones emprendidas y las que estaban por realizarse.<\/p>\n\n\n\n<p><strong>Cuestionamientos legales<\/strong><\/p>\n\n\n\n<p>El abogado Ronny Crousset celebr\u00f3 la voluntad de las partes y la decisi\u00f3n de finalizar estos procesos.<\/p>\n\n\n\n<p>En su ejercicio profesional, afirm\u00f3 nunca haber presenciado la solicitud de medidas de coerci\u00f3n contra un comunicador por ejercer un derecho fundamental como la<strong>&nbsp;libre expresi\u00f3n y difusi\u00f3n del pensamiento<\/strong>&nbsp;en territorio estadounidense.<\/p>\n\n\n\n<p>Crousset cuestion\u00f3 severamente la imposici\u00f3n de un grillete electr\u00f3nico a su cliente por supuesta difamaci\u00f3n, as\u00ed como una fianza y tres impedimentos de salida a un comunicador al que, seg\u00fan \u00e9l, ni siquiera se le ha probado legal y judicialmente la supuesta difamaci\u00f3n.<\/p>\n\n\n\n<p>El abogado hizo un llamado a la clase period\u00edstica para que se vea reflejada en lo que le est\u00e1 sucediendo a \u00c1ngel Mart\u00ednez, advirtiendo que \u00abhoy&nbsp;<strong>ser\u00e1 \u00e9l y ma\u00f1ana ser\u00e1n otros de los que le dieron la espalda<\/strong>\u00ab. Enfatiz\u00f3 que si los periodistas se mantienen desunidos, \u00abser\u00e1n cada uno vencidos y no tendr\u00e1n ayuda porque no ayudaron a uno de su clase\u00bb.<\/p>\n\n\n\n<p>Estos retiros de querellas se suman a la que hab\u00eda sido interpuesta por el comunicador Varga Vila River\u00f3n contra Mart\u00ednez, la cual tambi\u00e9n fue archivada despu\u00e9s de que Mart\u00ednez ofreciera disculpas p\u00fablicas en el programa \u00abTu Ma\u00f1ana\u00bb.<\/p>\n","protected":false},"excerpt":{"rendered":"<p>Los querellantes decidieron poner fin a las denuncias y querellas mediante un acuerdo de retractaci\u00f3n.<\/p>\n","protected":false},"author":1,"featured_media":17371,"comment_status":"open","ping_status":"open","sticky":false,"template":"","format":"standard","meta":{"footnotes":""},"categories":[11],"tags":[],"class_list":["post-17370","post","type-post","status-publish","format-standard","has-post-thumbnail","hentry","category-entretenimiento"],"_links":{"self":[{"href":"https:\/\/samantharadionline.com\/index.php\/wp-json\/wp\/v2\/posts\/17370","targetHints":{"allow":["GET"]}}],"collection":[{"href":"https:\/\/samantharadionline.com\/index.php\/wp-json\/wp\/v2\/posts"}],"about":[{"href":"https:\/\/samantharadionline.com\/index.php\/wp-json\/wp\/v2\/types\/post"}],"author":[{"embeddable":true,"href":"https:\/\/samantharadionline.com\/index.php\/wp-json\/wp\/v2\/users\/1"}],"replies":[{"embeddable":true,"href":"https:\/\/samantharadionline.com\/index.php\/wp-json\/wp\/v2\/comments?post=17370"}],"version-history":[{"count":1,"href":"https:\/\/samantharadionline.com\/index.php\/wp-json\/wp\/v2\/posts\/17370\/revisions"}],"predecessor-version":[{"id":17372,"href":"https:\/\/samantharadionline.com\/index.php\/wp-json\/wp\/v2\/posts\/17370\/revisions\/17372"}],"wp:featuredmedia":[{"embeddable":true,"href":"https:\/\/samantharadionline.com\/index.php\/wp-json\/wp\/v2\/media\/17371"}],"wp:attachment":[{"href":"https:\/\/samantharadionline.com\/index.php\/wp-json\/wp\/v2\/media?parent=17370"}],"wp:term":[{"taxonomy":"category","embeddable":true,"href":"https:\/\/samantharadionline.com\/index.php\/wp-json\/wp\/v2\/categories?post=17370"},{"taxonomy":"post_tag","embeddable":true,"href":"https:\/\/samantharadionline.com\/index.php\/wp-json\/wp\/v2\/tags?post=17370"}],"curies":[{"name":"wp","href":"https:\/\/api.w.org\/{rel}","templated":true}]}}