{"id":17367,"date":"2025-07-12T22:32:00","date_gmt":"2025-07-13T02:32:00","guid":{"rendered":"https:\/\/samantharadionline.com\/?p=17367"},"modified":"2025-07-12T22:32:01","modified_gmt":"2025-07-13T02:32:01","slug":"amnistia-vuelve-a-pedir-al-gobierno-dominicano-poner-fin-a-politicas-migratorias-racistas","status":"publish","type":"post","link":"https:\/\/samantharadionline.com\/index.php\/2025\/07\/12\/amnistia-vuelve-a-pedir-al-gobierno-dominicano-poner-fin-a-politicas-migratorias-racistas\/","title":{"rendered":"Amnist\u00eda vuelve a pedir al Gobierno dominicano poner fin \u00aba pol\u00edticas migratorias racistas\u00bb"},"content":{"rendered":"\n<p class=\"has-medium-font-size\"><em>Se pronunci\u00f3 as\u00ed en un comunicado despu\u00e9s de que Abinader dijera que AI \u00abno tienen autoridad moral\u00bb para cuestionar su pol\u00edtica contra la migraci\u00f3n irregular haitiana en el pa\u00eds, que solo en el primer semestre de este a\u00f1o deport\u00f3 a 184.001 haitianos indocumentados.<\/em><\/p>\n\n\n\n<figure class=\"wp-block-image\"><img decoding=\"async\" src=\"https:\/\/listindiario.com\/files\/image_60_60\/uploads\/2023\/05\/23\/646cd02f4f53e.jpeg\" alt=\"Avatar del Agencia EFE\"\/><\/figure>\n\n\n\n<p><em>\u00a0<\/em>Agencia EFE, <strong>Santo Domingo, RD<\/strong><\/p>\n\n\n\n<p><strong>Amnist\u00eda Internacional (AI)&nbsp;<\/strong>respondi\u00f3 este viernes al presidente dominicano,&nbsp;<strong>Luis Abinader<\/strong>, que&nbsp;<strong>\u00abevadir cr\u00edticas no detiene las violaciones de derechos humanos\u00bb<\/strong>&nbsp;y le volvi\u00f3 a pedir que ponga fin \u00abde manera inmediata\u00bb a sus pol\u00edticas migratorias \u00abracistas y discriminatorias\u00bb que, a su juicio, se aplica en contra de los haitianos en este pa\u00eds.<\/p>\n\n\n\n<p>La organizaci\u00f3n se pronunci\u00f3 as\u00ed en un comunicado despu\u00e9s de que Abinader dijera que AI<strong>&nbsp;\u00abno tienen autoridad moral\u00bb&nbsp;<\/strong>para cuestionar su pol\u00edtica contra la migraci\u00f3n irregular haitiana en el pa\u00eds, que solo en el primer semestre de este a\u00f1o deport\u00f3 a 184.001 haitianos indocumentados.<\/p>\n\n\n\n<p>\u00abNo tienen autoridad moral para cuestionarnos cuando han sido indiferentes ante una crisis que amenaza la regi\u00f3n entera\u00bb, declar\u00f3 el mandatario tras ser consultado sobre unas recientes declaraciones de AI, que inst\u00f3 al mandatario \u00aba poner fin de inmediato a las deportaciones colectivas, al perfilamiento racial y a pr\u00e1cticas migratorias discriminatorias\u00bb.<\/p>\n\n\n\n<p>Las declaraciones de este viernes de Abinader \u00abconfirman la estrategia del Gobierno dominicano de evadir las graves denuncias de violaciones a derechos humanos que hemos documentado reiteradamente\u00bb, afirm\u00f3 Ana Piquer, directora para las Am\u00e9ricas de Amnist\u00eda Internacional.<\/p>\n\n\n\n<p><strong>Lea tambi\u00e9n<\/strong><\/p>\n\n\n\n<p>En su lugar, \u00abrecurre a una supuesta narrativa de unidad nacional construida sobre la exclusi\u00f3n de personas haitianas, para justificar el incumplimiento de sus obligaciones internacionales en derechos humanos\u00bb, agreg\u00f3.<\/p>\n\n\n\n<p>Piquer dijo que AI entreg\u00f3 un conjunto de recomendaciones en el marco del di\u00e1logo que, a solicitud de Abinader, convoc\u00f3 el Consejo Econ\u00f3mico y Social (CES) para tratar sobre la crisis haitiana y su repercusi\u00f3n en la Rep\u00fablica Dominicana, que comparte la isla La Espa\u00f1ola con Hait\u00ed, sumido desde hace a\u00f1os en un profunda crisis.<\/p>\n\n\n\n<p>Sin embargo, se\u00f1al\u00f3 que no han tenido respuestas, por lo que reiter\u00f3 el llamado de AI al Ejecutivo dominicano \u00aba poner fin de manera inmediata a las pol\u00edticas migratorias racistas y discriminatorias, detener las expulsiones colectivas, restituir la nacionalidad a las personas dominicanas de ascendencia haitiana, y garantizar v\u00edas legales, seguras y accesibles para la entrada, permanencia y regularizaci\u00f3n de personas migrantes\u00bb.<\/p>\n\n\n\n<p>Asimismo, exigi\u00f3 la revocaci\u00f3n del protocolo sanitario que vincula el acceso a servicios de salud de los haitianos indocumentados con la deportaci\u00f3n, \u00abuna medida que pone en riesgo vidas y viola el derecho a la salud\u00bb, subray\u00f3 la organizaci\u00f3n en su comunicado.<\/p>\n\n\n\n<p>El Ejecutivo dominicano implement\u00f3 en octubre de 2024 un plan de deportaciones con el que buscaba repatriar a 10.000 haitianos por semana para controlar la migraci\u00f3n irregular.<\/p>\n\n\n\n<p>Adem\u00e1s, en abril de este a\u00f1o Abinader anunci\u00f3 quince nuevas medidas en contra de la migraci\u00f3n desde Hait\u00ed, entre ellas la relativa a los hospitales p\u00fablicos, que afecta especialmente a embarazadas y parturientas.<\/p>\n\n\n\n<p>Seg\u00fan datos de la&nbsp;<strong>Direcci\u00f3n General de Migraci\u00f3n (DGM)<\/strong>, durante el primer semestre del a\u00f1o se deport\u00f3 a 184.001 haitianos en condici\u00f3n migratoria irregular, de ellos 30.757 en junio pasado.<\/p>\n","protected":false},"excerpt":{"rendered":"<p>Se pronunci\u00f3 as\u00ed en un comunicado despu\u00e9s de que Abinader dijera que AI \u00abno tienen<\/p>\n","protected":false},"author":1,"featured_media":17368,"comment_status":"open","ping_status":"open","sticky":false,"template":"","format":"standard","meta":{"footnotes":""},"categories":[4],"tags":[],"class_list":["post-17367","post","type-post","status-publish","format-standard","has-post-thumbnail","hentry","category-mundiales"],"_links":{"self":[{"href":"https:\/\/samantharadionline.com\/index.php\/wp-json\/wp\/v2\/posts\/17367","targetHints":{"allow":["GET"]}}],"collection":[{"href":"https:\/\/samantharadionline.com\/index.php\/wp-json\/wp\/v2\/posts"}],"about":[{"href":"https:\/\/samantharadionline.com\/index.php\/wp-json\/wp\/v2\/types\/post"}],"author":[{"embeddable":true,"href":"https:\/\/samantharadionline.com\/index.php\/wp-json\/wp\/v2\/users\/1"}],"replies":[{"embeddable":true,"href":"https:\/\/samantharadionline.com\/index.php\/wp-json\/wp\/v2\/comments?post=17367"}],"version-history":[{"count":1,"href":"https:\/\/samantharadionline.com\/index.php\/wp-json\/wp\/v2\/posts\/17367\/revisions"}],"predecessor-version":[{"id":17369,"href":"https:\/\/samantharadionline.com\/index.php\/wp-json\/wp\/v2\/posts\/17367\/revisions\/17369"}],"wp:featuredmedia":[{"embeddable":true,"href":"https:\/\/samantharadionline.com\/index.php\/wp-json\/wp\/v2\/media\/17368"}],"wp:attachment":[{"href":"https:\/\/samantharadionline.com\/index.php\/wp-json\/wp\/v2\/media?parent=17367"}],"wp:term":[{"taxonomy":"category","embeddable":true,"href":"https:\/\/samantharadionline.com\/index.php\/wp-json\/wp\/v2\/categories?post=17367"},{"taxonomy":"post_tag","embeddable":true,"href":"https:\/\/samantharadionline.com\/index.php\/wp-json\/wp\/v2\/tags?post=17367"}],"curies":[{"name":"wp","href":"https:\/\/api.w.org\/{rel}","templated":true}]}}