{"id":17364,"date":"2025-07-12T22:29:11","date_gmt":"2025-07-13T02:29:11","guid":{"rendered":"https:\/\/samantharadionline.com\/?p=17364"},"modified":"2025-07-12T22:29:13","modified_gmt":"2025-07-13T02:29:13","slug":"retiran-querella-contra-angel-martinez-ante-el-ministerio-publico","status":"publish","type":"post","link":"https:\/\/samantharadionline.com\/index.php\/2025\/07\/12\/retiran-querella-contra-angel-martinez-ante-el-ministerio-publico\/","title":{"rendered":"Retiran querella contra \u00c1ngel Mart\u00ednez ante el Ministerio P\u00fablico"},"content":{"rendered":"\n<p class=\"has-medium-font-size\"><em>\u00c1ngel Mart\u00ednez se disculp\u00f3 p\u00fablicamente en el programa \u00abTu Ma\u00f1ana\u00bb tanto con Varga Vila River\u00f3n como con Colombia Alc\u00e1ntara. Ambos aceptaron sus disculpas, se dieron un abrazo y acordaron cerrar el tema que origin\u00f3 las controversias entre ellos<\/em><\/p>\n\n\n\n<figure class=\"wp-block-image\"><img decoding=\"async\" src=\"https:\/\/listindiario.com\/files\/image_60_60\/uploads\/2023\/05\/11\/645d0fa7541ad.png\" alt=\"Avatar del Ram\u00f3n Cruz Benz\u00e1n\"\/><\/figure>\n\n\n\n<p><em>\u00a0<\/em>Ram\u00f3n Cruz Benz\u00e1n, <strong>Santo Domingo, RD<\/strong><\/p>\n\n\n\n<p>El Ministerio P\u00fablico del Distrito Nacional recibi\u00f3 el pasado dos de julio de 2025 la primera solicitud de archivo definitivo de querella en favor del comunicador \u00c1ngel Mart\u00ednez.<\/p>\n\n\n\n<p>Esta querella hab\u00eda sido interpuesta por presunta difamaci\u00f3n e injurias en perjuicio del comunicador Varga Vila River\u00f3n.<\/p>\n\n\n\n<p><strong>\u00c1ngel Mart\u00ednez se disculp\u00f3 p\u00fablicamente en el programa \u00abTu Ma\u00f1ana\u00bb&nbsp;<\/strong>tanto con Varga Vila River\u00f3n como con Colombia Alc\u00e1ntara. Ambos aceptaron sus disculpas, se dieron un abrazo y acordaron cerrar el tema que origin\u00f3 las controversias entre ellos.<\/p>\n\n\n\n<p>Por su parte, el abogado Julio C\u00e9sar Fern\u00e1ndez ha visto con benepl\u00e1cito el cese de estas controversias, argumentando que, al final, no habr\u00edan tenido ning\u00fan resultado ni beneficio para ninguna de las partes. Seg\u00fan Fern\u00e1ndez, en estos casos, existe un choque entre dos derechos fundamentales: el de la libre expresi\u00f3n y difusi\u00f3n del pensamiento y el derecho al honor. Derechos que, en ning\u00fan pa\u00eds democr\u00e1tico, se castigan con prisi\u00f3n.<\/p>\n\n\n\n<p><strong>Cr\u00edticas a la gesti\u00f3n del caso y recomendaciones<\/strong><\/p>\n\n\n\n<p>El jurista sostuvo que el caso de \u00c1ngel Mart\u00ednez \u00abse ha manejado totalmente de manera ilegal\u00bb, ya que, para ser un caso de difamaci\u00f3n, se han<strong>&nbsp;\u00abroto todos los esquemas de la prudencia y del debido proceso\u00bb<\/strong>.&nbsp;<\/p>\n\n\n\n<p>Esto, seg\u00fan Fern\u00e1ndez, demuestra que el Ministerio P\u00fablico est\u00e1 cometiendo un abuso de poder contra \u00c1ngel Mart\u00ednez, y todas esas arbitrariedades \u00abtienen consecuencias jur\u00eddicas en su favor\u00bb.<\/p>\n\n\n\n<p>Fern\u00e1ndez adelant\u00f3 que muchos abogados saben bien que los casos de difamaci\u00f3n \u00abno van para ning\u00fan lado\u00bb y, aun as\u00ed, \u00abmal aconsejan al &#8216;ofendido&#8217; para que se querelle, le cobran por adelantado y luego le dicen &#8216;t\u00fa deber\u00edas hacer un acuerdo y dejar eso&#8217;, &#8216;t\u00fa no vas a conseguir nada'\u00bb, sin devolver el dinero cobrado.<\/p>\n\n\n\n<p>Por ello, exhort\u00f3 a muchos \u00abofendidos\u00bb a que \u00abno pierdan su tiempo con \u00c1ngel Mart\u00ednez y que recuerden que ese se\u00f1or vive en los Estados Unidos y transmite en su canal de YouTube desde all\u00e1 y que est\u00e1 amparado en la Primera Enmienda de la Constituci\u00f3n Norteamericana\u00bb. A\u00f1adi\u00f3 que el Tratado de Budapest no castiga de ninguna forma la difamaci\u00f3n, y que, cuando todos esos procesos sean rechazados por los tribunales, los querellantes \u00abse preparen porque podr\u00edan ser demandados en da\u00f1os y perjuicios\u00bb.<\/p>\n\n\n\n<p>Adem\u00e1s, consider\u00f3 que \u00abtratar de pelearse con \u00c1ngel Mart\u00ednez ser\u00eda perder su tiempo porque ese se\u00f1or no posee ning\u00fan bien econ\u00f3mico en el pa\u00eds y se imagina que en Estados Unidos tampoco\u00bb.<\/p>\n\n\n\n<p>El abogado explic\u00f3 que si alguien consiguiera una condena civil en da\u00f1os y perjuicios que fuera firme dentro de varios a\u00f1os, despu\u00e9s de agotar las cuatro instancias judiciales, \u00abel beneficiario tendr\u00eda en la mano un papel vac\u00edo, que no encontrar\u00e1 qu\u00e9 hacer con \u00e9l, ni d\u00f3nde ejecutarlo y al final del tiempo perdi\u00f3 su dinero, su tiempo y no le sirvi\u00f3 de nada\u00bb.<\/p>\n\n\n\n<p>Por lo tanto, recomend\u00f3 que en esos casos lo mejor es \u00abllegar a un acuerdo desde el inicio y que ambos sigan sus caminos, que eso dar\u00e1 mayor resultado en vez de estar desgast\u00e1ndose en los tribunales\u00bb, y se regocij\u00f3 ante la posibilidad de que \u00c1ngel Mart\u00ednez gane el caso y \u00abluego sea peor\u00bb para los querellantes.<\/p>\n\n\n\n<p>Fern\u00e1ndez finaliz\u00f3 diciendo que la decisi\u00f3n tomada por el periodista Varga Vila River\u00f3n \u00abes lo m\u00e1s atinado y conveniente, porque as\u00ed ya sali\u00f3 de eso y cerr\u00f3 ese caso\u00bb.<\/p>\n\n\n\n<p>Exhort\u00f3 a cualquier funcionario del gobierno a \u00abdejar sus \u00f1o\u00f1er\u00edas\u00bb, ya que este caso \u00able est\u00e1 ocasionando demasiado ruido negativo al gobierno porque si ese se\u00f1or ya se retract\u00f3, pidi\u00f3 disculpas, borr\u00f3 los videos, \u00bfqu\u00e9 m\u00e1s quieren seguir jodiendo con eso?\u00bb. Concluy\u00f3 enf\u00e1ticamente con la frase: \u00abRegoc\u00edjense que a ese viejo le pase algo en este pa\u00eds y sea necesario pagarlo como nuevo\u00bb.<\/p>\n","protected":false},"excerpt":{"rendered":"<p>\u00c1ngel Mart\u00ednez se disculp\u00f3 p\u00fablicamente en el programa \u00abTu Ma\u00f1ana\u00bb tanto con Varga Vila River\u00f3n<\/p>\n","protected":false},"author":1,"featured_media":17365,"comment_status":"open","ping_status":"open","sticky":false,"template":"","format":"standard","meta":{"footnotes":""},"categories":[11],"tags":[],"class_list":["post-17364","post","type-post","status-publish","format-standard","has-post-thumbnail","hentry","category-entretenimiento"],"_links":{"self":[{"href":"https:\/\/samantharadionline.com\/index.php\/wp-json\/wp\/v2\/posts\/17364","targetHints":{"allow":["GET"]}}],"collection":[{"href":"https:\/\/samantharadionline.com\/index.php\/wp-json\/wp\/v2\/posts"}],"about":[{"href":"https:\/\/samantharadionline.com\/index.php\/wp-json\/wp\/v2\/types\/post"}],"author":[{"embeddable":true,"href":"https:\/\/samantharadionline.com\/index.php\/wp-json\/wp\/v2\/users\/1"}],"replies":[{"embeddable":true,"href":"https:\/\/samantharadionline.com\/index.php\/wp-json\/wp\/v2\/comments?post=17364"}],"version-history":[{"count":1,"href":"https:\/\/samantharadionline.com\/index.php\/wp-json\/wp\/v2\/posts\/17364\/revisions"}],"predecessor-version":[{"id":17366,"href":"https:\/\/samantharadionline.com\/index.php\/wp-json\/wp\/v2\/posts\/17364\/revisions\/17366"}],"wp:featuredmedia":[{"embeddable":true,"href":"https:\/\/samantharadionline.com\/index.php\/wp-json\/wp\/v2\/media\/17365"}],"wp:attachment":[{"href":"https:\/\/samantharadionline.com\/index.php\/wp-json\/wp\/v2\/media?parent=17364"}],"wp:term":[{"taxonomy":"category","embeddable":true,"href":"https:\/\/samantharadionline.com\/index.php\/wp-json\/wp\/v2\/categories?post=17364"},{"taxonomy":"post_tag","embeddable":true,"href":"https:\/\/samantharadionline.com\/index.php\/wp-json\/wp\/v2\/tags?post=17364"}],"curies":[{"name":"wp","href":"https:\/\/api.w.org\/{rel}","templated":true}]}}