{"id":17361,"date":"2025-07-11T20:41:42","date_gmt":"2025-07-12T00:41:42","guid":{"rendered":"https:\/\/samantharadionline.com\/?p=17361"},"modified":"2025-07-11T20:41:43","modified_gmt":"2025-07-12T00:41:43","slug":"cuatro-fallecidos-17-rescatados-y-continua-la-busqueda-de-50-perdidos-del-naufragio-en-juanillo","status":"publish","type":"post","link":"https:\/\/samantharadionline.com\/index.php\/2025\/07\/11\/cuatro-fallecidos-17-rescatados-y-continua-la-busqueda-de-50-perdidos-del-naufragio-en-juanillo\/","title":{"rendered":"Cuatro fallecidos, 17 rescatados y contin\u00faa la b\u00fasqueda de 50 perdidos del naufragio en Juanillo"},"content":{"rendered":"\n<p class=\"has-medium-font-size\"><em>En el grupo de frustrados viajeros, estaba un menor y la mayor\u00eda eran residentes de Hig\u00fcey, Peravia, Mar\u00eda Trinidad S\u00e1nchez y el Distrito Nacional<\/em><\/p>\n\n\n\n<p><em>\u00a0<\/em>Florentino Dur\u00e1n,\u00a0Rafael Castro, <strong>Hig\u00fcey, RD.<\/strong><\/p>\n\n\n\n<p>Las autoridades contin\u00faan la<strong>&nbsp;b\u00fasqueda de unas 50 personas<\/strong>&nbsp;que se reportaron desaparecidas del naufragio de una embarcaci\u00f3n en la madrugada de este viernes frente a l<strong>as costas de Juanillo&nbsp;<\/strong>de la provincia&nbsp;<strong>La Altagracia<\/strong>.<\/p>\n\n\n\n<p>La tragedia dej\u00f3 un saldo preliminar de al menos&nbsp;<strong>cuatro personas fallecidas<\/strong>.<\/p>\n\n\n\n<p>Miembros de la&nbsp;<strong>Armada<\/strong>,&nbsp;<strong>Cuerpo de Bomberos<\/strong>, y&nbsp;<strong>autoridades de rescate<\/strong>, contin\u00faan las labores de b\u00fasqueda de los<strong>&nbsp;frustrados viajeros<\/strong>,&nbsp;<strong>17 de los cuales fueron rescatados<\/strong>&nbsp;al intentar la traves\u00eda, de los cuales&nbsp;<strong>10 eran dominicanos y 7 haitianos<\/strong>.<\/p>\n\n\n\n<p>En el grupo de frustrados viajeros, estaba<strong>&nbsp;un menor<\/strong>&nbsp;y la mayor\u00eda eran residentes de<strong>&nbsp;Hig\u00fcey, Peravia, Mar\u00eda Trinidad S\u00e1nchez y el Distrito Nacional.&nbsp;<\/strong>Se desconoce&nbsp;su destino exacto, aunque se presume que se trataba de un viaje ilegal con rumbo hacia Puerto Rico.<\/p>\n\n\n\n<p>Los rescatados fueron atendidos en el&nbsp;<strong>hospital de Ver\u00f3n<\/strong>, mientras se llevaban a cabo las labores de b\u00fasqueda y rescate, siguiendo el protocolo que se ejecuta en estos casos.&nbsp;<\/p>\n\n\n\n<p>Mientras que, los cad\u00e1veres fueron trasladados a un centro forense en la zona Este del pa\u00eds para su identificaci\u00f3n.<\/p>\n\n\n\n<p>El caso llama la atenci\u00f3n, debido a que pese a que los&nbsp;<strong>viajes ilegales<\/strong>&nbsp;no son nuevos por esta zona del pa\u00eds, se han reducido debido a las nuevas medidas migratorias impuestas por el gobierno norteamericano, especialmente luego de que asumiera su segundo mandato, el presidente de Estados Unidos,&nbsp;<strong>Donald Trump<\/strong>.<\/p>\n\n\n\n<p>Incluso los desanimosos se fortalecen debido a la cantidad de dominicanos que llegan desde los Estados Unidos o Puerto Rico, donde se sabe de redadas y escarseo con&nbsp;<strong>ilegales,<\/strong>&nbsp;que tienen muchos a\u00f1os viviendo all\u00ed.<\/p>\n\n\n\n<p>En las labores de rescate participan pescadores de la zona, miembros de la&nbsp;<strong>Defensa Civil&nbsp;<\/strong>y de las entidades de Socorro.&nbsp;<\/p>\n\n\n\n<figure class=\"wp-block-image\" id=\"m37768-37767-37769\"><img decoding=\"async\" src=\"https:\/\/listindiario.com\/files\/vertical_main_image\/uploads\/2025\/07\/11\/68718f94bc609.jpeg\" alt=\"En las labores de rescate participan pescadores de la zona, miembros de la Defensa Civil y de las entidades de Socorro.\"\/><figcaption class=\"wp-element-caption\">En las labores de rescate participan pescadores de la zona, miembros de la Defensa Civil y de las entidades de Socorro.Fuente externa<\/figcaption><\/figure>\n\n\n\n<p>Este naufragio se suma a otros incidentes similares ocurridos en los \u00faltimos a\u00f1os, que evidencian los riesgos que asumen muchas personas al intentar&nbsp;<strong>salir del pa\u00eds por v\u00edas irregulares<\/strong>.<\/p>\n\n\n\n<p>Las autoridades han prometido ofrecer m\u00e1s detalles en las&nbsp;pr\u00f3ximas&nbsp;horas.<\/p>\n","protected":false},"excerpt":{"rendered":"<p>En el grupo de frustrados viajeros, estaba un menor y la mayor\u00eda eran residentes de<\/p>\n","protected":false},"author":1,"featured_media":17362,"comment_status":"open","ping_status":"open","sticky":false,"template":"","format":"standard","meta":{"footnotes":""},"categories":[12],"tags":[],"class_list":["post-17361","post","type-post","status-publish","format-standard","has-post-thumbnail","hentry","category-nacionales"],"_links":{"self":[{"href":"https:\/\/samantharadionline.com\/index.php\/wp-json\/wp\/v2\/posts\/17361","targetHints":{"allow":["GET"]}}],"collection":[{"href":"https:\/\/samantharadionline.com\/index.php\/wp-json\/wp\/v2\/posts"}],"about":[{"href":"https:\/\/samantharadionline.com\/index.php\/wp-json\/wp\/v2\/types\/post"}],"author":[{"embeddable":true,"href":"https:\/\/samantharadionline.com\/index.php\/wp-json\/wp\/v2\/users\/1"}],"replies":[{"embeddable":true,"href":"https:\/\/samantharadionline.com\/index.php\/wp-json\/wp\/v2\/comments?post=17361"}],"version-history":[{"count":1,"href":"https:\/\/samantharadionline.com\/index.php\/wp-json\/wp\/v2\/posts\/17361\/revisions"}],"predecessor-version":[{"id":17363,"href":"https:\/\/samantharadionline.com\/index.php\/wp-json\/wp\/v2\/posts\/17361\/revisions\/17363"}],"wp:featuredmedia":[{"embeddable":true,"href":"https:\/\/samantharadionline.com\/index.php\/wp-json\/wp\/v2\/media\/17362"}],"wp:attachment":[{"href":"https:\/\/samantharadionline.com\/index.php\/wp-json\/wp\/v2\/media?parent=17361"}],"wp:term":[{"taxonomy":"category","embeddable":true,"href":"https:\/\/samantharadionline.com\/index.php\/wp-json\/wp\/v2\/categories?post=17361"},{"taxonomy":"post_tag","embeddable":true,"href":"https:\/\/samantharadionline.com\/index.php\/wp-json\/wp\/v2\/tags?post=17361"}],"curies":[{"name":"wp","href":"https:\/\/api.w.org\/{rel}","templated":true}]}}