{"id":17354,"date":"2025-07-11T16:49:45","date_gmt":"2025-07-11T20:49:45","guid":{"rendered":"https:\/\/samantharadionline.com\/?p=17354"},"modified":"2025-07-11T16:49:47","modified_gmt":"2025-07-11T20:49:47","slug":"se-declara-culpable-de-cuatro-cargos-de-narcotrafico-en-eeuu","status":"publish","type":"post","link":"https:\/\/samantharadionline.com\/index.php\/2025\/07\/11\/se-declara-culpable-de-cuatro-cargos-de-narcotrafico-en-eeuu\/","title":{"rendered":"Se declara culpable de cuatro cargos de narcotr\u00e1fico en EEUU"},"content":{"rendered":"\n<p class=\"has-medium-font-size\"><em>Los cargos incluyen tr\u00e1fico de m\u00faltiples drogas (incluido el fentanilo) y participar en el crimen organizado; al escucharlos, Guzm\u00e1n iba respondiendo afirmativamente<\/em><\/p>\n\n\n\n<figure class=\"wp-block-image\"><img decoding=\"async\" src=\"https:\/\/listindiario.com\/files\/image_60_60\/uploads\/2023\/05\/23\/646cd02f4f53e.jpeg\" alt=\"Avatar del Agencia EFE\"\/><\/figure>\n\n\n\n<p><em>\u00a0<\/em>Agencia EFE, <strong>Chicago, EEUU<\/strong><\/p>\n\n\n\n<p>El narcotraficante mexicano&nbsp;<strong>Ovidio Guzm\u00e1n<\/strong>, hijo de Joaqu\u00edn &#8216;<strong>el Chapo<\/strong>&#8216;, se declar\u00f3 este viernes&nbsp;<strong>culpable de cuatro cargos relacionados con el narcotr\u00e1fico<\/strong>&nbsp;ante un&nbsp;<strong>tribunal de Chicago<\/strong>, con lo que evita ir a juicio.<\/p>\n\n\n\n<p>Vestido con un mono naranja de presidiario y con esposas en los pies, Guzm\u00e1n, de 35 a\u00f1os, apareci\u00f3 con una barba y lentes, una imagen que no se le conoc\u00eda, y adopt\u00f3 un aire humilde mientras escuchaba mediante aud\u00edfonos las preguntas la jueza&nbsp;<strong>Sharon Coleman<\/strong>.<\/p>\n\n\n\n<p><strong>Los cuatro cargos<\/strong>&nbsp;incluyen tr\u00e1fico de m\u00faltiples drogas (incluido el&nbsp;<strong>fentanilo<\/strong>) y participar en el crimen organizado; al escucharlos, Guzm\u00e1n iba respondiendo afirmativamente.<\/p>\n\n\n\n<p>Coleman fijar\u00e1 su sentencia dentro de seis meses, y previsiblemente Guzm\u00e1n evitar\u00e1 la cadena perpetua al acceder a colaborar con la justicia.<\/p>\n\n\n\n<p>Sin embargo, el fiscal puntualiz\u00f3 que solicitar\u00e1 una pena menor a la perpetuidad siempre que Guzm\u00e1n \u00abcumpla\u00bb con lo que se ha comprometido, es decir -aunque no lo dijo expl\u00edcitamente- d\u00e9 suficiente informaci\u00f3n a la justicia estadounidense para seguir persiguiendo el&nbsp;<strong>narcotr\u00e1fico<\/strong>.<\/p>\n\n\n\n<p>Guzm\u00e1n tom\u00f3 la palabra para asegurar que sufre depresi\u00f3n, diagnosticada el pasado octubre, y que por ello est\u00e1 tomando medicaci\u00f3n, y dej\u00f3 claro que nadie le hab\u00eda forzado para declararse&nbsp;<strong>culpable<\/strong>.<\/p>\n\n\n\n<p>En su lectura de consideraciones previa a la formulaci\u00f3n de los&nbsp;<strong>cargos concretos<\/strong>, la fiscal\u00eda destac\u00f3 que Guzm\u00e1n era \u00abel l\u00edder de un cartel\u00bb (de Sinaloa), que hab\u00eda participado en el lavado de dinero y que hab\u00eda tenido responsabilidad en el secuestro y muerte de tres personas, lo que no fue negado por el acusado, que escuchaba atentamente.<\/p>\n\n\n\n<p>La fiscal\u00eda ha pedido adem\u00e1s que Guzm\u00e1n pague 80&nbsp;<strong>millones de d\u00f3lares<\/strong>&nbsp;de multa, pero tanto el importe de la multa como la pena definitiva de prisi\u00f3n corresponder\u00e1 fijarlas a la jueza Coleman.<\/p>\n","protected":false},"excerpt":{"rendered":"<p>Los cargos incluyen tr\u00e1fico de m\u00faltiples drogas (incluido el fentanilo) y participar en el crimen<\/p>\n","protected":false},"author":1,"featured_media":17355,"comment_status":"open","ping_status":"open","sticky":false,"template":"","format":"standard","meta":{"footnotes":""},"categories":[4],"tags":[],"class_list":["post-17354","post","type-post","status-publish","format-standard","has-post-thumbnail","hentry","category-mundiales"],"_links":{"self":[{"href":"https:\/\/samantharadionline.com\/index.php\/wp-json\/wp\/v2\/posts\/17354","targetHints":{"allow":["GET"]}}],"collection":[{"href":"https:\/\/samantharadionline.com\/index.php\/wp-json\/wp\/v2\/posts"}],"about":[{"href":"https:\/\/samantharadionline.com\/index.php\/wp-json\/wp\/v2\/types\/post"}],"author":[{"embeddable":true,"href":"https:\/\/samantharadionline.com\/index.php\/wp-json\/wp\/v2\/users\/1"}],"replies":[{"embeddable":true,"href":"https:\/\/samantharadionline.com\/index.php\/wp-json\/wp\/v2\/comments?post=17354"}],"version-history":[{"count":1,"href":"https:\/\/samantharadionline.com\/index.php\/wp-json\/wp\/v2\/posts\/17354\/revisions"}],"predecessor-version":[{"id":17356,"href":"https:\/\/samantharadionline.com\/index.php\/wp-json\/wp\/v2\/posts\/17354\/revisions\/17356"}],"wp:featuredmedia":[{"embeddable":true,"href":"https:\/\/samantharadionline.com\/index.php\/wp-json\/wp\/v2\/media\/17355"}],"wp:attachment":[{"href":"https:\/\/samantharadionline.com\/index.php\/wp-json\/wp\/v2\/media?parent=17354"}],"wp:term":[{"taxonomy":"category","embeddable":true,"href":"https:\/\/samantharadionline.com\/index.php\/wp-json\/wp\/v2\/categories?post=17354"},{"taxonomy":"post_tag","embeddable":true,"href":"https:\/\/samantharadionline.com\/index.php\/wp-json\/wp\/v2\/tags?post=17354"}],"curies":[{"name":"wp","href":"https:\/\/api.w.org\/{rel}","templated":true}]}}