{"id":17347,"date":"2025-07-11T16:44:39","date_gmt":"2025-07-11T20:44:39","guid":{"rendered":"https:\/\/samantharadionline.com\/?p=17347"},"modified":"2025-07-11T16:44:40","modified_gmt":"2025-07-11T20:44:40","slug":"aministia-internacional-no-tiene-moral-para-exigirle-a-rd-el-cese-de-las-deportaciones","status":"publish","type":"post","link":"https:\/\/samantharadionline.com\/index.php\/2025\/07\/11\/aministia-internacional-no-tiene-moral-para-exigirle-a-rd-el-cese-de-las-deportaciones\/","title":{"rendered":"Aminist\u00eda Internacional no tiene moral para exigirle a RD el cese de las deportaciones"},"content":{"rendered":"\n<p class=\"has-medium-font-size\"><em>Abinader anunci\u00f3 que prosigue un conversatorio en el Palacio Nacional el 23 de julio con las comisiones de todas las \u00e1reas que se han tocado en estos conversatorios<\/em><\/p>\n\n\n\n<figure class=\"wp-block-image\"><img decoding=\"async\" src=\"https:\/\/listindiario.com\/files\/image_60_60\/uploads\/2025\/01\/25\/67959c045be4c.jpeg\" alt=\"Avatar del Lizbeth Chalas\"\/><\/figure>\n\n\n\n<p><em>\u00a0<\/em>Lizbeth Chalas, <strong>Santo Domingo, RD.<\/strong><\/p>\n\n\n\n<p>El presidente Luis Abinader y el exmandatario Hip\u00f3lito Mej\u00eda sostuvieron una reuni\u00f3n este viernes que pone fin a los encuentros privados entre los principales l\u00edderes pol\u00edticos del pa\u00eds.<\/p>\n\n\n\n<p>Este \u00faltimo encuentro, como los anteriores, ha sido con el fin de abordar temas relacionados con la crisis sociopol\u00edtica que se desarrolla en el vecino pa\u00eds, Hait\u00ed, y su impacto indirecto en la Rep\u00fablica Dominicana, como lo propuso el Consejo Econ\u00f3mico y Social (CES).<\/p>\n\n\n\n<p><strong>Dos horas y media de reuni\u00f3n<\/strong><\/p>\n\n\n\n<p>Luego de m\u00e1s de dos horas de conversatorio en la residencia de Mej\u00eda, el presidente Luis Abinader expres\u00f3 que&nbsp;<strong>la misma fue \u00abmuy productiva\u00bb<\/strong>&nbsp;con el expresidente y un equipo del CES sobre el tema haitiano.<\/p>\n\n\n\n<p>Asimismo, el mandatario manifest\u00f3 que tambi\u00e9n discutieron el tema de migraci\u00f3n, seguridad, comercio y comunicaci\u00f3n, adem\u00e1s de los t\u00f3picos del CES&nbsp;<strong>\u00abpara llevar una pol\u00edtica m\u00e1s unificada, con relaci\u00f3n a los problemas cada vez m\u00e1s graves que hay en la Rep\u00fablica de Hait\u00ed\u00bb.<\/strong><\/p>\n\n\n\n<p>Abinader adem\u00e1s asegur\u00f3 que hay un \u00absentir\u00bb de colaboraci\u00f3n con los dem\u00e1s equipos de los expresidentes con el fin de establecer una pol\u00edtica unitaria ante la situaci\u00f3n del vecino pa\u00eds.&nbsp;<\/p>\n\n\n\n<p>Luego de culminado este di\u00e1logo entre l\u00edderes pol\u00edticos, Abinader anunci\u00f3 que p<strong>rosigue un conversatorio en el Palacio Nacional el 23 de julio con las comisiones de todas las \u00e1reas que se han tocado en estos conversatorios.&nbsp;<\/strong><\/p>\n\n\n\n<p><strong>Amnist\u00eda Internacional<\/strong><\/p>\n\n\n\n<p>Con relaci\u00f3n a la posici\u00f3n de Amnist\u00eda Internacional, que pidi\u00f3 al Gobierno dominicano detener las deportaciones masivas y respetar los derechos humanos, el presidente Abinader reiter\u00f3 nuevamente su desacuerdo con ese pronunciamiento, asegurando que&nbsp;<strong>la organizaci\u00f3n no tiene \u00abmoral\u00bb para decir nada sobre la posici\u00f3n del pa\u00eds ante la crisis.<\/strong><\/p>\n\n\n\n<p>\u00abQue se vaya Amnist\u00eda tambi\u00e9n a luchar con las bandas en Hait\u00ed; que se vayan ellos a luchar con las bandas en Hait\u00ed, que vayan a ayudar, y que hagan lo que nosotros hemos hecho, que tenemos tres a\u00f1os llamando a la comunidad internacional para que atienda ese problema y est\u00e1n dejando solo a Hait\u00ed, y nosotros tenemos que tomar las decisiones para tener la seguridad de nuestro pa\u00eds\u00bb, exclam\u00f3.<\/p>\n\n\n\n<p>Este es el tercer encuentro que Abinader sostiene con los exmandatarios. El pasado 26 de junio el encuentro fue con el expresidente Danilo Medina, y el 3 de julio con el exgobernante Leonel Fern\u00e1ndez.<\/p>\n\n\n\n<p>De las tres, la reuni\u00f3n con Hip\u00f3lito Mej\u00eda fue la de mayor duraci\u00f3n; inici\u00f3 a las 10:40 de la ma\u00f1ana y se extendi\u00f3 hasta la 1:30 de la tarde.<\/p>\n\n\n\n<p><strong>Contexto&nbsp;<\/strong><\/p>\n\n\n\n<p>Luego del magnicidio del presidente haitiano, Jovenel Mo\u00efse, en el vecino pa\u00eds se agrav\u00f3 la crisis sociopol\u00edtica que les ha afectado en todos los aspectos, entre ellos su estabilidad econ\u00f3mica y seguridad nacional.<\/p>\n\n\n\n<p>La violencia propiciada por bandas haitianas ha cobrado la vida de m\u00e1s de 5,600 nacionales haitianos hasta el 2024, y unos 2,680 en los primeros meses de este a\u00f1o, seg\u00fan la ONU.<\/p>\n\n\n\n<p>Adem\u00e1s, ha obligado a millones de haitianos a abandonar su pa\u00eds, traslad\u00e1ndose a diferentes naciones del mundo, siendo la Rep\u00fablica Dominicana la que ha recibido mayor impacto.<\/p>\n","protected":false},"excerpt":{"rendered":"<p>Abinader anunci\u00f3 que prosigue un conversatorio en el Palacio Nacional el 23 de julio con<\/p>\n","protected":false},"author":1,"featured_media":17348,"comment_status":"open","ping_status":"open","sticky":false,"template":"","format":"standard","meta":{"footnotes":""},"categories":[12],"tags":[],"class_list":["post-17347","post","type-post","status-publish","format-standard","has-post-thumbnail","hentry","category-nacionales"],"_links":{"self":[{"href":"https:\/\/samantharadionline.com\/index.php\/wp-json\/wp\/v2\/posts\/17347","targetHints":{"allow":["GET"]}}],"collection":[{"href":"https:\/\/samantharadionline.com\/index.php\/wp-json\/wp\/v2\/posts"}],"about":[{"href":"https:\/\/samantharadionline.com\/index.php\/wp-json\/wp\/v2\/types\/post"}],"author":[{"embeddable":true,"href":"https:\/\/samantharadionline.com\/index.php\/wp-json\/wp\/v2\/users\/1"}],"replies":[{"embeddable":true,"href":"https:\/\/samantharadionline.com\/index.php\/wp-json\/wp\/v2\/comments?post=17347"}],"version-history":[{"count":1,"href":"https:\/\/samantharadionline.com\/index.php\/wp-json\/wp\/v2\/posts\/17347\/revisions"}],"predecessor-version":[{"id":17349,"href":"https:\/\/samantharadionline.com\/index.php\/wp-json\/wp\/v2\/posts\/17347\/revisions\/17349"}],"wp:featuredmedia":[{"embeddable":true,"href":"https:\/\/samantharadionline.com\/index.php\/wp-json\/wp\/v2\/media\/17348"}],"wp:attachment":[{"href":"https:\/\/samantharadionline.com\/index.php\/wp-json\/wp\/v2\/media?parent=17347"}],"wp:term":[{"taxonomy":"category","embeddable":true,"href":"https:\/\/samantharadionline.com\/index.php\/wp-json\/wp\/v2\/categories?post=17347"},{"taxonomy":"post_tag","embeddable":true,"href":"https:\/\/samantharadionline.com\/index.php\/wp-json\/wp\/v2\/tags?post=17347"}],"curies":[{"name":"wp","href":"https:\/\/api.w.org\/{rel}","templated":true}]}}