{"id":17341,"date":"2025-07-11T10:22:56","date_gmt":"2025-07-11T14:22:56","guid":{"rendered":"https:\/\/samantharadionline.com\/?p=17341"},"modified":"2025-07-11T10:22:56","modified_gmt":"2025-07-11T14:22:56","slug":"viernes-11-de-julio-con-pocas-lluvias-altas-temperaturas-y-polvo-del-sahara","status":"publish","type":"post","link":"https:\/\/samantharadionline.com\/index.php\/2025\/07\/11\/viernes-11-de-julio-con-pocas-lluvias-altas-temperaturas-y-polvo-del-sahara\/","title":{"rendered":"Viernes 11 de julio con pocas lluvias, altas temperaturas y polvo del Sahara"},"content":{"rendered":"\n<p class=\"has-medium-font-size\"><em>El Gran Santo Domingo, la temperatura m\u00ednima estar\u00e1 entre 21 \u00b0C y 23 \u00b0C, y la m\u00e1xima entre 33 \u00b0C y 35 \u00b0C.<\/em><\/p>\n\n\n\n<p>L.D., <strong>Santo Domingo, RD<\/strong><\/p>\n\n\n\n<p>El&nbsp;<strong>Instituto Dominicano de Meteorolog\u00eda&nbsp;<\/strong>(<strong>Indomet<\/strong>) inform\u00f3 que para este viernes la&nbsp;<strong>onda tropical<\/strong>&nbsp;ha salido del \u00e1rea de pron\u00f3sticos y, aunque la vaguada en altura permanece sobre el pa\u00eds, la masa de aire se encuentra relativamente seca y estable, con alta concentraci\u00f3n de polvo del Sahara.<\/p>\n\n\n\n<p>Debido a ello, la entidad manifest\u00f3 que prevalecer\u00e1 un ambiente caluroso y despejado en la mayor\u00eda de las provincias que componen el territorio y las lluvias que puedan ocurrir ser\u00e1n en forma de aguaceros ampliamente aislados y posibles tronadas.<\/p>\n\n\n\n<p>Estas posibles lluvias estar\u00e1n en poblados pertenecientes a las provincias Hato Mayor, Monte Plata, Monse\u00f1or Nouel, Santiago, San Juan y Dajab\u00f3n.<\/p>\n\n\n\n<p>Al iniciar la noche, dichas precipitaciones desaparecer\u00e1n por completo, dando paso a un cielo despejado y con escasas lluvias en toda la naci\u00f3n.<\/p>\n\n\n\n<h3 class=\"wp-block-heading\">Temperaturas<\/h3>\n\n\n\n<p>La incursi\u00f3n de polvo del sahariano y el viento c\u00e1lido del este\/sureste mantendr\u00e1n las temperaturas calurosas.<\/p>\n\n\n\n<p>Indomet recomend\u00f3 ingerir suficiente agua para mantenerse hidratado, vestir ropa ligera de colores claros y usar lugares frescos y ventilados. Adem\u00e1s, tener presente que los ni\u00f1os y adultos mayores son m\u00e1s vulnerables a las altas temperaturas.<\/p>\n\n\n\n<p>Para el Gran Santo Domingo, la temperatura m\u00ednima estar\u00e1 entre 21 \u00b0C y 23 \u00b0C, y la m\u00e1xima entre 33 \u00b0C y 35 \u00b0C.<\/p>\n","protected":false},"excerpt":{"rendered":"<p>El Gran Santo Domingo, la temperatura m\u00ednima estar\u00e1 entre 21 \u00b0C y 23 \u00b0C, y<\/p>\n","protected":false},"author":1,"featured_media":17342,"comment_status":"open","ping_status":"open","sticky":false,"template":"","format":"standard","meta":{"footnotes":""},"categories":[12],"tags":[],"class_list":["post-17341","post","type-post","status-publish","format-standard","has-post-thumbnail","hentry","category-nacionales"],"_links":{"self":[{"href":"https:\/\/samantharadionline.com\/index.php\/wp-json\/wp\/v2\/posts\/17341","targetHints":{"allow":["GET"]}}],"collection":[{"href":"https:\/\/samantharadionline.com\/index.php\/wp-json\/wp\/v2\/posts"}],"about":[{"href":"https:\/\/samantharadionline.com\/index.php\/wp-json\/wp\/v2\/types\/post"}],"author":[{"embeddable":true,"href":"https:\/\/samantharadionline.com\/index.php\/wp-json\/wp\/v2\/users\/1"}],"replies":[{"embeddable":true,"href":"https:\/\/samantharadionline.com\/index.php\/wp-json\/wp\/v2\/comments?post=17341"}],"version-history":[{"count":1,"href":"https:\/\/samantharadionline.com\/index.php\/wp-json\/wp\/v2\/posts\/17341\/revisions"}],"predecessor-version":[{"id":17343,"href":"https:\/\/samantharadionline.com\/index.php\/wp-json\/wp\/v2\/posts\/17341\/revisions\/17343"}],"wp:featuredmedia":[{"embeddable":true,"href":"https:\/\/samantharadionline.com\/index.php\/wp-json\/wp\/v2\/media\/17342"}],"wp:attachment":[{"href":"https:\/\/samantharadionline.com\/index.php\/wp-json\/wp\/v2\/media?parent=17341"}],"wp:term":[{"taxonomy":"category","embeddable":true,"href":"https:\/\/samantharadionline.com\/index.php\/wp-json\/wp\/v2\/categories?post=17341"},{"taxonomy":"post_tag","embeddable":true,"href":"https:\/\/samantharadionline.com\/index.php\/wp-json\/wp\/v2\/tags?post=17341"}],"curies":[{"name":"wp","href":"https:\/\/api.w.org\/{rel}","templated":true}]}}