{"id":17334,"date":"2025-07-10T15:08:09","date_gmt":"2025-07-10T19:08:09","guid":{"rendered":"https:\/\/samantharadionline.com\/?p=17334"},"modified":"2025-07-10T15:08:10","modified_gmt":"2025-07-10T19:08:10","slug":"carolina-mejia-se-acoge-a-la-advertencia-de-abinader","status":"publish","type":"post","link":"https:\/\/samantharadionline.com\/index.php\/2025\/07\/10\/carolina-mejia-se-acoge-a-la-advertencia-de-abinader\/","title":{"rendered":"Carolina Mej\u00eda se acoge a la advertencia de Abinader"},"content":{"rendered":"\n<p class=\"has-medium-font-size\"><em>El pasado martes Abinader exhort\u00f3 a los funcionarios a que no realicen campa\u00f1as pol\u00edticas desde las oficinas gubernamentales ni ning\u00fan tipo de proselitismo<\/em><\/p>\n\n\n\n<figure class=\"wp-block-image\"><img decoding=\"async\" src=\"https:\/\/listindiario.com\/files\/image_60_60\/uploads\/2024\/12\/26\/676db5a258b6d.jpeg\" alt=\"Avatar del Scharazade Rodr\u00edguez\"\/><\/figure>\n\n\n\n<p><em>\u00a0<\/em>Scharazade Rodr\u00edguez, <strong>Santo Domingo, RD<\/strong><\/p>\n\n\n\n<p>La alcaldesa del Distrito Nacional,&nbsp;<strong>Carolina Mej\u00eda<\/strong>, respald\u00f3 la posici\u00f3n del presidente Luis Abinader, de que se detengan las actividades proselitistas en el Partido Revolucionario Moderno.<\/p>\n\n\n\n<p>\u201cEstoy de acuerdo. As\u00ed es y as\u00ed deber\u00eda de ser\u201d, expres\u00f3 Mej\u00eda al hablar con periodistas en el acto de inauguraci\u00f3n de un edificio de parqueos de seis niveles en la&nbsp;<strong>Zona Colonial<\/strong>.<\/p>\n\n\n\n<p>Aunque la funcionaria no ha oficializado ninguna aspiraci\u00f3n presidencial, Fellito Suberv\u00ed, director de&nbsp;<strong>Corporaci\u00f3n del Acueducto y Alcantarillado de Santo Domingo<\/strong>&nbsp;(CAASD), y quien ha fungido como su vocero, ha manifestado que a pesar de que todos los aspirantes del&nbsp;<strong>Partido Revolucionario Moderno<\/strong>&nbsp;(PRM) son \u201cbuenos, la mejor es Carolina Mej\u00eda\u201d.<\/p>\n\n\n\n<p>Asimismo, su padre, el expresidente&nbsp;<strong>Hip\u00f3lito Mej\u00eda<\/strong>, encabez\u00f3 el pasado mes en la regi\u00f3n este del pa\u00eds movilizaciones de dirigentes y simpatizantes del gobernante PRM en apoyo de su hija Carolina Mej\u00eda a la candidatura presidencial para las elecciones de 2028.<\/p>\n\n\n\n<figure class=\"wp-block-image\" id=\"m42810-42809-42811\"><img decoding=\"async\" src=\"https:\/\/listindiario.com\/files\/vertical_main_image\/uploads\/2025\/07\/10\/6870002cc3ea1.jpeg\" alt=\"La alcaldesa de la capital dominicana, Carolina Mejia.\"\/><figcaption class=\"wp-element-caption\">La alcaldesa de la capital dominicana, Carolina Mejia.Leonel Matos \/ List\u00edn Diario<\/figcaption><\/figure>\n\n\n\n<p><strong>Exhortaci\u00f3n del Presidente<\/strong><\/p>\n\n\n\n<p>El jefe del Estado le exigi\u00f3 a los funcionarios a que no realicen&nbsp;<strong>campa\u00f1as pol\u00edticas<\/strong>&nbsp;desde las oficinas gubernamentales ni ning\u00fan tipo de proselitismo.<\/p>\n\n\n\n<p>\u201cUstedes saben que nosotros hemos sido tolerantes, somos democr\u00e1ticos para que puedan tener aspiraciones\u201d, dijo Abinader desde Montecristi a los medios de comunicaci\u00f3n. \u201cSin embargo, nosotros ayer dijimos muy claro que no pod\u00eda haber proselitismo y campa\u00f1a desde las oficinas p\u00fablicas\u201d.<\/p>\n\n\n\n<p>\u201cEso no es posible (\u2026) se proh\u00edbe esas actividades\u201d, afirm\u00f3.<\/p>\n\n\n\n<p>En los \u00faltimos meses, algunos funcionarios del tren gubernamental han manifestado p\u00fablicamente sus intenciones de aspirar a la silla presidencial en las elecciones generales de 2028.<\/p>\n\n\n\n<p>Abinader, sin embargo, ya advirti\u00f3 tales actos: \u201cEl que quiera campa\u00f1a y proselitismo tendr\u00e1 que salir del gobierno\u201d, dijo a la prensa.<\/p>\n\n\n\n<p>Tambi\u00e9n lo dej\u00f3 muy claro en un mensaje colgado en sus redes sociales: \u201cLes digo a todos los precandidatos y a sus coordinadores: no est\u00e1n permitidos los actos proselitistas a funcionarios. Si quieren hacer campa\u00f1a, deber\u00e1n dejar sus cargos\u201d.<\/p>\n","protected":false},"excerpt":{"rendered":"<p>El pasado martes Abinader exhort\u00f3 a los funcionarios a que no realicen campa\u00f1as pol\u00edticas desde<\/p>\n","protected":false},"author":1,"featured_media":17335,"comment_status":"open","ping_status":"open","sticky":false,"template":"","format":"standard","meta":{"footnotes":""},"categories":[12],"tags":[],"class_list":["post-17334","post","type-post","status-publish","format-standard","has-post-thumbnail","hentry","category-nacionales"],"_links":{"self":[{"href":"https:\/\/samantharadionline.com\/index.php\/wp-json\/wp\/v2\/posts\/17334","targetHints":{"allow":["GET"]}}],"collection":[{"href":"https:\/\/samantharadionline.com\/index.php\/wp-json\/wp\/v2\/posts"}],"about":[{"href":"https:\/\/samantharadionline.com\/index.php\/wp-json\/wp\/v2\/types\/post"}],"author":[{"embeddable":true,"href":"https:\/\/samantharadionline.com\/index.php\/wp-json\/wp\/v2\/users\/1"}],"replies":[{"embeddable":true,"href":"https:\/\/samantharadionline.com\/index.php\/wp-json\/wp\/v2\/comments?post=17334"}],"version-history":[{"count":1,"href":"https:\/\/samantharadionline.com\/index.php\/wp-json\/wp\/v2\/posts\/17334\/revisions"}],"predecessor-version":[{"id":17336,"href":"https:\/\/samantharadionline.com\/index.php\/wp-json\/wp\/v2\/posts\/17334\/revisions\/17336"}],"wp:featuredmedia":[{"embeddable":true,"href":"https:\/\/samantharadionline.com\/index.php\/wp-json\/wp\/v2\/media\/17335"}],"wp:attachment":[{"href":"https:\/\/samantharadionline.com\/index.php\/wp-json\/wp\/v2\/media?parent=17334"}],"wp:term":[{"taxonomy":"category","embeddable":true,"href":"https:\/\/samantharadionline.com\/index.php\/wp-json\/wp\/v2\/categories?post=17334"},{"taxonomy":"post_tag","embeddable":true,"href":"https:\/\/samantharadionline.com\/index.php\/wp-json\/wp\/v2\/tags?post=17334"}],"curies":[{"name":"wp","href":"https:\/\/api.w.org\/{rel}","templated":true}]}}