{"id":17330,"date":"2025-07-10T15:03:10","date_gmt":"2025-07-10T19:03:10","guid":{"rendered":"https:\/\/samantharadionline.com\/?p=17330"},"modified":"2025-07-10T15:03:10","modified_gmt":"2025-07-10T19:03:10","slug":"bloquean-decreto-de-trump-que-busca-poner-fin-a-ciudadania-por-nacimiento","status":"publish","type":"post","link":"https:\/\/samantharadionline.com\/index.php\/2025\/07\/10\/bloquean-decreto-de-trump-que-busca-poner-fin-a-ciudadania-por-nacimiento\/","title":{"rendered":"Bloquean decreto de Trump que busca poner fin a ciudadan\u00eda por nacimiento"},"content":{"rendered":"\n<p class=\"has-medium-font-size\"><em>La Corte Suprema emite un fallo hist\u00f3rico el 27 de junio que limita la capacidad de los jueces para frenar pol\u00edticas en todo el pa\u00eds<\/em><\/p>\n\n\n\n<figure class=\"wp-block-image\"><img decoding=\"async\" src=\"https:\/\/listindiario.com\/files\/image_60_60\/uploads\/2025\/06\/12\/684b39171bfd7.jpeg\" alt=\"Avatar del Agencia AFP\"\/><\/figure>\n\n\n\n<p><em>\u00a0<\/em>Agencia AFP,<strong> Washington, Estados Unidos<\/strong><\/p>\n\n\n\n<p>Un juez federal bloque\u00f3 este jueves a nivel nacional la aplicaci\u00f3n del decreto del presidente Donald Trump que quiere acabar con el derecho a la ciudadan\u00eda por nacimiento en Estados Unidos.<\/p>\n\n\n\n<p>El veredicto llega d\u00edas despu\u00e9s de que la Corte Suprema emitiera un fallo hist\u00f3rico el 27 de junio que limita la capacidad de los jueces para frenar pol\u00edticas en todo el pa\u00eds mediante medidas cautelares universales a partir de casos particulares.<\/p>\n\n\n\n<p>De este modo el m\u00e1ximo tribunal dio luz verde para que los planes de Trump, que aspira a restringir la ciudadan\u00eda autom\u00e1tica para hijos de migrantes en situaci\u00f3n irregular o bajo estatus de residencia temporal, como asilo o visas, pudieran entrar en vigor en algunas partes del pa\u00eds. Pero no declar\u00f3 que esta pol\u00edtica sea legal o acorde con la Constituci\u00f3n.<\/p>\n\n\n\n<p>Adem\u00e1s prohibi\u00f3 que el decreto de Trump entrara en vigor en un plazo de 30 d\u00edas, es decir hasta el 27 de julio, y dej\u00f3 abierta la posibilidad de que los jueces aceptaran demandas colectivas.<\/p>\n\n\n\n<p>Las organizaciones de defensa de los migrantes aprovecharon la ocasi\u00f3n para seguir batallando contra el decreto y pidieron el estatus de acci\u00f3n colectiva en algunas demandas.<\/p>\n\n\n\n<p>Este jueves el juez federal Joseph Laplante de New Hampshire (noreste) accedi\u00f3 y les permitir\u00e1 representar a cualquier beb\u00e9 cuya ciudadan\u00eda se vea amenazada por el decreto de Trump.<\/p>\n\n\n\n<p>\u00abEl tribunal concede la petici\u00f3n de los demandantes para la certificaci\u00f3n provisional de acci\u00f3n colectiva\u00bb porque cumple \u00abcon los requisitos\u00bb, afirma el fallo. Esto permite al juez bloquear el decreto a nivel nacional.<\/p>\n\n\n\n<p>Seg\u00fan el fallo, se aplica a los beb\u00e9s nacidos el 20 de febrero de 2025 o despu\u00e9s, cuyas madres est\u00e9n en el pa\u00eds en situaci\u00f3n irregular o de forma legal pero con una visa temporal y cuyos padres no sean estadounidenses o residentes permanentes en el pa\u00eds.<\/p>\n\n\n\n<p>El magistrado Laplante recalca no obstante que es una \u00abmedida cautelar preliminar\u00bb y otorg\u00f3 un plazo de siete d\u00edas para que el gobierno pueda recurrir.<\/p>\n\n\n\n<p>\u00abEste fallo es una gran victoria y ayudar\u00e1 a proteger la ciudadan\u00eda de todos los ni\u00f1os nacidos en Estados Unidos, tal como lo dispone la Constituci\u00f3n\u00bb, afirma en un comunicado Cody Wofsy, directivo de La uni\u00f3n estadounidense de libertades civiles (ACLU), una de las organizaciones que present\u00f3 el caso.<\/p>\n\n\n\n<p>El principio est\u00e1 consagrado en la 14\u00aa Enmienda de la Constituci\u00f3n de Estados Unidos, que lleva en vigor m\u00e1s de 150 a\u00f1os y determina que cualquier persona nacida en suelo estadounidense es ciudadana.<\/p>\n\n\n\n<p>La Corte Suprema no se pronunci\u00f3 sobre el fondo del caso pero es muy probable que el gobierno de Trump le acabe pidiendo que lo haga.<\/p>\n","protected":false},"excerpt":{"rendered":"<p>La Corte Suprema emite un fallo hist\u00f3rico el 27 de junio que limita la capacidad<\/p>\n","protected":false},"author":1,"featured_media":17331,"comment_status":"open","ping_status":"open","sticky":false,"template":"","format":"standard","meta":{"footnotes":""},"categories":[4],"tags":[],"class_list":["post-17330","post","type-post","status-publish","format-standard","has-post-thumbnail","hentry","category-mundiales"],"_links":{"self":[{"href":"https:\/\/samantharadionline.com\/index.php\/wp-json\/wp\/v2\/posts\/17330","targetHints":{"allow":["GET"]}}],"collection":[{"href":"https:\/\/samantharadionline.com\/index.php\/wp-json\/wp\/v2\/posts"}],"about":[{"href":"https:\/\/samantharadionline.com\/index.php\/wp-json\/wp\/v2\/types\/post"}],"author":[{"embeddable":true,"href":"https:\/\/samantharadionline.com\/index.php\/wp-json\/wp\/v2\/users\/1"}],"replies":[{"embeddable":true,"href":"https:\/\/samantharadionline.com\/index.php\/wp-json\/wp\/v2\/comments?post=17330"}],"version-history":[{"count":1,"href":"https:\/\/samantharadionline.com\/index.php\/wp-json\/wp\/v2\/posts\/17330\/revisions"}],"predecessor-version":[{"id":17332,"href":"https:\/\/samantharadionline.com\/index.php\/wp-json\/wp\/v2\/posts\/17330\/revisions\/17332"}],"wp:featuredmedia":[{"embeddable":true,"href":"https:\/\/samantharadionline.com\/index.php\/wp-json\/wp\/v2\/media\/17331"}],"wp:attachment":[{"href":"https:\/\/samantharadionline.com\/index.php\/wp-json\/wp\/v2\/media?parent=17330"}],"wp:term":[{"taxonomy":"category","embeddable":true,"href":"https:\/\/samantharadionline.com\/index.php\/wp-json\/wp\/v2\/categories?post=17330"},{"taxonomy":"post_tag","embeddable":true,"href":"https:\/\/samantharadionline.com\/index.php\/wp-json\/wp\/v2\/tags?post=17330"}],"curies":[{"name":"wp","href":"https:\/\/api.w.org\/{rel}","templated":true}]}}