{"id":17317,"date":"2025-07-10T09:58:45","date_gmt":"2025-07-10T13:58:45","guid":{"rendered":"https:\/\/samantharadionline.com\/?p=17317"},"modified":"2025-07-10T09:58:46","modified_gmt":"2025-07-10T13:58:46","slug":"gonzalo-castillo-reaparece-en-el-escenario-politico","status":"publish","type":"post","link":"https:\/\/samantharadionline.com\/index.php\/2025\/07\/10\/gonzalo-castillo-reaparece-en-el-escenario-politico\/","title":{"rendered":"Gonzalo Castillo reaparece en el escenario pol\u00edtico"},"content":{"rendered":"\n<p class=\"has-medium-font-size\"><em>Castillo se coloca en la palestra p\u00fablica desde que hace varios meses este enviara una carta a las autoridades del partido morado solicitando no ser incluido en las discusiones internas sobre posibles precandidaturas presidenciales<\/em><\/p>\n\n\n\n<figure class=\"wp-block-image\"><img decoding=\"async\" src=\"https:\/\/listindiario.com\/files\/image_60_60\/uploads\/2023\/05\/16\/64638cfd2419c.jpeg\" alt=\"Avatar del Javier Flores\"\/><\/figure>\n\n\n\n<p><em>\u00a0<\/em>Javier Flores, <strong>Santo Domingo, RD<\/strong><\/p>\n\n\n\n<p>Un d\u00eda antes de que el comit\u00e9 pol\u00edtico del Partido de la Liberaci\u00f3n Dominicana (PLD) se re\u00fana, su excandidato presidencial, Gonzalo Castillo, reapareci\u00f3 nueva vez en el escenario p\u00fablico y pol\u00edtico al realizar un post en la red social de X donde inst\u00f3 a los peledeistas a seguir \u201ctrabajando juntos, con humildad y compromiso\u201d.<\/p>\n\n\n\n<p>\u201cEl PLD es m\u00e1s que un partido, es una familia forjada en lucha, servicio y amor por nuestro pueblo. Hoy, m\u00e1s que nunca, la unidad y el respeto entre compa\u00f1eros son el camino para renovar la esperanza de los Dominicanos. Sigamos trabajando juntos, con humildad y compromiso\u201d, fue lo posteado por el exministro de Obras P\u00fablicas y Comunicaciones la noche del mi\u00e9rcoles.<\/p>\n\n\n\n<figure class=\"wp-block-image size-full\"><img loading=\"lazy\" decoding=\"async\" width=\"699\" height=\"830\" src=\"https:\/\/samantharadionline.com\/wp-content\/uploads\/2025\/07\/image-1.png\" alt=\"\" class=\"wp-image-17318\" srcset=\"https:\/\/samantharadionline.com\/wp-content\/uploads\/2025\/07\/image-1.png 699w, https:\/\/samantharadionline.com\/wp-content\/uploads\/2025\/07\/image-1-253x300.png 253w\" sizes=\"auto, (max-width: 699px) 100vw, 699px\" \/><\/figure>\n\n\n\n<p>El excandidato presidencial, quien se adjudic\u00f3 su posici\u00f3n en la boleta electoral del 2020 tras vencer a Leonel Fern\u00e1ndez en las primarias del PLD en octubre del 2019, colg\u00f3 junto al mensaje una fotograf\u00eda con la gorra morada de su partido.<\/p>\n\n\n\n<p>Esta es la primera vez que Castillo se coloca en la palestra p\u00fablica desde que a finales del mes de febrero este enviara una carta a las autoridades del partido morado solicitando no ser incluido en las discusiones internas sobre posibles precandidaturas presidenciales.<\/p>\n\n\n\n<p>Desde que en julio de 2020 perdiera los comicios presidenciales de manos de Luis Abinader, alcanzando poco m\u00e1s del 30% de los votos, Gonzalo ha mantenido un perfil bajo en parte debido al proceso judicial que se llev\u00f3 en su contra una vez asumieron las nuevas autoridades del Ministerio P\u00fablico.<\/p>\n\n\n\n<p>El exfuncionario es uno de los principales implicados en un caso de supuesta corrupci\u00f3n administrativa y es acusado de distraer 19,000 millones del Estado en la compra de terrenos declarados en utilidad p\u00fablica y en la supuesta extorsi\u00f3n a bancas de loter\u00edas. Por el caso, Castillo estuvo bajo arresto domiciliario como medida de coerci\u00f3n y actualmente tiene impedimento de salida y pago garant\u00eda econ\u00f3mica.<\/p>\n\n\n\n<p>Previo a declinar ser incluido en las discusiones de una posible candidatura presidencial, Castillo por igual rechaz\u00f3 seguir siendo parte del comit\u00e9 pol\u00edtico sin dar a conocer una raz\u00f3n espec\u00edfica.<\/p>\n","protected":false},"excerpt":{"rendered":"<p>Castillo se coloca en la palestra p\u00fablica desde que hace varios meses este enviara una<\/p>\n","protected":false},"author":1,"featured_media":17319,"comment_status":"open","ping_status":"open","sticky":false,"template":"","format":"standard","meta":{"footnotes":""},"categories":[12],"tags":[],"class_list":["post-17317","post","type-post","status-publish","format-standard","has-post-thumbnail","hentry","category-nacionales"],"_links":{"self":[{"href":"https:\/\/samantharadionline.com\/index.php\/wp-json\/wp\/v2\/posts\/17317","targetHints":{"allow":["GET"]}}],"collection":[{"href":"https:\/\/samantharadionline.com\/index.php\/wp-json\/wp\/v2\/posts"}],"about":[{"href":"https:\/\/samantharadionline.com\/index.php\/wp-json\/wp\/v2\/types\/post"}],"author":[{"embeddable":true,"href":"https:\/\/samantharadionline.com\/index.php\/wp-json\/wp\/v2\/users\/1"}],"replies":[{"embeddable":true,"href":"https:\/\/samantharadionline.com\/index.php\/wp-json\/wp\/v2\/comments?post=17317"}],"version-history":[{"count":1,"href":"https:\/\/samantharadionline.com\/index.php\/wp-json\/wp\/v2\/posts\/17317\/revisions"}],"predecessor-version":[{"id":17320,"href":"https:\/\/samantharadionline.com\/index.php\/wp-json\/wp\/v2\/posts\/17317\/revisions\/17320"}],"wp:featuredmedia":[{"embeddable":true,"href":"https:\/\/samantharadionline.com\/index.php\/wp-json\/wp\/v2\/media\/17319"}],"wp:attachment":[{"href":"https:\/\/samantharadionline.com\/index.php\/wp-json\/wp\/v2\/media?parent=17317"}],"wp:term":[{"taxonomy":"category","embeddable":true,"href":"https:\/\/samantharadionline.com\/index.php\/wp-json\/wp\/v2\/categories?post=17317"},{"taxonomy":"post_tag","embeddable":true,"href":"https:\/\/samantharadionline.com\/index.php\/wp-json\/wp\/v2\/tags?post=17317"}],"curies":[{"name":"wp","href":"https:\/\/api.w.org\/{rel}","templated":true}]}}