{"id":17314,"date":"2025-07-10T09:53:46","date_gmt":"2025-07-10T13:53:46","guid":{"rendered":"https:\/\/samantharadionline.com\/?p=17314"},"modified":"2025-07-10T09:53:47","modified_gmt":"2025-07-10T13:53:47","slug":"el-que-quiera-estar-en-campana-tendra-que-salir-del-gobierno","status":"publish","type":"post","link":"https:\/\/samantharadionline.com\/index.php\/2025\/07\/10\/el-que-quiera-estar-en-campana-tendra-que-salir-del-gobierno\/","title":{"rendered":"\u00abEl que quiera estar en campa\u00f1a tendr\u00e1 que salir del gobierno\u201d"},"content":{"rendered":"\n<p class=\"has-medium-font-size\"><em>Los m\u00edtines y demostraciones de fuerza registrados en los \u00faltimos d\u00edas profundizaron las afirmaciones de que estos aspirantes presidenciales se han aprovechado de su posici\u00f3n en el Gobierno para promover sus figuras y acciones.<\/em><\/p>\n\n\n\n<p>Sauro Scalella,\u00a0Yeil\u00edn Pe\u00f1a,\u00a0Javier Flores<strong>, Santo Domingo, RD<\/strong><\/p>\n\n\n\n<p>Durante las \u00faltimas semanas, los \u201cpresidenciables\u201d del Partido Revolucionario Moderno (PRM) hab\u00edan intensificado los actos proselitistas.<\/p>\n\n\n\n<p>En ellos, promov\u00edan su figura pol\u00edtica y su gesti\u00f3n al frente de las instituciones que dirigen, dejando claras sus aspiraciones a ocupar la casilla presidencial del partido oficialista.<\/p>\n\n\n\n<p>Los m\u00edtines y demostraciones de fuerza registrados en los \u00faltimos d\u00edas agudizaron los se\u00f1alamientos de que estos aspirantes se han aprovechado de su posici\u00f3n en el Gobierno para promover sus figuras y acciones, buscando generar simpat\u00edas dentro de la militancia oficialista y el resto de la poblaci\u00f3n dominicana.<\/p>\n\n\n\n<p>Con seis de los aspirantes ocupando una posici\u00f3n en el Estado, y otra que goza de un cargo electivo y una alta posici\u00f3n dentro del partido, sumado a la gran cantidad de titulares de distintas instituciones que comenzaban a expresar su favoritismo por uno u otro de los contendientes, la percepci\u00f3n fue que los funcionarios p\u00fablicos se hab\u00edan integrado de lleno en la campa\u00f1a a destiempo que se gesta dentro del partido oficialista.<\/p>\n\n\n\n<p>Incluso, despu\u00e9s de mencionar en La Semanal que el PRM debe crear un protocolo de comportamiento para los aspirantes, el presidente Luis Abinader dirigi\u00f3 un mensaje a los servidores p\u00fablicos que aspiran a cargos electivos, advirti\u00e9ndoles que no tolerar\u00e1 actividades proselitistas mientras ocupen cargos en su administraci\u00f3n.<\/p>\n\n\n\n<p>Esto, en un intento por frenar las aspiraciones anticipadas de los funcionarios.<\/p>\n\n\n\n<p>\u201cSoy un presidente tolerante y democr\u00e1tico, pero todo tiene un l\u00edmite. Seguiremos gobernando para la gente, y por eso les digo a todos los precandidatos y a sus coordinadores: no est\u00e1n permitidos los actos proselitistas a funcionarios. Si quieren hacer campa\u00f1a, deber\u00e1n dejar sus cargos\u201d.<\/p>\n\n\n\n<p>El que quiera campa\u00f1a y proselitismo tendr\u00e1 que salir del Gobierno\u201d, sentenci\u00f3 Abinader tras una de las actividades que encabez\u00f3 en la provincia de Montecristi.<\/p>\n\n\n\n<p><strong>Las reacciones<\/strong><\/p>\n\n\n\n<p>Al momento en que las declaraciones del mandatario fueron difundidas, gran parte de los presidenciables del PRM comenzaron a emitir sus reacciones, en su mayor\u00eda manifestando estar de acuerdo con los planteamientos del Presidente de la Rep\u00fablica.<\/p>\n\n\n\n<p>La vicepresidenta Raquel Pe\u00f1a, quien ha anunciado sus intenciones de buscar la nominaci\u00f3n, fue una de las primeras en alinearse con el discurso presidencial.<\/p>\n\n\n\n<p>\u201cAplaudo y respaldo las declaraciones del presidente, en las que establece que deben cesar todas las actividades proselitistas y que ning\u00fan funcionario debe utilizar su cargo para promover aspiraciones pol\u00edticas ni fungir como jefe de campa\u00f1a desde el Gobierno; siempre he cre\u00eddo firmemente que la mejor campa\u00f1a es hacer una buena gesti\u00f3n\u201d, afirm\u00f3.<\/p>\n\n\n\n<p>El ministro de Turismo, David Collado, uno de los nombres que m\u00e1s se maneja como aspirante presidencial, tambi\u00e9n mostr\u00f3 apoyo al llamado de Abinader.<\/p>\n\n\n\n<p>\u201cRespaldamos firmemente el llamado del presidente a que los funcionarios nos concentremos en nuestras responsabilidades y nos abstengamos del proselitismo p\u00fablico\u201d, exclam\u00f3 Collado.<\/p>\n\n\n\n<p>En la misma l\u00ednea, el director de Aduanas, Eduardo Sanz Lovat\u00f3n, otro de los presidenciables del PRM, destac\u00f3 el valor del trabajo por encima del proselitismo.<\/p>\n\n\n\n<p>\u201cNuestra lucha fue para lograr los cambios en marcha. As\u00ed fundamos un partido de la nada cuando muchos se burlaban. El sue\u00f1o contin\u00faa y se trata de trabajar por y para la gente. Es tiempo de trabajo\u201d, escribi\u00f3.<\/p>\n\n\n\n<p><strong>Aumento del proselitismo<\/strong><\/p>\n\n\n\n<p>Mientras el mandatario indicaba que se deb\u00eda trabajar en la realizaci\u00f3n de un protocolo que rija el comportamiento de estos aspirantes, el director del Instituto Nacional de Aguas Potables y Alcantarillados (Inapa), Wellington Arnaud, encabez\u00f3 una actividad en Sans Souci donde reuni\u00f3 a su maquinaria pol\u00edtica.<\/p>\n\n\n\n<p>El funcionario se jact\u00f3 de que su proyecto presidencial estaba \u201cbien armado\u201d y que ten\u00eda la responsabilidad de ganar los comicios internos del 2027.<\/p>\n\n\n\n<p>De la misma manera, el pasado fin de semana, uno de los \u00faltimos en entrar a la contienda interna, el presidente de la Liga Municipal Dominicana (LMD), V\u00edctor D\u2019Aza, encabez\u00f3 una actividad donde la corriente perreme\u00edsta \u201cPrimero La Base\u201d le extern\u00f3 su apoyo en la carrera por obtener la candidatura presidencial.<\/p>\n\n\n\n<p>Por igual, los equipos estrat\u00e9gicos de Collado y Sanz Lovat\u00f3n se han mantenido promoviendo qu\u00e9 y cu\u00e1ntos dirigentes se han sumado al apoyo de sus respectivas causas. Aunado a ello, Collado ha estado aprovechando varias actividades para visitar barrios y llevar asistencia social en promoci\u00f3n de su figura; adem\u00e1s, durante el evento realizado el martes, se autodenomin\u00f3 el \u201cministro favorito\u201d de Abinader.<\/p>\n\n\n\n<p>La alcaldesa Carolina Mej\u00eda ha aprovechado su posici\u00f3n como secretaria general para recorrer distintos sectores del pa\u00eds; su \u00faltima parada fue en la provincia Barahona desde donde su equipo difundi\u00f3 la informaci\u00f3n de que hab\u00eda conseguido el respaldo de regidores de esa demarcaci\u00f3n.<\/p>\n\n\n\n<p>Mientras que la vicepresidenta se ha mantenido hablando de sus aspiraciones en la gran mayor\u00eda de las actividades en las que ha participado, siendo gran parte representando al presidente Abinader en inauguraciones de obras gubernamentales.<\/p>\n\n\n\n<p>Otro elemento que ha predominado en esta campa\u00f1a a destiempo ha sido la difusi\u00f3n de encuestas y sondeos donde se se\u00f1ala el favoritismo de uno u otro de los aspirantes, dependiendo del equipo de comunicaci\u00f3n que difunda la misma.<\/p>\n","protected":false},"excerpt":{"rendered":"<p>Los m\u00edtines y demostraciones de fuerza registrados en los \u00faltimos d\u00edas profundizaron las afirmaciones de<\/p>\n","protected":false},"author":1,"featured_media":17315,"comment_status":"open","ping_status":"open","sticky":false,"template":"","format":"standard","meta":{"footnotes":""},"categories":[12],"tags":[],"class_list":["post-17314","post","type-post","status-publish","format-standard","has-post-thumbnail","hentry","category-nacionales"],"_links":{"self":[{"href":"https:\/\/samantharadionline.com\/index.php\/wp-json\/wp\/v2\/posts\/17314","targetHints":{"allow":["GET"]}}],"collection":[{"href":"https:\/\/samantharadionline.com\/index.php\/wp-json\/wp\/v2\/posts"}],"about":[{"href":"https:\/\/samantharadionline.com\/index.php\/wp-json\/wp\/v2\/types\/post"}],"author":[{"embeddable":true,"href":"https:\/\/samantharadionline.com\/index.php\/wp-json\/wp\/v2\/users\/1"}],"replies":[{"embeddable":true,"href":"https:\/\/samantharadionline.com\/index.php\/wp-json\/wp\/v2\/comments?post=17314"}],"version-history":[{"count":1,"href":"https:\/\/samantharadionline.com\/index.php\/wp-json\/wp\/v2\/posts\/17314\/revisions"}],"predecessor-version":[{"id":17316,"href":"https:\/\/samantharadionline.com\/index.php\/wp-json\/wp\/v2\/posts\/17314\/revisions\/17316"}],"wp:featuredmedia":[{"embeddable":true,"href":"https:\/\/samantharadionline.com\/index.php\/wp-json\/wp\/v2\/media\/17315"}],"wp:attachment":[{"href":"https:\/\/samantharadionline.com\/index.php\/wp-json\/wp\/v2\/media?parent=17314"}],"wp:term":[{"taxonomy":"category","embeddable":true,"href":"https:\/\/samantharadionline.com\/index.php\/wp-json\/wp\/v2\/categories?post=17314"},{"taxonomy":"post_tag","embeddable":true,"href":"https:\/\/samantharadionline.com\/index.php\/wp-json\/wp\/v2\/tags?post=17314"}],"curies":[{"name":"wp","href":"https:\/\/api.w.org\/{rel}","templated":true}]}}