{"id":17291,"date":"2025-07-08T07:52:57","date_gmt":"2025-07-08T11:52:57","guid":{"rendered":"https:\/\/samantharadionline.com\/?p=17291"},"modified":"2025-07-08T07:52:58","modified_gmt":"2025-07-08T11:52:58","slug":"presidente-abinader-se-reunira-con-hipolito-el-viernes-para-discutir-sobre-crisis-haitiana","status":"publish","type":"post","link":"https:\/\/samantharadionline.com\/index.php\/2025\/07\/08\/presidente-abinader-se-reunira-con-hipolito-el-viernes-para-discutir-sobre-crisis-haitiana\/","title":{"rendered":"Presidente Abinader se reunir\u00e1 con Hip\u00f3lito el viernes para discutir sobre crisis haitiana"},"content":{"rendered":"\n<p class=\"has-medium-font-size\"><em>Los detalles sobre el lugar y la hora en la que ocurrir\u00e1 la reuni\u00f3n formal ser\u00e1n informados \u201cm\u00e1s adelante\u201d por la Direcci\u00f3n de Prensa de la Presidencia de la Rep\u00fablica<\/em><\/p>\n\n\n\n<figure class=\"wp-block-image\"><img decoding=\"async\" src=\"https:\/\/listindiario.com\/files\/image_60_60\/uploads\/2023\/05\/16\/64638cfd2419c.jpeg\" alt=\"Avatar del Javier Flores\"\/><\/figure>\n\n\n\n<p><em>\u00a0<\/em>Javier Flores, <strong>Santo Domingo, RD<\/strong><\/p>\n\n\n\n<p>El presidente Luis Abinader manifest\u00f3 que se reunir\u00e1 con el exmandatario Hip\u00f3lito Mej\u00eda el pr\u00f3ximo viernes en la ma\u00f1ana para discutir sobre la crisis sociopol\u00edtica que afecta a Hait\u00ed, y sus efectos en Rep\u00fablica Dominicana.<\/p>\n\n\n\n<p>Abinader expres\u00f3 que aunque mantiene una \u201ccomunicaci\u00f3n continua\u201d con Hip\u00f3lito, el viernes realizar\u00e1 la formalidad del encuentro tal y como lo ha hecho con Danilo Medina y Leonel Fern\u00e1ndez en las semanas recientes.<\/p>\n\n\n\n<p>Los encuentros particulares con los exgobernantes fue uno de los compromisos asumidos durante el encuentro acontecido el pasado mes de mayo, donde los cuatros l\u00edderes pol\u00edticos que ha sido encargados de dirigir los destinos del pa\u00eds desde 1996 debatieron la crisis sociopol\u00edtica que afecta a Hait\u00ed y su impacto en Rep\u00fablica Dominicana.<\/p>\n\n\n\n<p>Los detalles sobre el lugar y la hora en la que ocurrir\u00e1 la reuni\u00f3n formal ser\u00e1n informados \u201cm\u00e1s adelante\u201d por la Direcci\u00f3n de Prensa de la Presidencia de la Rep\u00fablica.<\/p>\n","protected":false},"excerpt":{"rendered":"<p>Los detalles sobre el lugar y la hora en la que ocurrir\u00e1 la reuni\u00f3n formal<\/p>\n","protected":false},"author":1,"featured_media":17292,"comment_status":"open","ping_status":"open","sticky":false,"template":"","format":"standard","meta":{"footnotes":""},"categories":[12],"tags":[],"class_list":["post-17291","post","type-post","status-publish","format-standard","has-post-thumbnail","hentry","category-nacionales"],"_links":{"self":[{"href":"https:\/\/samantharadionline.com\/index.php\/wp-json\/wp\/v2\/posts\/17291","targetHints":{"allow":["GET"]}}],"collection":[{"href":"https:\/\/samantharadionline.com\/index.php\/wp-json\/wp\/v2\/posts"}],"about":[{"href":"https:\/\/samantharadionline.com\/index.php\/wp-json\/wp\/v2\/types\/post"}],"author":[{"embeddable":true,"href":"https:\/\/samantharadionline.com\/index.php\/wp-json\/wp\/v2\/users\/1"}],"replies":[{"embeddable":true,"href":"https:\/\/samantharadionline.com\/index.php\/wp-json\/wp\/v2\/comments?post=17291"}],"version-history":[{"count":1,"href":"https:\/\/samantharadionline.com\/index.php\/wp-json\/wp\/v2\/posts\/17291\/revisions"}],"predecessor-version":[{"id":17293,"href":"https:\/\/samantharadionline.com\/index.php\/wp-json\/wp\/v2\/posts\/17291\/revisions\/17293"}],"wp:featuredmedia":[{"embeddable":true,"href":"https:\/\/samantharadionline.com\/index.php\/wp-json\/wp\/v2\/media\/17292"}],"wp:attachment":[{"href":"https:\/\/samantharadionline.com\/index.php\/wp-json\/wp\/v2\/media?parent=17291"}],"wp:term":[{"taxonomy":"category","embeddable":true,"href":"https:\/\/samantharadionline.com\/index.php\/wp-json\/wp\/v2\/categories?post=17291"},{"taxonomy":"post_tag","embeddable":true,"href":"https:\/\/samantharadionline.com\/index.php\/wp-json\/wp\/v2\/tags?post=17291"}],"curies":[{"name":"wp","href":"https:\/\/api.w.org\/{rel}","templated":true}]}}