{"id":17282,"date":"2025-07-08T07:44:15","date_gmt":"2025-07-08T11:44:15","guid":{"rendered":"https:\/\/samantharadionline.com\/?p=17282"},"modified":"2025-07-08T07:44:16","modified_gmt":"2025-07-08T11:44:16","slug":"los-causantes-del-conato-de-incendio-en-plaza-duarte","status":"publish","type":"post","link":"https:\/\/samantharadionline.com\/index.php\/2025\/07\/08\/los-causantes-del-conato-de-incendio-en-plaza-duarte\/","title":{"rendered":"Los causantes del conato de incendio en Plaza Duarte"},"content":{"rendered":"\n<p class=\"has-medium-font-size\"><em>Seg\u00fan, Luis D\u00edaz, el conato de incendio inici\u00f3 en el cuarto el\u00e9ctrico y el mismo no se expandi\u00f3<\/em><\/p>\n\n\n\n<figure class=\"wp-block-image\"><img decoding=\"async\" src=\"https:\/\/listindiario.com\/files\/image_60_60\/uploads\/2023\/05\/16\/64638cfd2419c.jpeg\" alt=\"Avatar del Javier Flores\"\/><\/figure>\n\n\n\n<p><em>\u00a0<\/em>Javier Flores, <strong>Santo Domingo, RD<\/strong><\/p>\n\n\n\n<p>Un fallo en los paneles el\u00e9ctricos fue el causante del conato de incendio registrado en la Plaza Duarte del Distrito Nacional.<\/p>\n\n\n\n<p>De acuerdo con declaraciones del teniente del Cuerpo de Bomberos, Luis D\u00edaz, el conato de incendio<strong>&nbsp;inici\u00f3 en el cuarto el\u00e9ctrico y el mismo no se expandi\u00f3.<\/strong><\/p>\n\n\n\n<p>Sin embargo la humareda inund\u00f3 toda la plaza, lo que caus\u00f3 el cierre total de todos los establecimientos del centro comercial desde alrededor de las 9:00 de la noche.<\/p>\n\n\n\n<p>\u00abYa el incendio est\u00e1 controlado, ahora mismo nos encontramos el proceso de sacar el humo de la plaza;&nbsp;<strong>el personal de servicio abri\u00f3 las compuertas para que el humo salga por el techo<\/strong>, nosotros tambi\u00e9n hemos tra\u00eddo unos cinco ventiladores para ellos\u00bb, expres\u00f3 D\u00edaz.<\/p>\n\n\n\n<p>Tambi\u00e9n afirm\u00f3 que no hubo v\u00edctimas fatales ni heridos, aunque una persona tuvo que requerir atenci\u00f3n m\u00e9dica&nbsp;<strong>debido a la cantidad de humo que hab\u00eda inhalado<\/strong>.<\/p>\n\n\n\n<p>Para controlar el incendio fueron utilizados unos cuatro camiones de los bomberos; D\u00edaz manifest\u00f3 que ahora se pasar\u00e1 a la etapa de las investigaciones para dar con la causa exacta del incendio.<\/p>\n","protected":false},"excerpt":{"rendered":"<p>Seg\u00fan, Luis D\u00edaz, el conato de incendio inici\u00f3 en el cuarto el\u00e9ctrico y el mismo<\/p>\n","protected":false},"author":1,"featured_media":17283,"comment_status":"open","ping_status":"open","sticky":false,"template":"","format":"standard","meta":{"footnotes":""},"categories":[12],"tags":[],"class_list":["post-17282","post","type-post","status-publish","format-standard","has-post-thumbnail","hentry","category-nacionales"],"_links":{"self":[{"href":"https:\/\/samantharadionline.com\/index.php\/wp-json\/wp\/v2\/posts\/17282","targetHints":{"allow":["GET"]}}],"collection":[{"href":"https:\/\/samantharadionline.com\/index.php\/wp-json\/wp\/v2\/posts"}],"about":[{"href":"https:\/\/samantharadionline.com\/index.php\/wp-json\/wp\/v2\/types\/post"}],"author":[{"embeddable":true,"href":"https:\/\/samantharadionline.com\/index.php\/wp-json\/wp\/v2\/users\/1"}],"replies":[{"embeddable":true,"href":"https:\/\/samantharadionline.com\/index.php\/wp-json\/wp\/v2\/comments?post=17282"}],"version-history":[{"count":1,"href":"https:\/\/samantharadionline.com\/index.php\/wp-json\/wp\/v2\/posts\/17282\/revisions"}],"predecessor-version":[{"id":17284,"href":"https:\/\/samantharadionline.com\/index.php\/wp-json\/wp\/v2\/posts\/17282\/revisions\/17284"}],"wp:featuredmedia":[{"embeddable":true,"href":"https:\/\/samantharadionline.com\/index.php\/wp-json\/wp\/v2\/media\/17283"}],"wp:attachment":[{"href":"https:\/\/samantharadionline.com\/index.php\/wp-json\/wp\/v2\/media?parent=17282"}],"wp:term":[{"taxonomy":"category","embeddable":true,"href":"https:\/\/samantharadionline.com\/index.php\/wp-json\/wp\/v2\/categories?post=17282"},{"taxonomy":"post_tag","embeddable":true,"href":"https:\/\/samantharadionline.com\/index.php\/wp-json\/wp\/v2\/tags?post=17282"}],"curies":[{"name":"wp","href":"https:\/\/api.w.org\/{rel}","templated":true}]}}