{"id":17260,"date":"2025-07-06T12:23:00","date_gmt":"2025-07-06T16:23:00","guid":{"rendered":"https:\/\/samantharadionline.com\/?p=17260"},"modified":"2025-07-06T12:23:01","modified_gmt":"2025-07-06T16:23:01","slug":"perla-dominicana-que-refuerza-el-legado-caribeno-en-la-acb","status":"publish","type":"post","link":"https:\/\/samantharadionline.com\/index.php\/2025\/07\/06\/perla-dominicana-que-refuerza-el-legado-caribeno-en-la-acb\/","title":{"rendered":"Perla dominicana que refuerza el legado caribe\u00f1o en la ACB"},"content":{"rendered":"\n<p class=\"has-medium-font-size\"><em>El m\u00edtico C\u00e1ndido Antonio &#8216;Chicho&#8217; Sibilio, internacional con Espa\u00f1a tras nacionalizarse, fue pionero y en 1976 se convirti\u00f3 en el primer jugador de Rep\u00fablica Dominicana en jugar en la acb, en las filas del Barcelona<\/em><\/p>\n\n\n\n<figure class=\"wp-block-image\"><img decoding=\"async\" src=\"https:\/\/listindiario.com\/files\/image_60_60\/uploads\/2023\/05\/23\/646cd02f4f53e.jpeg\" alt=\"Avatar del Agencia EFE\"\/><\/figure>\n\n\n\n<p><em>\u00a0<\/em>Agencia EFE,<strong> Madrid<\/strong><\/p>\n\n\n\n<p><strong>Chris Duarte<\/strong>, nuevo fichaje del&nbsp;<strong>Unicaja<\/strong>, ha sido el \u00faltimo&nbsp;<strong>jugador dominicano&nbsp;<\/strong>en desembarcar en la liga espa\u00f1ola de&nbsp;<strong>baloncesto<\/strong>, un caladero de talento caribe\u00f1o en los \u00faltimos a\u00f1os con irrupciones como las de&nbsp;<strong>Andr\u00e9s Feliz<\/strong>,&nbsp;<strong>Jean Montero<\/strong>&nbsp;o&nbsp;<strong>Tyson P\u00e9rez<\/strong>, figuras en sus respectivos equipos.<\/p>\n\n\n\n<p>El m\u00edtico C\u00e1ndido Antonio &#8216;Chicho&#8217; Sibilio, internacional con Espa\u00f1a tras nacionalizarse, fue pionero y en 1976 se convirti\u00f3 en el primer jugador de&nbsp;<strong>Rep\u00fablica Dominicana<\/strong>&nbsp;en jugar en la acb, en las filas del&nbsp;<strong>Barcelona<\/strong>.<\/p>\n\n\n\n<p>Desde entonces, por&nbsp;<strong>Espa\u00f1a&nbsp;<\/strong>han desfilado multitud de jugadores dominicanos, algunos tan ilustres como el alero Sadiel Rojas, que milit\u00f3 nueve temporadas en el UCAM Murcia; el escolta James Feldeine, con pasado en Breog\u00e1n, Fuenlabrada y Betis; o el ala-p\u00edvot Eulis B\u00e1ez, que capitane\u00f3 al Gran Canaria y pas\u00f3 por Valladolid, Joventut, Manresa o Betis.<\/p>\n\n\n\n<p>PUBLICIDAD<\/p>\n\n\n\n<p>En la actualidad, tres nombres sobresalen en el baloncesto espa\u00f1ol, son los de Andr\u00e9s Feliz, base del Real Madrid; Jean Montero, base del Valencia Basket; o Tyson P\u00e9rez, ala-p\u00edvot del Unicaja e internacional con la selecci\u00f3n espa\u00f1ola.<\/p>\n\n\n\n<p>Tras formarse en la Northwest Florida State College y en la Universidad de Illinois en Urbana-Champaign, Feliz tuvo un breve paso por el Club B\u00e0squet Prat de LEB Plata, equipo vinculado al Joventut, con el que jug\u00f3 en 2021 en la Liga Endesa.<\/p>\n\n\n\n<p>En su \u00faltima temporada en el club catal\u00e1n, en la 2023-2024, promedi\u00f3 15 puntos, 4,3 rebotes, 4,3 asistencias y 16,9 de valoraci\u00f3n, siendo elegido en el mejor quinteto de la competici\u00f3n junto, entre otros, su actual compa\u00f1ero en el&nbsp;<strong>Real Madrid<\/strong>, el argentino Facundo Campazzo.<\/p>\n\n\n\n<p>Despu\u00e9s de una temporada en la que ha ido de menos a m\u00e1s, el base se ha consolidado en la rotaci\u00f3n del Real Madrid a las \u00f3rdenes del saliente Chus Mateo, que, incluso, le hac\u00eda coincidir en pista con Campazzo en los minutos m\u00e1s importantes de los partidos.<\/p>\n\n\n\n<p>S\u00f3lido en defensa, gran reboteador y seguro en la direcci\u00f3n, Feliz ha promediado esta campa\u00f1a 7,3 puntos, 3,2 rebotes y 2,3 asistencias para 8,9 de valoraci\u00f3n en acb, competici\u00f3n que ha ganado por primera vez en su carrera.<\/p>\n\n\n\n<p>Jean Montero, que recientemente ha renovado su vinculaci\u00f3n con Valencia Basket, est\u00e1 considerado el mejor joven de la competici\u00f3n. A sus 22 a\u00f1os y en su primera temporada con los taronja, el base ha registrado unos guarismos de 15,9 puntos, 3,7 rebotes, 4,4 asistencias y 18,9 de valoraci\u00f3n.<\/p>\n\n\n\n<p>Para el recuerdo, su hist\u00f3rica actuaci\u00f3n en el segundo partido de cuartos de final de acb ante el Gran Canaria, cuando sum\u00f3 36 puntos y super\u00f3 el r\u00e9cord de mayor anotaci\u00f3n de un jugador de menos de 21 a\u00f1os en playoff, por delante de leyendas del baloncesto espa\u00f1ol como Jordi Villacampa, Juan Carlos Navarro, Fernando Mart\u00edn o Pau Gasol.<\/p>\n\n\n\n<p>Tras llegar a la cantera del Gran Canaria y una pol\u00e9mica salida en 2019, aterriz\u00f3 a en el Andorra en 2023, previo paso como cedido por los isle\u00f1os al Betis en el a\u00f1o anterior, donde consigui\u00f3 explotar en la liga.<\/p>\n\n\n\n<p>Nombrado tres veces Mejor Joven Liga Endesa (2023, 2024 y 2025), la pasada campa\u00f1a confirm\u00f3 su llegada a Valencia Basket, donde se ha erguido como su m\u00e1xima estrella bajo la batuta de Pedro Mart\u00ednez.<\/p>\n\n\n\n<p>Por su parte, Tyson P\u00e9rez, internacional absoluto con Espa\u00f1a, es otro de los protagonistas del campeonato acb. Su energ\u00eda, entrega y sacrificio han sido muy valorados por su actual equipo, el Unicaja, con que el que ha logrado en su primera temporada la Copa Intercontinental, la Supercopa de Espa\u00f1a, la Copa del Rey y la Liga de Campeones de Baloncesto.<\/p>\n\n\n\n<p>A sus 29 a\u00f1os, P\u00e9rez parece haber dejado atr\u00e1s una rotura de ligamento cruzado anterior en su rodilla izquierda en 2021, con la que estuvo pr\u00e1cticamente parado.<\/p>\n\n\n\n<p>Formado en clubes de baloncesto madrile\u00f1o, su primera gran oportunidad lleg\u00f3 con el Andorra en 2019, donde permaneci\u00f3 cuatro a\u00f1os, con dos campa\u00f1as a pr\u00e9stamo en otros clubes de Espa\u00f1a como Manresa y Betis, antes de formalizar su fichaje por el Unicaja el pasado verano.<\/p>\n\n\n\n<p>Precisamente el club cajista ha anunciado la llegada de Chris Duarte, n\u00famero 13 del draft 2021 de la NBA, que llegar\u00e1 para suplir las bajas de jugadores como Tyson Carter o Kameron Taylor, integrantes de una de las \u00e9pocas m\u00e1s gloriosas de la entidad malague\u00f1a, que volver\u00e1 a estar entrenada por Ibon Navarro.<\/p>\n","protected":false},"excerpt":{"rendered":"<p>El m\u00edtico C\u00e1ndido Antonio &#8216;Chicho&#8217; Sibilio, internacional con Espa\u00f1a tras nacionalizarse, fue pionero y en<\/p>\n","protected":false},"author":1,"featured_media":17261,"comment_status":"open","ping_status":"open","sticky":false,"template":"","format":"standard","meta":{"footnotes":""},"categories":[14],"tags":[],"class_list":["post-17260","post","type-post","status-publish","format-standard","has-post-thumbnail","hentry","category-deportes"],"_links":{"self":[{"href":"https:\/\/samantharadionline.com\/index.php\/wp-json\/wp\/v2\/posts\/17260","targetHints":{"allow":["GET"]}}],"collection":[{"href":"https:\/\/samantharadionline.com\/index.php\/wp-json\/wp\/v2\/posts"}],"about":[{"href":"https:\/\/samantharadionline.com\/index.php\/wp-json\/wp\/v2\/types\/post"}],"author":[{"embeddable":true,"href":"https:\/\/samantharadionline.com\/index.php\/wp-json\/wp\/v2\/users\/1"}],"replies":[{"embeddable":true,"href":"https:\/\/samantharadionline.com\/index.php\/wp-json\/wp\/v2\/comments?post=17260"}],"version-history":[{"count":1,"href":"https:\/\/samantharadionline.com\/index.php\/wp-json\/wp\/v2\/posts\/17260\/revisions"}],"predecessor-version":[{"id":17262,"href":"https:\/\/samantharadionline.com\/index.php\/wp-json\/wp\/v2\/posts\/17260\/revisions\/17262"}],"wp:featuredmedia":[{"embeddable":true,"href":"https:\/\/samantharadionline.com\/index.php\/wp-json\/wp\/v2\/media\/17261"}],"wp:attachment":[{"href":"https:\/\/samantharadionline.com\/index.php\/wp-json\/wp\/v2\/media?parent=17260"}],"wp:term":[{"taxonomy":"category","embeddable":true,"href":"https:\/\/samantharadionline.com\/index.php\/wp-json\/wp\/v2\/categories?post=17260"},{"taxonomy":"post_tag","embeddable":true,"href":"https:\/\/samantharadionline.com\/index.php\/wp-json\/wp\/v2\/tags?post=17260"}],"curies":[{"name":"wp","href":"https:\/\/api.w.org\/{rel}","templated":true}]}}