{"id":17256,"date":"2025-07-06T10:54:16","date_gmt":"2025-07-06T14:54:16","guid":{"rendered":"https:\/\/samantharadionline.com\/?p=17256"},"modified":"2025-07-06T10:54:17","modified_gmt":"2025-07-06T14:54:17","slug":"aliados-de-abinader-y-el-prm","status":"publish","type":"post","link":"https:\/\/samantharadionline.com\/index.php\/2025\/07\/06\/aliados-de-abinader-y-el-prm\/","title":{"rendered":"Aliados de Abinader y el PRM"},"content":{"rendered":"\n<p class=\"has-medium-font-size\"><em>Hanoi S\u00e1nchez, pasada alcaldesa de San Juan, fue designada c\u00f3nsul general en Sao Paulo, Brasil<\/em><\/p>\n\n\n\n<figure class=\"wp-block-image\"><img decoding=\"async\" src=\"https:\/\/listindiario.com\/files\/image_60_60\/uploads\/2023\/05\/16\/64638cfd2419c.jpeg\" alt=\"Avatar del Javier Flores\"\/><\/figure>\n\n\n\n<p><em>\u00a0<\/em>Javier Flores, <strong>Santo Domingo, RD<\/strong><\/p>\n\n\n\n<p>En las pasadas elecciones presidenciales, Luis Abinader encabez\u00f3 la boleta del Partido Revolucionario Moderno (PRM) y otras 21 organizaciones, lo que le permiti\u00f3 ganar la Presidencia de la Rep\u00fablica con un 57.44%.<\/p>\n\n\n\n<p>Como recompensa por ceder su casilla electoral para que aparezca el rostro del mandatario, a los dirigentes de esas organizaciones pol\u00edticas se le ha \u201cpremiado\u201d con puestos dentro del tren gubernamental, apoyos en candidaturas congresuales y municipales, adem\u00e1s de incluir a algunos en el listado de dirigentes que lograron ingresar como diputados al Parlamento Centroamericano (Parlacen).<\/p>\n\n\n\n<p>Ayer s\u00e1bado se conoci\u00f3 que Hanoi S\u00e1nchez, pasada alcaldesa de San Juan, fue designada c\u00f3nsul general en Sao Paulo, Brasil. Antes hab\u00eda sido dirigente del PLD, del que renunci\u00f3 en 2019 al perder los comicios internos. Gan\u00f3 la alcald\u00eda con Fuerza del Pueblo y en alianza con el PRM, partido al que se sum\u00f3 en el a\u00f1o 2021.<\/p>\n\n\n\n<p>Perdi\u00f3 la alcald\u00eda en 2024 a manos de la alianza de Fuerza del Pueblo y PLD.<\/p>\n\n\n\n<p>En agosto del a\u00f1o pasado, el presidente nombr\u00f3 al hist\u00f3rico dirigente reformista, Modesto Guzm\u00e1n, director general de la Direcci\u00f3n General de Desarrollo a la Comunidad<\/p>\n\n\n\n<p>Uno de los partidos aliados fue&nbsp;<strong>Dominicanos por el Cambio (DxC)<\/strong>, cuyo principal dirigente pol\u00edtico,&nbsp;<strong>Eduardo Estrella<\/strong>, se encuentra dirigiendo el&nbsp;<strong>Ministerio de Obras P\u00fablicas y Comunicaciones (MOPC).<\/strong><\/p>\n\n\n\n<p>Para el Partido Reformista Social Cristiano (PRSC) la recompensa fue el apoyo a las candidaturas de Rogelio Genao, quien result\u00f3 electo (otra vez) como senador por La Vega, y de su hijo Rogelio Genao Lanza, quien retuvo una curul como diputado por la misma provincia. Fiordaliza Estevez fue llevada y gan\u00f3 una diputaci\u00f3n por Puerto Plata.&nbsp;<\/p>\n\n\n\n<p>Adem\u00e1s, Eddy Antonio Germ\u00e1n De Le\u00f3n fue llevado como diputado al Parlacen; y su suplente es Eduard Villa Nolasco, suplente del Parlacen.<\/p>\n\n\n\n<p>Con relaci\u00f3n al Partido de Unidad Nacional (PUN), Pedro Corpor\u00e1n Cabrera fue llevado como diputado al Parlacen y tras su fallecimiento hace varios meses, su hijo y dirigente del mismo partido, Pedro Claudio Corpor\u00e1n Rivera asumi\u00f3 la curul.&nbsp;<\/p>\n\n\n\n<p>Tambi\u00e9n el dirigente del Partido Humanista Dominicano (PHD), Ram\u00f3n Emilio Gori Taveras es diputado del Parlacen, mientras que su hijo Emilson Goris P\u00e9rez, es su suplente.<\/p>\n\n\n\n<p>Para el Partido C\u00edvico Renovador (PCR) existi\u00f3 el mismo trato con Franklin Santiago Benjam\u00edn White Coplin, quien es titular de una posici\u00f3n en el Parlacen, mientras que el suplente es Concepci\u00f3n Castillo de Pe\u00f1a; sin embargo, el presidente de esa organizaci\u00f3n pol\u00edtica, Jorge Zorilla, ha manifestado en varias ocasiones que espera \u201ccon paciencia\u201d una designaci\u00f3n dentro del tren gubernamental.<\/p>\n\n\n\n<p>\u201cEl presidente de la Rep\u00fablica, a su debido tiempo, tomar\u00e1 la decisi\u00f3n, porque realmente \u00e9l lo ha dicho y lo dijo: que no iba a nombrar a todos los partidos aliados en un mismo decreto. Entonces, nosotros tenemos paciencia y estamos esperando la decisi\u00f3n del se\u00f1or presidente\u201d, fueron declaraciones del exfuncionario el mes pasado.<\/p>\n\n\n\n<p>Su hijo,&nbsp;Jorge Manuel Zorrilla Gonz\u00e1lez, result\u00f3 electo diputado por acumulaci\u00f3n de votos, o diputado nacional como tambi\u00e9n se le conoce.<\/p>\n\n\n\n<p>Del lado del Partido Revolucionario Social Dem\u00f3crata (PRSD), su presidente y l\u00edder, Luis Miguel de Camps, se encuentra ejerciendo funciones como ministro de Educaci\u00f3n; mientras que para el Movimiento Democr\u00e1tico Alternativo (MODA), su presidente Elsido Antonio D\u00edaz Bueno, fue designado como Administrador general del Instituto de Auxilios y Viviendas (Inavi), mientras que Rafael Amaurys Chalas Santana es diputado en el Parlacen.<\/p>\n\n\n\n<p>El presidente de Alianza por la Democracia (APD), Max Puig, se desempe\u00f1a como vicepresidente ejecutivo del Consejo Nacional para el Cambio Clim\u00e1tico y Mecanismo de Desarrollo Limpio (CNCCMDL).<\/p>\n\n\n\n<p>En tanto que Fidel Santana, quien lidera el movimiento Misi\u00f3n Amplia Alianza Sociopol\u00edtica (M\u00c1S), fue nombrado por Abinader como embajador en Uruguay.<\/p>\n\n\n\n<p>El principal dirigente de Pa\u00eds Posible, Milton Morrison, es director del Instituto de Tr\u00e1nsito y Transporte Terreste (Intrant), mientras que el trato con el Partido Liberal Reformista (PLR) fue el apoyo a la candidatura Karen Aristy como a la alcald\u00eda de Hig\u00fcey, la cual termin\u00f3 ganando.<\/p>\n\n\n\n<p>Posiciones en el Parlacen, como suplente y titular de la curul fueron la recompensa para&nbsp;<strong>Uni\u00f3n Dem\u00f3crata Cristiano (UDC),<\/strong>&nbsp;quienes designaron a Krimilda Acosta San Miguel (hija del presidente de la UDC, Luis Acosta), como la diputada y a Delsia Magnolia Acosta Moreta (hermana de Luis), como la sustituta.<\/p>\n\n\n\n<p>La presidenta del&nbsp;<strong>Partido de Acci\u00f3n Liberal (PAL), Maritza L\u00f3pez<\/strong>, fue designada como presidenta administradora del&nbsp;<strong>Instituto de Desarrollo y Cr\u00e9dito Cooperativo (Idecoop)<\/strong>, colocando a su hija Michelle Marie Ortiz L\u00f3pez como diputada en el Parlacen.&nbsp;<\/p>\n\n\n\n<p>El hermano del actual l\u00edder del Partido Revolucionario Independiente (PRI), Trajano Santana, Mirtilio, recibi\u00f3 una curul en el organismo parlamentario del SICA.<\/p>\n\n\n\n<p>Puestos en el Parlacen tambi\u00e9n fueron para N<strong>amibia Angola Didiez Ogando, titular de la curul, y Maryelin Haeckerina Didiez Ogando, su suplente, ambas dirigentes del Partido Dem\u00f3crata Popular (PDP);<\/strong>&nbsp;Juan Cohen Sander, presidente del Partido Nacional Voluntad Ciudadana (PNVC), ejerce como embajador extraordinario y plenipotenciario en la Rep\u00fablica de Chile.<\/p>\n\n\n\n<p><strong>Jos\u00e9 Antol\u00edn Polanco Rosa, presidente del Partido Verde Dominicano, fue designado como director del Consejo Nacional de Fronteras<\/strong>; mientras que su hijo Enmanuel Jos\u00e9 Polanco Toribio tiene un esca\u00f1o en el Parlacen.&nbsp;<\/p>\n\n\n\n<p>Mientras que Antonio Marte, senador Santiago Rodr\u00edguez, recibi\u00f3 el apoyo del oficialismo durante la campa\u00f1a electoral.<\/p>\n\n\n\n<p><strong>Justicia Social<\/strong>, partido que le aport\u00f3 m\u00e1s de un punto porcentual a Abinader, recibi\u00f3 como merito la designaci\u00f3n de su presidente y exdirigente del Partido de la Liberaci\u00f3n Dominicana (PLD),&nbsp;<strong>Julio Cesar Valent\u00edn, como superintendente de Seguros<\/strong>; adem\u00e1s de una posici\u00f3n para&nbsp;<strong>Catalina Olea en el Parlacen.<\/strong><\/p>\n\n\n\n<h3 class=\"wp-block-heading\">Los que faltan<\/h3>\n\n\n\n<p>A pesar de que los reclamos de Zorrilla Ozuna han sido los que m\u00e1s estruendo han causado, dos partidos que fueron aliados al oficialismo que no hasta el momento no ha recibido ni una posici\u00f3n en el Parlacen.<\/p>\n\n\n\n<p>Uno de ellos es&nbsp;<strong>Alianza Pa\u00eds,<\/strong>&nbsp;cuyo presidente&nbsp;<strong>Guillermo Moreno<\/strong>&nbsp;fue el candidato del oficialismo para la senadur\u00eda del Distrito Nacional; contienda que termin\u00f3 perdiendo de Omar Fern\u00e1ndez y la Fuerza del Pueblo; desde entonces, Moreno ha sido rumorado para ocupar varias posiciones en el tren gubernamental, sin que hasta el momento haya sido materializado.<\/p>\n\n\n\n<p>El otro es el&nbsp;<strong>Partido Popular Cristiano (PPC)&nbsp;<\/strong>que tampoco ha recibido consideraci\u00f3n para entrar al gabinete presidencial.<\/p>\n\n\n\n<p>A finales del a\u00f1o pasado,&nbsp;<strong>\u00c1ngel Peguero M\u00e9ndez<\/strong>, denunci\u00f3 que el PPC no ha sido tomado en cuenta para asumir roles dentro del gobierno, lo que ha generado un profundo malestar en su dirigencia; manifestando, incluso, su arrepentimiento por apoyar al mandatario.&nbsp;<\/p>\n","protected":false},"excerpt":{"rendered":"<p>Hanoi S\u00e1nchez, pasada alcaldesa de San Juan, fue designada c\u00f3nsul general en Sao Paulo, Brasil<\/p>\n","protected":false},"author":1,"featured_media":17257,"comment_status":"open","ping_status":"open","sticky":false,"template":"","format":"standard","meta":{"footnotes":""},"categories":[12],"tags":[],"class_list":["post-17256","post","type-post","status-publish","format-standard","has-post-thumbnail","hentry","category-nacionales"],"_links":{"self":[{"href":"https:\/\/samantharadionline.com\/index.php\/wp-json\/wp\/v2\/posts\/17256","targetHints":{"allow":["GET"]}}],"collection":[{"href":"https:\/\/samantharadionline.com\/index.php\/wp-json\/wp\/v2\/posts"}],"about":[{"href":"https:\/\/samantharadionline.com\/index.php\/wp-json\/wp\/v2\/types\/post"}],"author":[{"embeddable":true,"href":"https:\/\/samantharadionline.com\/index.php\/wp-json\/wp\/v2\/users\/1"}],"replies":[{"embeddable":true,"href":"https:\/\/samantharadionline.com\/index.php\/wp-json\/wp\/v2\/comments?post=17256"}],"version-history":[{"count":1,"href":"https:\/\/samantharadionline.com\/index.php\/wp-json\/wp\/v2\/posts\/17256\/revisions"}],"predecessor-version":[{"id":17258,"href":"https:\/\/samantharadionline.com\/index.php\/wp-json\/wp\/v2\/posts\/17256\/revisions\/17258"}],"wp:featuredmedia":[{"embeddable":true,"href":"https:\/\/samantharadionline.com\/index.php\/wp-json\/wp\/v2\/media\/17257"}],"wp:attachment":[{"href":"https:\/\/samantharadionline.com\/index.php\/wp-json\/wp\/v2\/media?parent=17256"}],"wp:term":[{"taxonomy":"category","embeddable":true,"href":"https:\/\/samantharadionline.com\/index.php\/wp-json\/wp\/v2\/categories?post=17256"},{"taxonomy":"post_tag","embeddable":true,"href":"https:\/\/samantharadionline.com\/index.php\/wp-json\/wp\/v2\/tags?post=17256"}],"curies":[{"name":"wp","href":"https:\/\/api.w.org\/{rel}","templated":true}]}}