{"id":17246,"date":"2025-07-06T10:45:33","date_gmt":"2025-07-06T14:45:33","guid":{"rendered":"https:\/\/samantharadionline.com\/?p=17246"},"modified":"2025-07-06T10:45:34","modified_gmt":"2025-07-06T14:45:34","slug":"domingo-con-mucho-calor-y-precipitaciones","status":"publish","type":"post","link":"https:\/\/samantharadionline.com\/index.php\/2025\/07\/06\/domingo-con-mucho-calor-y-precipitaciones\/","title":{"rendered":"Domingo con mucho calor y precipitaciones"},"content":{"rendered":"\n<p class=\"has-medium-font-size\"><em>La temperatura m\u00ednima estar\u00e1 entre 21 \u00b0C y 23 \u00b0C, y la m\u00e1xima entre 33 \u00b0C y 35 \u00b0C, debido a la incidencia del polvo del Sahara<\/em><\/p>\n\n\n\n<p><strong>Santo Domingo, RD<\/strong><\/p>\n\n\n\n<p>El&nbsp;<strong>Instituto Dominicano de Meteorolog\u00eda<\/strong>&nbsp;(Indomet) anunci\u00f3 para este domingo<strong>&nbsp;temperaturas calurosas<\/strong>&nbsp;y sensaci\u00f3n t\u00e9rmica elevada debido a la presencia del<strong>&nbsp;polvo del Sahara<\/strong>, adem\u00e1s de una vaguada en diferentes niveles de la troposfera en adici\u00f3n a los efectos del&nbsp;<strong>viento del este<\/strong>.<\/p>\n\n\n\n<p>Ambos factores favorecen que durante el transcurso de la ma\u00f1ana se observen&nbsp;<strong>nublados&nbsp;<\/strong>acompa\u00f1ados de&nbsp;<strong>chubascos&nbsp;<\/strong>locales con posibles tronadas sobre localidades de: La Altagracia, La Romana, San Pedro de Macor\u00eds, El Seibo, Hato Mayor, Saman\u00e1, San Crist\u00f3bal, entre otras.<\/p>\n\n\n\n<p>Los aguaceros, tormentas el\u00e9ctricas y aisladas&nbsp;<strong>r\u00e1fagas de viento<\/strong>&nbsp;se trasladar\u00e1n hacia las provincias: Santo Domingo (la parte norte), Monte Plata, Monse\u00f1or Nouel, La Vega, Santiago, San Juan, Azua, Bahoruco, Independencia, Barahona, El\u00edas Pi\u00f1a, entre otras cercanas.<\/p>\n\n\n\n<p>Para el&nbsp;<strong>Gran Santo Domingo<\/strong>, la temperatura m\u00ednima estar\u00e1 entre 21 \u00b0C y 23 \u00b0C, y la m\u00e1xima entre 33 \u00b0C y 35 \u00b0C.<\/p>\n\n\n\n<h3 class=\"wp-block-heading\">Recomendaciones<\/h3>\n\n\n\n<p>El Indomet recomend\u00f3 tomar suficiente&nbsp;<strong>agua<\/strong>, no exponerse directamente a los&nbsp;<strong>rayos del sol&nbsp;<\/strong>sin la debida protecci\u00f3n, vestir ropas ligeras de colores claros y tener muy presente que los ni\u00f1os y adultos mayores son m\u00e1s susceptibles a las altas temperaturas.<\/p>\n","protected":false},"excerpt":{"rendered":"<p>La temperatura m\u00ednima estar\u00e1 entre 21 \u00b0C y 23 \u00b0C, y la m\u00e1xima entre 33<\/p>\n","protected":false},"author":1,"featured_media":17247,"comment_status":"open","ping_status":"open","sticky":false,"template":"","format":"standard","meta":{"footnotes":""},"categories":[12],"tags":[],"class_list":["post-17246","post","type-post","status-publish","format-standard","has-post-thumbnail","hentry","category-nacionales"],"_links":{"self":[{"href":"https:\/\/samantharadionline.com\/index.php\/wp-json\/wp\/v2\/posts\/17246","targetHints":{"allow":["GET"]}}],"collection":[{"href":"https:\/\/samantharadionline.com\/index.php\/wp-json\/wp\/v2\/posts"}],"about":[{"href":"https:\/\/samantharadionline.com\/index.php\/wp-json\/wp\/v2\/types\/post"}],"author":[{"embeddable":true,"href":"https:\/\/samantharadionline.com\/index.php\/wp-json\/wp\/v2\/users\/1"}],"replies":[{"embeddable":true,"href":"https:\/\/samantharadionline.com\/index.php\/wp-json\/wp\/v2\/comments?post=17246"}],"version-history":[{"count":1,"href":"https:\/\/samantharadionline.com\/index.php\/wp-json\/wp\/v2\/posts\/17246\/revisions"}],"predecessor-version":[{"id":17248,"href":"https:\/\/samantharadionline.com\/index.php\/wp-json\/wp\/v2\/posts\/17246\/revisions\/17248"}],"wp:featuredmedia":[{"embeddable":true,"href":"https:\/\/samantharadionline.com\/index.php\/wp-json\/wp\/v2\/media\/17247"}],"wp:attachment":[{"href":"https:\/\/samantharadionline.com\/index.php\/wp-json\/wp\/v2\/media?parent=17246"}],"wp:term":[{"taxonomy":"category","embeddable":true,"href":"https:\/\/samantharadionline.com\/index.php\/wp-json\/wp\/v2\/categories?post=17246"},{"taxonomy":"post_tag","embeddable":true,"href":"https:\/\/samantharadionline.com\/index.php\/wp-json\/wp\/v2\/tags?post=17246"}],"curies":[{"name":"wp","href":"https:\/\/api.w.org\/{rel}","templated":true}]}}