{"id":17216,"date":"2025-07-04T20:42:02","date_gmt":"2025-07-05T00:42:02","guid":{"rendered":"https:\/\/samantharadionline.com\/?p=17216"},"modified":"2025-07-04T20:42:03","modified_gmt":"2025-07-05T00:42:03","slug":"trump-convierte-en-ley-paquete-de-exenciones-fiscales","status":"publish","type":"post","link":"https:\/\/samantharadionline.com\/index.php\/2025\/07\/04\/trump-convierte-en-ley-paquete-de-exenciones-fiscales\/","title":{"rendered":"Trump convierte en ley paquete de exenciones fiscales"},"content":{"rendered":"\n<p class=\"has-medium-font-size\"><em>La legislaci\u00f3n extiende los recortes fiscales multimillonarios de Trump de 2017 y recorta Medicaid y los cupones de alimentos en 1,2 billones de d\u00f3lares<\/em><\/p>\n\n\n\n<figure class=\"wp-block-image\"><img decoding=\"async\" src=\"https:\/\/listindiario.com\/files\/image_60_60\/uploads\/2023\/05\/23\/646ccfb2f0e7e.jpeg\" alt=\"Avatar del Agencia AP\"\/><\/figure>\n\n\n\n<p><em>\u00a0<\/em>Agencia AP,<strong> Washington, EEUU<\/strong><\/p>\n\n\n\n<p>El presidente<strong>\u00a0Donald Trump\u00a0<\/strong>convirti\u00f3 en ley el viernes su\u00a0<strong>paquete de exenciones fiscales\u00a0<\/strong>y recortes de gastos despu\u00e9s de que sus esfuerzos de persuadirlo lograron un apoyo republicano casi un\u00e1nime en el Congreso para la prioridad nacional que podr\u00eda cimentar su legado en un segundo mandato.<\/p>\n\n\n\n<p>Flanqueado por legisladores republicanos y miembros de su gabinete, Trump firm\u00f3 la legislaci\u00f3n multimillonaria fuera de la&nbsp;<strong>Casa Blanca,<\/strong>&nbsp;y luego golpe\u00f3 el mazo que le regal\u00f3 el presidente de la C\u00e1mara de Representantes,&nbsp;<strong>Mike Johnson,<\/strong>&nbsp;y que se utiliz\u00f3 durante la aprobaci\u00f3n final del proyecto de ley el jueves.<\/p>\n\n\n\n<p>Contra todo pron\u00f3stico, que a veces parec\u00eda improbable, Trump logr\u00f3 su objetivo de celebrar una hist\u00f3rica y divisiva victoria legislativa a tiempo para el aniversario de la naci\u00f3n. Aviones de combate y un bombardero furtivo surcaron el cielo durante el picnic anual del\u00a0<strong>4 de julio\u00a0<\/strong>en la Casa Blanca, mientras Trump y la primera dama\u00a0<strong>Melania Trump<\/strong>\u00a0sal\u00edan al balc\u00f3n de la<strong>\u00a0Casa Blanca<\/strong>.<\/p>\n\n\n\n<p>PUBLICIDAD<\/p>\n\n\n\n<p>\u00abEstados Unidos est\u00e1 ganando, ganando, ganando como nunca antes\u00bb, dijo Trump, al referirse a la campa\u00f1a de bombardeos del mes pasado contra el programa nuclear iran\u00ed, que, seg\u00fan \u00e9l, el paso elevado pretend\u00eda honrar. \u00abPromesas hechas, promesas cumplidas, y las hemos cumplido\u00bb.<\/p>\n\n\n\n<p>La Casa Blanca se adorn\u00f3 con banderines rojos, blancos y azules para las festividades habituales del 4 de Julio. La<strong>&nbsp;Banda de la Infanter\u00eda de Marina&nbsp;<\/strong>de los Estados Unidos interpret\u00f3 marchas patri\u00f3ticas y, con un toque t\u00edpicamente trumpiano, melod\u00edas de los \u00edconos del pop de los 80, Chaka Khan y Huey Lewis. Los dos vuelos a\u00e9reos marcaron el final de la aparici\u00f3n de Trump y la interpretaci\u00f3n del himno nacional por parte de la banda.<\/p>\n\n\n\n<p>Los&nbsp;<strong>dem\u00f3cratas criticaron el paquete&nbsp;<\/strong>como un regalo a los ricos que privar\u00e1 a millones de personas de bajos ingresos de su seguro de salud, asistencia alimentaria y estabilidad financiera.<\/p>\n\n\n\n<p>\u00abNunca pens\u00e9 que estar\u00eda en la C\u00e1mara de Representantes diciendo que esto es una escena del crimen\u00bb, dijo el l\u00edder dem\u00f3crata&nbsp;<strong>Hakeem Jeffries<\/strong>&nbsp;de Nueva York durante un discurso sin precedentes que retras\u00f3 la aprobaci\u00f3n del proyecto de ley m\u00e1s de ocho horas. \u00abEs una escena del crimen, que atenta contra la salud, la seguridad y el bienestar del pueblo estadounidense\u00bb.<\/p>\n\n\n\n<p>La legislaci\u00f3n extiende los recortes fiscales multimillonarios de Trump de 2017 y&nbsp;<strong>recorta Medicaid y los cupones de alimentos en 1,2 billones de d\u00f3lares.&nbsp;<\/strong>Prev\u00e9 un aumento masivo en la aplicaci\u00f3n de las leyes migratorias. El sistema independiente de control del Congreso proyecta que casi 12 millones m\u00e1s de personas perder\u00e1n su seguro m\u00e9dico con esta ley.<\/p>\n\n\n\n<p>La legislaci\u00f3n fue aprobada en la C\u00e1mara de Representantes el jueves mediante una votaci\u00f3n mayoritariamente partidaria, culminando un esfuerzo de meses por parte del Partido Republicano para meter la mayor\u00eda de sus prioridades legislativas en un solo proyecto de ley de presupuesto que podr\u00eda promulgarse sin que los dem\u00f3cratas del Senado pudieran bloquearlo indefinidamente mediante filibusterismo.<\/p>\n\n\n\n<p>Se aprob\u00f3 por un solo voto en el Senado, donde el republicano de Carolina del Norte, Thom Tillis, anunci\u00f3 que no se presentar\u00eda a la reelecci\u00f3n tras provocar la ira de Trump al oponerse. El vicepresidente J. D. Vance tuvo que emitir el voto decisivo.<\/p>\n\n\n\n<p>En la C\u00e1mara de Representantes, donde dos republicanos votaron en contra, uno de ellos, el inconformista conservador Tom Massie de Kentucky, tambi\u00e9n se ha convertido en blanco de la operaci\u00f3n pol\u00edtica bien financiada de Trump.<\/p>\n\n\n\n<p>La legislaci\u00f3n equivale a un repudio a las agendas de los \u00faltimos dos presidentes dem\u00f3cratas, Barack Obama y Joe Biden, al revertir la expansi\u00f3n de&nbsp;<strong>Medicaid de Obama<\/strong>&nbsp;bajo su ley de salud emblem\u00e1tica y los cr\u00e9ditos fiscales de Biden para la energ\u00eda renovable.<\/p>\n\n\n\n<p>La Oficina de Presupuesto del Congreso estima que el paquete agregar\u00e1 3,3 billones de d\u00f3lares al d\u00e9ficit durante la d\u00e9cada y 11,8 millones de personas m\u00e1s se quedar\u00e1n sin cobertura sanitaria.<\/p>\n\n\n\n<p>Trump se regocij\u00f3 por su victoria pol\u00edtica el jueves por la noche en Iowa, donde asisti\u00f3 al inicio de los eventos que celebran el 250\u00ba aniversario del pa\u00eds el pr\u00f3ximo a\u00f1o.<\/p>\n\n\n\n<p>\u201cQuiero agradecer a los congresistas republicanos, porque lo que hicieron es incre\u00edble\u201d, dijo. El presidente se quej\u00f3 de que los dem\u00f3cratas votaron en contra del proyecto de ley porque \u201codian a Trump, pero yo tambi\u00e9n los odio\u201d.<\/p>\n\n\n\n<p>El paquete seguramente ser\u00e1 un punto de conflicto en las elecciones intermedias del pr\u00f3ximo a\u00f1o, y los dem\u00f3cratas est\u00e1n haciendo planes ambiciosos para manifestaciones, campa\u00f1as de registro de votantes, anuncios de ataque, recorridos en autob\u00fas e incluso una vigilia de varios d\u00edas, todo ello destinado a resaltar los elementos m\u00e1s controvertidos.<\/p>\n\n\n\n<p>A su regreso a&nbsp;<strong>Washington&nbsp;<\/strong>el viernes por la ma\u00f1ana, Trump describi\u00f3 el paquete como \u201cmuy popular\u201d, aunque las encuestas sugieren que la opini\u00f3n p\u00fablica es, en el mejor de los casos, mixta.<\/p>\n\n\n\n<p>Por ejemplo, una encuesta del Washington Post\/Ipsos encontr\u00f3 que la mayor\u00eda de los adultos estadounidenses apoyan el aumento del cr\u00e9dito fiscal anual por hijo y la eliminaci\u00f3n de los impuestos sobre las ganancias provenientes de propinas, y aproximadamente la mitad apoya requisitos de trabajo para algunos adultos que reciben Medicaid.<\/p>\n\n\n\n<p>Sin embargo, la encuesta revel\u00f3 que la mayor\u00eda se opone a reducir los fondos federales destinados a la asistencia alimentaria para familias de bajos ingresos y a invertir cerca de 45 000 millones de d\u00f3lares en la construcci\u00f3n y el mantenimiento de centros de detenci\u00f3n de migrantes. Alrededor del 60 % consider\u00f3 \u00abinaceptable\u00bb que se prevea que el proyecto de ley aumente la deuda estadounidense de 36 billones de d\u00f3lares en m\u00e1s de 3 billones de d\u00f3lares durante la pr\u00f3xima d\u00e9cada.<\/p>\n","protected":false},"excerpt":{"rendered":"<p>La legislaci\u00f3n extiende los recortes fiscales multimillonarios de Trump de 2017 y recorta Medicaid y<\/p>\n","protected":false},"author":1,"featured_media":17217,"comment_status":"open","ping_status":"open","sticky":false,"template":"","format":"standard","meta":{"footnotes":""},"categories":[4],"tags":[],"class_list":["post-17216","post","type-post","status-publish","format-standard","has-post-thumbnail","hentry","category-mundiales"],"_links":{"self":[{"href":"https:\/\/samantharadionline.com\/index.php\/wp-json\/wp\/v2\/posts\/17216","targetHints":{"allow":["GET"]}}],"collection":[{"href":"https:\/\/samantharadionline.com\/index.php\/wp-json\/wp\/v2\/posts"}],"about":[{"href":"https:\/\/samantharadionline.com\/index.php\/wp-json\/wp\/v2\/types\/post"}],"author":[{"embeddable":true,"href":"https:\/\/samantharadionline.com\/index.php\/wp-json\/wp\/v2\/users\/1"}],"replies":[{"embeddable":true,"href":"https:\/\/samantharadionline.com\/index.php\/wp-json\/wp\/v2\/comments?post=17216"}],"version-history":[{"count":1,"href":"https:\/\/samantharadionline.com\/index.php\/wp-json\/wp\/v2\/posts\/17216\/revisions"}],"predecessor-version":[{"id":17218,"href":"https:\/\/samantharadionline.com\/index.php\/wp-json\/wp\/v2\/posts\/17216\/revisions\/17218"}],"wp:featuredmedia":[{"embeddable":true,"href":"https:\/\/samantharadionline.com\/index.php\/wp-json\/wp\/v2\/media\/17217"}],"wp:attachment":[{"href":"https:\/\/samantharadionline.com\/index.php\/wp-json\/wp\/v2\/media?parent=17216"}],"wp:term":[{"taxonomy":"category","embeddable":true,"href":"https:\/\/samantharadionline.com\/index.php\/wp-json\/wp\/v2\/categories?post=17216"},{"taxonomy":"post_tag","embeddable":true,"href":"https:\/\/samantharadionline.com\/index.php\/wp-json\/wp\/v2\/tags?post=17216"}],"curies":[{"name":"wp","href":"https:\/\/api.w.org\/{rel}","templated":true}]}}