{"id":17213,"date":"2025-07-04T15:29:05","date_gmt":"2025-07-04T19:29:05","guid":{"rendered":"https:\/\/samantharadionline.com\/?p=17213"},"modified":"2025-07-04T15:29:06","modified_gmt":"2025-07-04T19:29:06","slug":"trump-firmara-su-grande-y-hermosa-ley-presupuestaria-en-el-dia-de-la-independencia","status":"publish","type":"post","link":"https:\/\/samantharadionline.com\/index.php\/2025\/07\/04\/trump-firmara-su-grande-y-hermosa-ley-presupuestaria-en-el-dia-de-la-independencia\/","title":{"rendered":"Trump firmar\u00e1 su \u00abgrande y hermosa\u00bb ley presupuestaria en el D\u00eda de la Independencia"},"content":{"rendered":"\n<p class=\"has-medium-font-size\"><em>Los temores apuntan a que aumente la deuda nacional, reduzca las partidas para la salud y la seguridad social, y que sirva de combustible para la ola de represi\u00f3n migratoria de Trump<\/em><\/p>\n\n\n\n<figure class=\"wp-block-image\"><img decoding=\"async\" src=\"https:\/\/listindiario.com\/files\/image_60_60\/uploads\/2025\/06\/12\/684b39171bfd7.jpeg\" alt=\"Avatar del Agencia AFP\"\/><\/figure>\n\n\n\n<p><em>\u00a0<\/em>Agencia AFP, <strong>Washington, Estados Unidos<\/strong><\/p>\n\n\n\n<p>El presidente de Estados Unidos, Donald Trump, firmar\u00e1 este viernes la ley de presupuesto en una pomposa ceremonia que coincide con el D\u00eda de la Independencia, tras obtener una \u00abvictoria fenomenal\u00bb en el Congreso.<\/p>\n\n\n\n<p>El megaproyecto presupuestario del mandatario republicano consolida su agenda radical en este segundo mandato y gener\u00f3 resistencias en su propio partido, que finalmente fueron allanadas para aprobar esta \u00abLey grande y hermosa\u00bb, como la bautiz\u00f3 Trump.<\/p>\n\n\n\n<p>Los temores apuntan a que aumente la deuda nacional, reduzca las partidas para la salud y la seguridad social, y que sirva de combustible para la ola de represi\u00f3n migratoria de Trump.<\/p>\n\n\n\n<p>Trump anunci\u00f3 que firmar\u00e1 la ley en una ceremonia en la Casa Blanca a las 16H00 hora local (20H00 GMT). Los pilotos que lanzaron los bombardeos contra Ir\u00e1n este mes est\u00e1n entre los invitados.<\/p>\n\n\n\n<p>\u00abNo podr\u00eda haber mejor regalo de cumplea\u00f1os para Estados Unidos que la victoria fenomenal que logramos hace apenas unas horas\u00bb, dijo Trump el jueves a sus simpatizantes en Des Moines, capital de Iowa, en un mitin que abri\u00f3 las celebraciones por los 250\u00ba a\u00f1os de la independencia de Estados Unidos.<\/p>\n\n\n\n<p>\u00abEn pocas palabras, esta \u00fanica y hermosa ley crear\u00eda la frontera m\u00e1s fuerte de la Tierra, la econom\u00eda m\u00e1s fuerte de la Tierra, el ej\u00e9rcito m\u00e1s fuerte de la Tierra, y garantizar\u00eda que Estados Unidos de Am\u00e9rica siga siendo el pa\u00eds m\u00e1s fuerte de este hermoso planeta\u00bb, a\u00f1adi\u00f3.<\/p>\n\n\n\n<p>El proyecto apenas pas\u00f3 la votaci\u00f3n final por 218-214 en la C\u00e1mara de Representantes.<\/p>\n\n\n\n<p>El presidente de la C\u00e1mara de Representantes,&nbsp;<strong>Mike Johnson<\/strong>, trabaj\u00f3 durante la noche para convencer a los d\u00edscolos de que apoyaran la ley.<\/p>\n\n\n\n<p>En Iowa, Trump vaticin\u00f3 que la ley convertir\u00e1 al pa\u00eds \u00aben un cohete espacial\u00bb y dijo que se trata de \u00abla ley m\u00e1s grande de su tipo jam\u00e1s firmada\u00bb.<\/p>\n\n\n\n<p><strong>&#8211; Deportaciones masivas, recortes fiscales &#8211;<\/strong><\/p>\n\n\n\n<p>Con la aprobaci\u00f3n, Trump se anot\u00f3 un nuevo triunfo que consolida su visi\u00f3n de la pol\u00edtica estadounidense, luego de los fallos a su favor de parte de la Corte Suprema de Justicia y los ataques de Estados Unidos que llevaron a una tregua en el conflicto entre Israel e Ir\u00e1n.<\/p>\n\n\n\n<p>Su extenso megaproyecto de ley se aprob\u00f3 en el Senado el martes y tuvo que regresar a la C\u00e1mara Baja para una ratificaci\u00f3n de las revisiones de los senadores.<\/p>\n\n\n\n<p>El paquete cumple muchas de las promesas de campa\u00f1a de Trump, como un aumento del gasto militar, el financiamiento de una campa\u00f1a de deportaci\u00f3n masiva de migrantes y otorga 4,5 billones de d\u00f3lares para extender sus recortes tributarios del primer mandato (2017-2021).<\/p>\n\n\n\n<p>Pero se espera que sume 3,4 billones de d\u00f3lares en una d\u00e9cada al d\u00e9ficit fiscal del pa\u00eds, mientras reduce el programa federal de cupones de alimentos para poblaci\u00f3n vulnerable y genera los mayores recortes en el seguro m\u00e9dico Medicaid para estadounidenses de bajos ingresos desde su lanzamiento en los a\u00f1os 1960.<\/p>\n\n\n\n<p>Mientras los moderados en la C\u00e1mara est\u00e1n inquietos porque los recortes puedan da\u00f1ar sus perspectivas de reelecci\u00f3n, los halcones fiscales -los m\u00e1s ortodoxos- se quejan de los ahorros que, seg\u00fan ellos, est\u00e1n muy por debajo de lo prometido.<\/p>\n\n\n\n<p>El mandatario pas\u00f3 semanas haciendo llamadas telef\u00f3nicas y organizando reuniones en la Casa Blanca para persuadir a legisladores divididos entre enfadar a los beneficiarios de asistencia social en sus estados, o enfrentar la ira del presidente.<\/p>\n\n\n\n<p>Los dem\u00f3cratas esperan que la oposici\u00f3n p\u00fablica al proyecto les ayude a volver a controlar la C\u00e1mara Baja en las elecciones intermedias de 2026, con el argumento de que la iniciativa del mandatario representa una enorme redistribuci\u00f3n de riqueza de los estadounidenses m\u00e1s pobres a los m\u00e1s ricos.<\/p>\n","protected":false},"excerpt":{"rendered":"<p>Los temores apuntan a que aumente la deuda nacional, reduzca las partidas para la salud<\/p>\n","protected":false},"author":1,"featured_media":17214,"comment_status":"open","ping_status":"open","sticky":false,"template":"","format":"standard","meta":{"footnotes":""},"categories":[4],"tags":[],"class_list":["post-17213","post","type-post","status-publish","format-standard","has-post-thumbnail","hentry","category-mundiales"],"_links":{"self":[{"href":"https:\/\/samantharadionline.com\/index.php\/wp-json\/wp\/v2\/posts\/17213","targetHints":{"allow":["GET"]}}],"collection":[{"href":"https:\/\/samantharadionline.com\/index.php\/wp-json\/wp\/v2\/posts"}],"about":[{"href":"https:\/\/samantharadionline.com\/index.php\/wp-json\/wp\/v2\/types\/post"}],"author":[{"embeddable":true,"href":"https:\/\/samantharadionline.com\/index.php\/wp-json\/wp\/v2\/users\/1"}],"replies":[{"embeddable":true,"href":"https:\/\/samantharadionline.com\/index.php\/wp-json\/wp\/v2\/comments?post=17213"}],"version-history":[{"count":1,"href":"https:\/\/samantharadionline.com\/index.php\/wp-json\/wp\/v2\/posts\/17213\/revisions"}],"predecessor-version":[{"id":17215,"href":"https:\/\/samantharadionline.com\/index.php\/wp-json\/wp\/v2\/posts\/17213\/revisions\/17215"}],"wp:featuredmedia":[{"embeddable":true,"href":"https:\/\/samantharadionline.com\/index.php\/wp-json\/wp\/v2\/media\/17214"}],"wp:attachment":[{"href":"https:\/\/samantharadionline.com\/index.php\/wp-json\/wp\/v2\/media?parent=17213"}],"wp:term":[{"taxonomy":"category","embeddable":true,"href":"https:\/\/samantharadionline.com\/index.php\/wp-json\/wp\/v2\/categories?post=17213"},{"taxonomy":"post_tag","embeddable":true,"href":"https:\/\/samantharadionline.com\/index.php\/wp-json\/wp\/v2\/tags?post=17213"}],"curies":[{"name":"wp","href":"https:\/\/api.w.org\/{rel}","templated":true}]}}