{"id":17210,"date":"2025-07-04T15:26:27","date_gmt":"2025-07-04T19:26:27","guid":{"rendered":"https:\/\/samantharadionline.com\/?p=17210"},"modified":"2025-07-04T15:26:28","modified_gmt":"2025-07-04T19:26:28","slug":"el-ministerio-de-justicia-le-dara-estabilidad-al-sistema-penitenciario-dice-roberto-santana","status":"publish","type":"post","link":"https:\/\/samantharadionline.com\/index.php\/2025\/07\/04\/el-ministerio-de-justicia-le-dara-estabilidad-al-sistema-penitenciario-dice-roberto-santana\/","title":{"rendered":"El Ministerio de Justicia le dar\u00e1 estabilidad al sistema penitenciario, dice Roberto Santana"},"content":{"rendered":"\n<p class=\"has-medium-font-size\"><em>En 1946 fue suplantado por la Secretar\u00eda de Justicia, transfiriendo sus funciones a la Procuradur\u00eda General de la Rep\u00fablica (PGR)<\/em><\/p>\n\n\n\n<figure class=\"wp-block-image\"><img decoding=\"async\" src=\"https:\/\/listindiario.com\/files\/image_60_60\/uploads\/2025\/06\/12\/684b391707e60.jpeg\" alt=\"Avatar del Nalphy Mart\u00ednez\"\/><\/figure>\n\n\n\n<p><em>\u00a0<\/em>Nalphy Mart\u00ednez,<strong> Santo Domingo, RD<\/strong><\/p>\n\n\n\n<p>En busca de una mejor&nbsp;<strong>seguridad ciudadana<\/strong>&nbsp;y preservaci\u00f3n de los&nbsp;<strong>derechos humanos<\/strong>&nbsp;a los convictos, la reforma penitenciaria ha sido un tema que desde hace d\u00e9cadas se ha planteado en el pa\u00eds.<\/p>\n\n\n\n<p>Con la posibilidad de un&nbsp;<strong>Ministerio de Justicia<\/strong>&nbsp;al pa\u00eds, se pretende que este priorice&nbsp;<strong>entre sus primeras funciones la reforma penitenciaria.<\/strong><\/p>\n\n\n\n<p>\u00abLe va a dar estabilidad al sistema penitenciario y, debido a los componentes que tiene la ley misma, evitar\u00e1 que de un funcionario a otro o de un componente a otro se le ocurra darle para atr\u00e1s a lo que se ha avanzado en materia de reforma\u00bb, manifest\u00f3 Roberto Santana, director de la&nbsp;<strong>Oficina Nacional de Apoyo a la Reforma Penitenciaria<\/strong>&nbsp;(Onaprep).<\/p>\n\n\n\n<p>Aunque la figura del Ministerio de Justicia estuvo presente durante los primeros 120 a\u00f1os de historia dominicana, el 10 de noviembre de 1946 fue suplantado por la Secretar\u00eda de Justicia, transfiriendo sus funciones a la<strong>&nbsp;Procuradur\u00eda General de la Rep\u00fablica&nbsp;<\/strong>(PGR).<\/p>\n\n\n\n<p>Seg\u00fan \u00e9l, distinto a lo que pasa ahora, este sistema abarcar\u00e1 todas las fases de atenci\u00f3n a los privados de libertad para garantizar la<strong>&nbsp;reinserci\u00f3n, rehabilitaci\u00f3n&nbsp;<\/strong>y disminuci\u00f3n de los riesgos de la seguridad ciudadana a los carcelarios.<\/p>\n\n\n\n<p>En otras palabras, sostuvo que el Ministerio de Justicia para esta reforma representar\u00e1 un equivalente a la seguridad p\u00fablica.<\/p>\n\n\n\n<p>\u00abTiene que haber un sistema penitenciario dirigido \u00fanicamente por un Ministerio de Justicia, donde ellos tengan su presupuesto propio, donde ellos puedan gestionar su personal y sea una prioridad de la instituci\u00f3n que est\u00e9 a cargo\u00bb, explic\u00f3.<\/p>\n\n\n\n<p>Bajo esa misma l\u00ednea de pensamiento, Roberto Hern\u00e1ndez, director general de&nbsp;<strong>Servicios Penitenciarios y Correccionales<\/strong>, se refiri\u00f3 al levantamiento t\u00e9cnico para el cierre de la c\u00e1rcel La Victoria.<\/p>\n\n\n\n<p>Mediante la fase de planificaci\u00f3n, desarrollan el proceso de traslado del centro penitenciario hacia la&nbsp;<strong>c\u00e1rcel Las Parras<\/strong>, que tendr\u00e1 una capacidad para 2,400 privados de libertad. Indic\u00f3 que las instalaciones del penal ser\u00e1n readecuadas para ser un centro preventivo.<\/p>\n\n\n\n<p>Santana a\u00f1adi\u00f3 que esta fase de planificaci\u00f3n servir\u00e1 para determinar&nbsp;<strong>qu\u00e9 funciona y qu\u00e9 no de la infraestructura.<\/strong>&nbsp;Para el traslado de los preventivos, la evaluaci\u00f3n de estos est\u00e1 pr\u00f3xima a iniciar para ser llevados por grupos.<\/p>\n\n\n\n<p>Ambas declaraciones tuvieron lugar en el taller de evaluaci\u00f3n sobre la participaci\u00f3n gubernamental y de la sociedad civil en el proceso de la reforma penitenciaria por la Onaprep en el&nbsp;<strong>Ministerio de Relaciones Exteriores<\/strong>&nbsp;(Mirex).<\/p>\n","protected":false},"excerpt":{"rendered":"<p>En 1946 fue suplantado por la Secretar\u00eda de Justicia, transfiriendo sus funciones a la Procuradur\u00eda<\/p>\n","protected":false},"author":1,"featured_media":17211,"comment_status":"open","ping_status":"open","sticky":false,"template":"","format":"standard","meta":{"footnotes":""},"categories":[12],"tags":[],"class_list":["post-17210","post","type-post","status-publish","format-standard","has-post-thumbnail","hentry","category-nacionales"],"_links":{"self":[{"href":"https:\/\/samantharadionline.com\/index.php\/wp-json\/wp\/v2\/posts\/17210","targetHints":{"allow":["GET"]}}],"collection":[{"href":"https:\/\/samantharadionline.com\/index.php\/wp-json\/wp\/v2\/posts"}],"about":[{"href":"https:\/\/samantharadionline.com\/index.php\/wp-json\/wp\/v2\/types\/post"}],"author":[{"embeddable":true,"href":"https:\/\/samantharadionline.com\/index.php\/wp-json\/wp\/v2\/users\/1"}],"replies":[{"embeddable":true,"href":"https:\/\/samantharadionline.com\/index.php\/wp-json\/wp\/v2\/comments?post=17210"}],"version-history":[{"count":1,"href":"https:\/\/samantharadionline.com\/index.php\/wp-json\/wp\/v2\/posts\/17210\/revisions"}],"predecessor-version":[{"id":17212,"href":"https:\/\/samantharadionline.com\/index.php\/wp-json\/wp\/v2\/posts\/17210\/revisions\/17212"}],"wp:featuredmedia":[{"embeddable":true,"href":"https:\/\/samantharadionline.com\/index.php\/wp-json\/wp\/v2\/media\/17211"}],"wp:attachment":[{"href":"https:\/\/samantharadionline.com\/index.php\/wp-json\/wp\/v2\/media?parent=17210"}],"wp:term":[{"taxonomy":"category","embeddable":true,"href":"https:\/\/samantharadionline.com\/index.php\/wp-json\/wp\/v2\/categories?post=17210"},{"taxonomy":"post_tag","embeddable":true,"href":"https:\/\/samantharadionline.com\/index.php\/wp-json\/wp\/v2\/tags?post=17210"}],"curies":[{"name":"wp","href":"https:\/\/api.w.org\/{rel}","templated":true}]}}