{"id":17198,"date":"2025-07-04T09:21:28","date_gmt":"2025-07-04T13:21:28","guid":{"rendered":"https:\/\/samantharadionline.com\/?p=17198"},"modified":"2025-07-04T09:21:29","modified_gmt":"2025-07-04T13:21:29","slug":"cuando-hice-la-transicion-de-rock-a-la-bachata-decian-que-me-volvi-loco-y-si-me-volvi-loco","status":"publish","type":"post","link":"https:\/\/samantharadionline.com\/index.php\/2025\/07\/04\/cuando-hice-la-transicion-de-rock-a-la-bachata-decian-que-me-volvi-loco-y-si-me-volvi-loco\/","title":{"rendered":"\u201cCuando hice la transici\u00f3n de rock a la bachata dec\u00edan que me volv\u00ed loco y s\u00ed, me volv\u00ed loco\u201d"},"content":{"rendered":"\n<p class=\"has-medium-font-size\"><em>Tras seis a\u00f1os sin lanzar un proyecto discogr\u00e1fico, el cantautor dominicano llega con\u00a0\u201cPu\u00f1ito de Yocah\u00fa\u201d<\/em><\/p>\n\n\n\n<figure class=\"wp-block-image\"><img decoding=\"async\" src=\"https:\/\/listindiario.com\/files\/image_60_60\/uploads\/2023\/05\/16\/64638b5306b73.jpeg\" alt=\"Avatar del Yerlendy Abad\"\/><\/figure>\n\n\n\n<p><em>\u00a0<\/em>Yerlendy Abad<\/p>\n\n\n\n<p>Desde una \u00f3ptica diferente, de un dominicano viviendo en Am\u00e9rica del Sur,&nbsp;<strong>Vicente Garc\u00eda<\/strong>&nbsp;descubri\u00f3 la presencia de la&nbsp;<strong>cultura ind\u00edgena<\/strong>&nbsp;en ese subcontinente, donde fue adoptado hace once a\u00f1os, espec\u00edficamente en Bogot\u00e1, Colombia.<\/p>\n\n\n\n<p>Mientras en el resto del mundo, las tradiciones y costumbres ancestrales se mantienen arraigadas en la creencia de los sudamericanos.<\/p>\n\n\n\n<p>De ah\u00ed, el cantautor siente la necesidad de plasmar la cultura dominicana, caracterizada por la mezcla de influencias ta\u00ednas, espa\u00f1olas y africanas, en su \u00e1lbum \u201cPu\u00f1ito de Yocah\u00fa\u201d.<\/p>\n\n\n\n<p>Luego de seis a\u00f1os sin lanzar un proyecto discogr\u00e1fico, Garc\u00eda recogi\u00f3 la herencia de estas corrientes en trece canciones, destacando la del pueblo ind\u00edgena que habit\u00f3 las Antillas Mayores y que, seg\u00fan cont\u00f3 Vicente Garc\u00eda durante una entrevista<strong>,\u00a0<\/strong>ha\u00a0<strong>\u201cquedado relegada en los museos y en los libros\u201d.<\/strong><\/p>\n\n\n\n<p><strong>\u201cYo con este disco trato como de despertar un poquito esa curiosidad y de saber que todav\u00eda eso existe y que todav\u00eda eso es parte de nuestra vida cotidiana\u201d,<\/strong>&nbsp;afirm\u00f3.<\/p>\n\n\n\n<p>A pesar de destacar por su contenido hist\u00f3rico,&nbsp;<strong>\u201cPu\u00f1ito de Yocah\u00fa\u201d<\/strong>&nbsp;no deja de ser un \u00e1lbum moderno por el lenguaje actual que el artista maneja en cada tema.<\/p>\n\n\n\n<p><strong>\u201cEsto que estamos haciendo con esta nueva jerga, con este nuevo vocabulario, tambi\u00e9n ser\u00e1 historia para otras generaciones\u201d,<\/strong>&nbsp;explic\u00f3.<\/p>\n\n\n\n<p>\u201cAqu\u00ed hemos tratado la parte ta\u00edna, la parte ind\u00edgena como algo que se extingui\u00f3, sin embargo, en Sudam\u00e9rica todav\u00eda los ind\u00edgenas existen, todav\u00eda son parte esencial del d\u00eda a d\u00eda, existe la medicina ancestral, esa cultura est\u00e1 viva\u201d, recalc\u00f3.<\/p>\n\n\n\n<p>Asimismo, confes\u00f3 que le tiene fe a dichas deidades fundamentadas en el respeto a la naturaleza, contrario a los espa\u00f1oles, que se concentraron en construir estructuras como sin\u00f3nimo de civilizaci\u00f3n.<\/p>\n\n\n\n<p>\u201cCon el tiempo nos hemos dado cuenta que la naturaleza tiene su curso y tenemos que respetarla, y los mismos espa\u00f1oles hoy lo entienden, o sea que no estaban tan equivocados\u201d, recalc\u00f3.<\/p>\n\n\n\n<h3 class=\"wp-block-heading\">FUE DIF\u00cdCIL HACER GAG\u00c1<\/h3>\n\n\n\n<p>De los trece temas que componen \u201cPu\u00f1ito de Yocah\u00fa\u201d, Vicente Garc\u00eda admiti\u00f3 que el m\u00e1s dif\u00edcil de hacer fue el gag\u00e1, titulado \u201cNing\u00fan ning\u00fan\u201d, un ritmo del cual el dominicano reh\u00fasa por su origen en la santer\u00eda y el vud\u00fa y se conoce como una manifestaci\u00f3n haitiana.<\/p>\n\n\n\n<p>\u201cTen\u00eda como mis temores, yo s\u00e9 que el gag\u00e1 ha sido un tema bastante criticado, yo lo veo desde las mezclas de las fusiones, de que tambi\u00e9n hay algo de eso que nos toca, no es del todo nuestro, pero s\u00ed lo podemos ver. Yo he ido a muchas fiestas de gag\u00e1 en San Luis y en un mill\u00f3n de lugares, y es parte tambi\u00e9n de lo que salpica de nuestros hermanos haitianos y no le tengo tanto tab\u00fa\u201d, indic\u00f3.<\/p>\n\n\n\n<h3 class=\"wp-block-heading\">DEL ROCK A LA BACHATA INSPIRADO EN JUAN LUIS GUERRA<\/h3>\n\n\n\n<p>A Vicente Garc\u00eda lo llamaron \u201cloco\u201d cuando en el a\u00f1o 2010 tom\u00f3 la decisi\u00f3n de iniciar una carrera como solista y experimentar con ritmos caribe\u00f1os inspirado en Juan Luis Guerra, quien le abri\u00f3 las puertas en el g\u00e9nero tropical tras invitarlo a participar en su gira \u201cLa Traves\u00eda\u201d. Sin embargo, no se arrepiente de esa transici\u00f3n que lo ret\u00f3 como artista, fusionando la bachata con otros g\u00e9neros, entre ellos el bolero.<\/p>\n\n\n\n<p>Su mayor \u00e9xito llega con su disco debut en solitario \u201cMelodrama\u201d (2011), conquistando la atenci\u00f3n del p\u00fablico popular y las principales emisoras de Rep\u00fablica Dominicana y otros pa\u00edses con el sencillo \u201cComo has logrado\u201d hasta llegar a profundizar en las ra\u00edces r\u00edtmicas criollas, como lo hizo en \u201cA la mar\u201d (2016) y \u201cCandela\u201d (2019).<\/p>\n\n\n\n<p>\u201cMusicalmente, en primer lugar, eso fue como la gran semilla, totalmente inspirado en Juan Luis Guerra y en su m\u00fasica que fue para m\u00ed un apoyo en esa transici\u00f3n de yo venir del rock y de la m\u00fasica alternativa a querer abrazar la bachata, en ese momento de una manera naif (ingenua), algo que tal vez puede ser un bolero, una balada, pero llevaba bongo, g\u00fcira y maraca. Y yo creo que luego con &#8216;A la mar&#8217; (2016) yo quer\u00eda como meterme como en el legado de la afrodescendencia y empec\u00e9 hacer una bachata tal vez un poquito m\u00e1s cruda, tambi\u00e9n a trabajar con otro tipo de merengue como el pri-pr\u00ed, como el merengue ocoe\u00f1o, como el gag\u00e1 tambi\u00e9n, y he seguido en ese camino\u201d, mencion\u00f3.<\/p>\n\n\n\n<p>\u201cEn &#8216;Candela&#8217; hice una continuaci\u00f3n de esa investigaci\u00f3n de la cultura de la m\u00fasica dominicana, del merengue sobre todo, pero siento que la gran transici\u00f3n s\u00ed fue esa apuesta a la bachata viniendo de banda de rock, se sent\u00ed como &#8216;se volvi\u00f3 loco&#8217; y s\u00ed, me volv\u00ed loco\u201d, expres\u00f3.<\/p>\n","protected":false},"excerpt":{"rendered":"<p>Tras seis a\u00f1os sin lanzar un proyecto discogr\u00e1fico, el cantautor dominicano llega con\u00a0\u201cPu\u00f1ito de Yocah\u00fa\u201d<\/p>\n","protected":false},"author":1,"featured_media":17199,"comment_status":"open","ping_status":"open","sticky":false,"template":"","format":"standard","meta":{"footnotes":""},"categories":[11],"tags":[],"class_list":["post-17198","post","type-post","status-publish","format-standard","has-post-thumbnail","hentry","category-entretenimiento"],"_links":{"self":[{"href":"https:\/\/samantharadionline.com\/index.php\/wp-json\/wp\/v2\/posts\/17198","targetHints":{"allow":["GET"]}}],"collection":[{"href":"https:\/\/samantharadionline.com\/index.php\/wp-json\/wp\/v2\/posts"}],"about":[{"href":"https:\/\/samantharadionline.com\/index.php\/wp-json\/wp\/v2\/types\/post"}],"author":[{"embeddable":true,"href":"https:\/\/samantharadionline.com\/index.php\/wp-json\/wp\/v2\/users\/1"}],"replies":[{"embeddable":true,"href":"https:\/\/samantharadionline.com\/index.php\/wp-json\/wp\/v2\/comments?post=17198"}],"version-history":[{"count":1,"href":"https:\/\/samantharadionline.com\/index.php\/wp-json\/wp\/v2\/posts\/17198\/revisions"}],"predecessor-version":[{"id":17200,"href":"https:\/\/samantharadionline.com\/index.php\/wp-json\/wp\/v2\/posts\/17198\/revisions\/17200"}],"wp:featuredmedia":[{"embeddable":true,"href":"https:\/\/samantharadionline.com\/index.php\/wp-json\/wp\/v2\/media\/17199"}],"wp:attachment":[{"href":"https:\/\/samantharadionline.com\/index.php\/wp-json\/wp\/v2\/media?parent=17198"}],"wp:term":[{"taxonomy":"category","embeddable":true,"href":"https:\/\/samantharadionline.com\/index.php\/wp-json\/wp\/v2\/categories?post=17198"},{"taxonomy":"post_tag","embeddable":true,"href":"https:\/\/samantharadionline.com\/index.php\/wp-json\/wp\/v2\/tags?post=17198"}],"curies":[{"name":"wp","href":"https:\/\/api.w.org\/{rel}","templated":true}]}}