{"id":17191,"date":"2025-07-04T09:14:41","date_gmt":"2025-07-04T13:14:41","guid":{"rendered":"https:\/\/samantharadionline.com\/?p=17191"},"modified":"2025-07-04T09:14:42","modified_gmt":"2025-07-04T13:14:42","slug":"abi-y-leo-abogan-unidos-ante-la-aguda-crisis-en-haitiana","status":"publish","type":"post","link":"https:\/\/samantharadionline.com\/index.php\/2025\/07\/04\/abi-y-leo-abogan-unidos-ante-la-aguda-crisis-en-haitiana\/","title":{"rendered":"Abi y Leo abogan unidos ante la aguda crisis en Haitiana"},"content":{"rendered":"\n<p class=\"has-medium-font-size\"><em>Abinader y Fern\u00e1ndez sostuvieron una reuni\u00f3n en Funglode para seguir con el di\u00e1logo en torno a la crisis haitiana y su implicaci\u00f3n en el pa\u00eds<\/em><\/p>\n\n\n\n<figure class=\"wp-block-image\"><img decoding=\"async\" src=\"https:\/\/listindiario.com\/files\/image_60_60\/uploads\/2023\/05\/16\/64638724a2bf3.jpeg\" alt=\"Avatar del Sauro Scalella\"\/><\/figure>\n\n\n\n<p><em>\u00a0<\/em>Sauro Scalella, <strong>SANTO DOMINGO, RD<\/strong><\/p>\n\n\n\n<p>El<strong>&nbsp;presidente Luis Abinader<\/strong>&nbsp;y el<strong>&nbsp;expresidente Leonel Fern\u00e1ndez<\/strong>&nbsp;coincidieron ayer en la urgencia de construir una pol\u00edtica de unidad nacional frente a la<strong>&nbsp;creciente crisis en Hait\u00ed<\/strong>, pa\u00eds que sigue sumido en una espiral de violencia e inestabilidad con efectos directos en Rep\u00fablica Dominicana.<\/p>\n\n\n\n<p>Abinader y Fern\u00e1ndez sostuvieron una reuni\u00f3n en la Fundaci\u00f3n Global Democracia y Desarrollo (<strong>Funglode<\/strong>) para seguir con el di\u00e1logo en torno a la\u00a0<strong>crisis haitiana<\/strong>\u00a0y su implicaci\u00f3n en el pa\u00eds. El encuentro se extendi\u00f3 por casi dos horas.<\/p>\n\n\n\n<p>\u201cVolvimos a conversar sobre la<strong>&nbsp;complejidad del tema haitiano.<\/strong>&nbsp;Es un evento en constante cambio y de una situaci\u00f3n muy especial\u201d, afirm\u00f3 Abinader en una rueda de prensa conjunta con el presidente de la&nbsp;<strong>Fuerza del Pueblo.<\/strong><\/p>\n\n\n\n<p>\u201cRepito, es un evento en continuidad, en permanente ebullici\u00f3n, por lo cual, continuaremos las conversaciones, tanto con el expresidente Fern\u00e1ndez como tambi\u00e9n con los dem\u00e1s presidentes y en el&nbsp;<strong>CES (Consejo Econ\u00f3mico y Social)<\/strong>, para discutir en cada \u00e1rea y en cada sector una pol\u00edtica de unidad nacional en este aspecto\u201d, agreg\u00f3 Abinader.<\/p>\n\n\n\n<p>El expresidente Fern\u00e1ndez se\u00f1al\u00f3 que en la reuni\u00f3n abordaron extensamente la<strong>&nbsp;crisis haitiana,<\/strong>&nbsp;con \u00e9nfasis en el rol de los sectores representados en el CES, que abordan temas como comunicaci\u00f3n, seguridad, relaciones internacionales, desarrollo de la zona fronteriza, empleo y otros aspectos.<\/p>\n\n\n\n<figure class=\"wp-block-image size-full\"><img loading=\"lazy\" decoding=\"async\" width=\"655\" height=\"726\" src=\"https:\/\/samantharadionline.com\/wp-content\/uploads\/2025\/07\/image.png\" alt=\"\" class=\"wp-image-17192\" srcset=\"https:\/\/samantharadionline.com\/wp-content\/uploads\/2025\/07\/image.png 655w, https:\/\/samantharadionline.com\/wp-content\/uploads\/2025\/07\/image-271x300.png 271w\" sizes=\"auto, (max-width: 655px) 100vw, 655px\" \/><\/figure>\n\n\n\n<p>\u201cNo es suficiente ver solamente el tema de Hait\u00ed, sino en el marco de las<strong>&nbsp;relaciones internacionales,<\/strong>&nbsp;con cu\u00e1les fuerzas se puede contar para volver a restablecer estabilidad y&nbsp;<strong>orden en Hait\u00ed<\/strong>\u201d, indic\u00f3 Fern\u00e1ndez.<\/p>\n\n\n\n<p>El<strong>&nbsp;l\u00edder pol\u00edtico<\/strong>&nbsp;expres\u00f3 su profunda preocupaci\u00f3n por la escalada de violencia que vive la naci\u00f3n vecina. Cit\u00f3 un reciente informe de&nbsp;<strong>Naciones Unidas<\/strong>&nbsp;que revela que en solo los primeros seis meses de este a\u00f1o han muerto m\u00e1s de 4,000 personas por acciones de&nbsp;<strong>bandas criminales.<\/strong><\/p>\n\n\n\n<p>\u201cEsto debe llamar la atenci\u00f3n mundial y motivar una mayor injerencia o participaci\u00f3n en la b\u00fasqueda de una soluci\u00f3n a este problema que est\u00e1 causando terror en Hait\u00ed\u201d, advirti\u00f3 Fern\u00e1ndez.<\/p>\n\n\n\n<p>M\u00e1s tarde, en una publicaci\u00f3n en su cuenta de Instagram, Fern\u00e1ndez dijo: \u201cCoincidimos en que se requiere una acci\u00f3n urgente de la comunidad internacional para<strong>&nbsp;estabilizar Hait\u00ed&nbsp;<\/strong>y evitar una cat\u00e1strofe humanitaria\u201d.<\/p>\n\n\n\n<h3 class=\"wp-block-heading\">Contactos con China y Rusia<\/h3>\n\n\n\n<p>El presidente Abinader inform\u00f3 que el gobierno ha tenido contactos directos con&nbsp;<strong>China y Rusia<\/strong>, pa\u00edses miembros del&nbsp;<strong>Consejo de Seguridad de la ONU,<\/strong>&nbsp;en torno a la<strong>&nbsp;crisis haitiana.&nbsp;<\/strong>Las conversaciones, dijo, tambi\u00e9n se han extendido a las dem\u00e1s naciones permanentes del Consejo.<\/p>\n\n\n\n<p>\u201cHay muchas reuniones bilaterales\u201d, indic\u00f3 el jefe del Estado, y record\u00f3 que el canciller dominicano&nbsp;<strong>Roberto \u00c1lvarez est\u00e1 en Nueva York,<\/strong>&nbsp;Estados Unidos, participando en reuniones y negociaciones sobre ese tema.<\/p>\n\n\n\n<p>\u201cEso es una negociaci\u00f3n permanente, a veces lenta, pero necesaria para poder lograr una unificaci\u00f3n y una admisi\u00f3n que finalmente pueda pacificar esto\u201d, dijo.<\/p>\n\n\n\n<h3 class=\"wp-block-heading\">Orden laboral y migratorio<\/h3>\n\n\n\n<p>El expresidente Fern\u00e1ndez apunt\u00f3 que es imprescindible que el gobierno establezca un orden en torno a la&nbsp;<strong>situaci\u00f3n laboral,&nbsp;<\/strong>ante la gran cantidad de obreros haitianos que trabajan en el pa\u00eds de forma irregular; y tambi\u00e9n en el aspecto migratorio, ante la alta presencia de&nbsp;<strong>haitianos indocumentados.<\/strong><\/p>\n\n\n\n<p>\u201cEs preciso que el Estado dominicano tenga constancia de la presencia de todo el que est\u00e1 en el territorio dominicano, y en calidad de qu\u00e9\u201d, dijo.<\/p>\n\n\n\n<p>Aunque no ofreci\u00f3 detalles, Fern\u00e1ndez indic\u00f3 que diferentes comisiones de la Fuerza del Pueblo trabajan en propuestas sobre esos dos aspectos que presentar\u00e1n ante el CES.<\/p>\n\n\n\n<h3 class=\"wp-block-heading\">\u201cHartazgo\u201d internacional<\/h3>\n\n\n\n<p>A juicio del presidente Abinader, la&nbsp;<strong>comunidad internacional&nbsp;<\/strong>muestra un creciente \u201chartazgo\u201d frente a la<strong>&nbsp;prolongada crisis haitiana,&nbsp;<\/strong>y lament\u00f3 que muchos pa\u00edses den se\u00f1ales de estar perdiendo el inter\u00e9s en asumir responsabilidades concretas.<\/p>\n\n\n\n<p>\u201cEn realidad, cada vez que conversamos en foros multilaterales o bilaterales, sentimos ese cansancio con el&nbsp;<strong>tema haitiano.<\/strong>&nbsp;Algunos se quejan de muchas ayudas que le han otorgado durante mucho tiempo\u201d, expres\u00f3 Abinader.<\/p>\n\n\n\n<p>Y agreg\u00f3: \u201cHablamos con el presidente Fern\u00e1ndez de que en realidad hay un hartazgo de la comunidad internacional con Hait\u00ed\u201d.<\/p>\n\n\n\n<p>El mandatario advirti\u00f3 que, aunque muchos pa\u00edses est\u00e9n agotados del tema,&nbsp;<strong>Rep\u00fablica Dominicana<\/strong>&nbsp;no puede darse ese lujo. \u201cComo dec\u00eda el embajador y actual viceministro Rub\u00e9n Silie, todos los pa\u00edses pueden cansarse, menos Rep\u00fablica Dominicana\u201d, a\u00f1adi\u00f3.<\/p>\n\n\n\n<p>Sin embargo, reiter\u00f3 que el pa\u00eds continuar\u00e1 insistiendo hasta que se asuma una verdadera&nbsp;<strong>responsabilidad internacional&nbsp;<\/strong>frente a la situaci\u00f3n que vive la vecina naci\u00f3n, asolada por la violencia de las pandillas.<\/p>\n\n\n\n<p>El jefe del Estado tambi\u00e9n reiter\u00f3 que si las pandillas haitianas entran al pa\u00eds \u201cles ir\u00e1 muy mal\u201d, al tiempo que asegur\u00f3 que ning\u00fan grupo armado se encuentran cerca de la frontera dominico-haitiana.<\/p>\n","protected":false},"excerpt":{"rendered":"<p>Abinader y Fern\u00e1ndez sostuvieron una reuni\u00f3n en Funglode para seguir con el di\u00e1logo en torno<\/p>\n","protected":false},"author":1,"featured_media":17193,"comment_status":"open","ping_status":"open","sticky":false,"template":"","format":"standard","meta":{"footnotes":""},"categories":[12],"tags":[],"class_list":["post-17191","post","type-post","status-publish","format-standard","has-post-thumbnail","hentry","category-nacionales"],"_links":{"self":[{"href":"https:\/\/samantharadionline.com\/index.php\/wp-json\/wp\/v2\/posts\/17191","targetHints":{"allow":["GET"]}}],"collection":[{"href":"https:\/\/samantharadionline.com\/index.php\/wp-json\/wp\/v2\/posts"}],"about":[{"href":"https:\/\/samantharadionline.com\/index.php\/wp-json\/wp\/v2\/types\/post"}],"author":[{"embeddable":true,"href":"https:\/\/samantharadionline.com\/index.php\/wp-json\/wp\/v2\/users\/1"}],"replies":[{"embeddable":true,"href":"https:\/\/samantharadionline.com\/index.php\/wp-json\/wp\/v2\/comments?post=17191"}],"version-history":[{"count":1,"href":"https:\/\/samantharadionline.com\/index.php\/wp-json\/wp\/v2\/posts\/17191\/revisions"}],"predecessor-version":[{"id":17194,"href":"https:\/\/samantharadionline.com\/index.php\/wp-json\/wp\/v2\/posts\/17191\/revisions\/17194"}],"wp:featuredmedia":[{"embeddable":true,"href":"https:\/\/samantharadionline.com\/index.php\/wp-json\/wp\/v2\/media\/17193"}],"wp:attachment":[{"href":"https:\/\/samantharadionline.com\/index.php\/wp-json\/wp\/v2\/media?parent=17191"}],"wp:term":[{"taxonomy":"category","embeddable":true,"href":"https:\/\/samantharadionline.com\/index.php\/wp-json\/wp\/v2\/categories?post=17191"},{"taxonomy":"post_tag","embeddable":true,"href":"https:\/\/samantharadionline.com\/index.php\/wp-json\/wp\/v2\/tags?post=17191"}],"curies":[{"name":"wp","href":"https:\/\/api.w.org\/{rel}","templated":true}]}}