{"id":17180,"date":"2025-07-03T21:42:54","date_gmt":"2025-07-04T01:42:54","guid":{"rendered":"https:\/\/samantharadionline.com\/?p=17180"},"modified":"2025-07-03T21:42:55","modified_gmt":"2025-07-04T01:42:55","slug":"leonel-fernandez-pide-establecer-orden-migratorio-y-laboral-ante-crisis-haitiana","status":"publish","type":"post","link":"https:\/\/samantharadionline.com\/index.php\/2025\/07\/03\/leonel-fernandez-pide-establecer-orden-migratorio-y-laboral-ante-crisis-haitiana\/","title":{"rendered":"Leonel Fern\u00e1ndez pide establecer orden migratorio y laboral ante crisis haitiana"},"content":{"rendered":"\n<p class=\"has-medium-font-size\"><em>\u201cEs preciso que el Estado dominicano tenga constancia de la presencia de todo el que est\u00e1 en el territorio dominicano, y en calidad de qu\u00e9\u201d, dijo el tres veces presidente de la Rep\u00fablica<\/em><\/p>\n\n\n\n<figure class=\"wp-block-image\"><img decoding=\"async\" src=\"https:\/\/listindiario.com\/files\/image_60_60\/uploads\/2023\/05\/16\/64638724a2bf3.jpeg\" alt=\"Avatar del Sauro Scalella\"\/><\/figure>\n\n\n\n<p><em>\u00a0<\/em>Sauro Scalella,<strong> Santo Domingo, RD<\/strong><\/p>\n\n\n\n<p>El expresidente Leonel Fern\u00e1ndez afirm\u00f3 este jueves que es necesario que el Gobierno establezca un orden en los temas migratorios y laborales, ante los efectos de la crisis haitiana en Rep\u00fablica Dominicana.<\/p>\n\n\n\n<p>\u201cSentimos la necesidad de establecer un orden en lo concerniente a la parte migratoria y a la parte laboral\u201d, dijo el presidente de la Fuerza del Pueblo en una rueda de prensa conjunta con el presidente Luis Abinader.<\/p>\n\n\n\n<p>Abinader se reuni\u00f3 con Fern\u00e1ndez en la sede de la Fundaci\u00f3n Global Democracia y Desarrollo (Funglode), donde abordaron la crisis en el vecino pa\u00eds, asolado por la violencia de las pandillas.<\/p>\n\n\n\n<p>El encuentro se extendi\u00f3 por casi dos horas.<\/p>\n\n\n\n<figure class=\"wp-block-image\" id=\"m23907-23906-23908\"><img decoding=\"async\" src=\"https:\/\/listindiario.com\/files\/vertical_main_image\/uploads\/2025\/07\/03\/6866fae7e56ec.jpeg\" alt=\"Es la segunda vez que Abinader visita a Fern\u00e1ndez en lo que va de su administraci\u00f3n.\"\/><figcaption class=\"wp-element-caption\">Es la segunda vez que Abinader visita a Fern\u00e1ndez en lo que va de su administraci\u00f3n.Externa<\/figcaption><\/figure>\n\n\n\n<p>Fern\u00e1ndez indic\u00f3 que el Estado dominicano debe tener constancia detallada de qui\u00e9nes se encuentran en el pa\u00eds, en calidad de qu\u00e9 y bajo qu\u00e9 estatus.<\/p>\n\n\n\n<p>\u201cEs preciso que el Estado dominicano tenga constancia de la presencia de todo el que est\u00e1 en el territorio dominicano, y en calidad de qu\u00e9\u201d, dijo.<\/p>\n\n\n\n<p>Indic\u00f3 que su equipo de trabajo est\u00e1 elaborando propuestas sobre este tema, las cuales ser\u00e1n presentadas por escrito, aunque aclar\u00f3 que ser\u00e1n discutidas primero en las mesas de trabajo del Consejo Econ\u00f3mico y Social (CES), como parte del di\u00e1logo que promueve el gobierno.<\/p>\n\n\n\n<p>Tras la reuni\u00f3n, Fern\u00e1ndez tambi\u00e9n public\u00f3 en su cuenta de Instagram que coincidi\u00f3 con el mandatario en que se requiere una acci\u00f3n urgente de la comunidad internacional para estabilizar Hait\u00ed y evitar una cat\u00e1strofe humanitaria.<\/p>\n\n\n\n<p>\u201cReafirm\u00e9 nuestra disposici\u00f3n a contribuir con propuestas que promuevan la paz y la seguridad en la regi\u00f3n. El di\u00e1logo y la unidad son claves ante los grandes desaf\u00edos nacionales\u201d, escribi\u00f3 el exmandatario.<\/p>\n\n\n\n<h3 class=\"wp-block-heading\">Abinader invita a Fern\u00e1ndez a Cumbre de las Am\u00e9ricas<\/h3>\n\n\n\n<p>El presidente Abinader inform\u00f3 que durante la reuni\u00f3n tambi\u00e9n conversaron sobre la pr\u00f3xima Cumbre de las Am\u00e9ricas, que se celebrar\u00e1 en Punta Cana en la primera semana de diciembre, y que Fern\u00e1ndez participar\u00e1 en uno de los foros programados.<\/p>\n\n\n\n<figure class=\"wp-block-image\" id=\"m23919-23918-23920\"><img decoding=\"async\" src=\"https:\/\/listindiario.com\/files\/vertical_main_image\/uploads\/2025\/07\/03\/6866cc7725aab.jpeg\" alt=\"El presidente Luis Abinader y el expresidente Leonel Fern\u00e1ndez en una conferencia de prensa conjunta en la Fundaci\u00f3n Global Democracia y Desarrollo este jueves.\"\/><figcaption class=\"wp-element-caption\">El presidente Luis Abinader y el expresidente Leonel Fern\u00e1ndez en una conferencia de prensa conjunta en la Fundaci\u00f3n Global Democracia y Desarrollo este jueves.Jos\u00e9 A. Maldonado\/LD.<\/figcaption><\/figure>\n\n\n\n<p>Abinader \u201cnos ha hecho una gentil invitaci\u00f3n a participar de alguna manera en contacto los l\u00edderes latinoamericanos que estar\u00e1n presentes en nuestro pa\u00eds\u201d, dijo Fern\u00e1ndez.<\/p>\n\n\n\n<h3 class=\"wp-block-heading\">Preocupaci\u00f3n<\/h3>\n\n\n\n<p>El l\u00edder de la FP dijo a los medios que discuti\u00f3 extensamente con el presidente Abinader sobre la situaci\u00f3n haitiana y, sobre todo, el papel que est\u00e1 jugando su organizaci\u00f3n pol\u00edtica en las mesas de trabajo que coordina el CES.<\/p>\n\n\n\n<p>\u201cNos preocupa el hecho de la continuidad de la espiral de violencia en Hait\u00ed\u201d, dijo Fern\u00e1ndez, que cit\u00f3 el reciente informe de la ONU en el que reporta que m\u00e1s de 4,000 personas han sido asesinadas en ese territorio por grupos armados.<\/p>\n\n\n\n<p>\u201cEs algo que debe llamar la atenci\u00f3n mundial y una mayor injerencia en la b\u00fasqueda de una soluci\u00f3n a este problema que est\u00e1 causando terror en Hait\u00ed\u201d, indic\u00f3.<\/p>\n\n\n\n<h3 class=\"wp-block-heading\">Segunda reuni\u00f3n<\/h3>\n\n\n\n<p>Es la segunda vez que Abinader ha acudido a Funglode para reunirse con Leonel Fern\u00e1ndez en lo que va de su administraci\u00f3n.<\/p>\n\n\n\n<p>La primera visita se produjo en septiembre de 2020, apenas unas semanas despu\u00e9s de la toma de posesi\u00f3n de Abinader y en medio de las estrictas medidas sanitarias por la pandemia de la COVID-19.<\/p>\n","protected":false},"excerpt":{"rendered":"<p>\u201cEs preciso que el Estado dominicano tenga constancia de la presencia de todo el que<\/p>\n","protected":false},"author":1,"featured_media":17181,"comment_status":"open","ping_status":"open","sticky":false,"template":"","format":"standard","meta":{"footnotes":""},"categories":[12],"tags":[],"class_list":["post-17180","post","type-post","status-publish","format-standard","has-post-thumbnail","hentry","category-nacionales"],"_links":{"self":[{"href":"https:\/\/samantharadionline.com\/index.php\/wp-json\/wp\/v2\/posts\/17180","targetHints":{"allow":["GET"]}}],"collection":[{"href":"https:\/\/samantharadionline.com\/index.php\/wp-json\/wp\/v2\/posts"}],"about":[{"href":"https:\/\/samantharadionline.com\/index.php\/wp-json\/wp\/v2\/types\/post"}],"author":[{"embeddable":true,"href":"https:\/\/samantharadionline.com\/index.php\/wp-json\/wp\/v2\/users\/1"}],"replies":[{"embeddable":true,"href":"https:\/\/samantharadionline.com\/index.php\/wp-json\/wp\/v2\/comments?post=17180"}],"version-history":[{"count":1,"href":"https:\/\/samantharadionline.com\/index.php\/wp-json\/wp\/v2\/posts\/17180\/revisions"}],"predecessor-version":[{"id":17182,"href":"https:\/\/samantharadionline.com\/index.php\/wp-json\/wp\/v2\/posts\/17180\/revisions\/17182"}],"wp:featuredmedia":[{"embeddable":true,"href":"https:\/\/samantharadionline.com\/index.php\/wp-json\/wp\/v2\/media\/17181"}],"wp:attachment":[{"href":"https:\/\/samantharadionline.com\/index.php\/wp-json\/wp\/v2\/media?parent=17180"}],"wp:term":[{"taxonomy":"category","embeddable":true,"href":"https:\/\/samantharadionline.com\/index.php\/wp-json\/wp\/v2\/categories?post=17180"},{"taxonomy":"post_tag","embeddable":true,"href":"https:\/\/samantharadionline.com\/index.php\/wp-json\/wp\/v2\/tags?post=17180"}],"curies":[{"name":"wp","href":"https:\/\/api.w.org\/{rel}","templated":true}]}}