{"id":16535,"date":"2025-06-09T15:48:03","date_gmt":"2025-06-09T19:48:03","guid":{"rendered":"https:\/\/samantharadionline.com\/?p=16535"},"modified":"2025-06-09T15:48:03","modified_gmt":"2025-06-09T19:48:03","slug":"el-calor-y-alta-factura-electrica-se-extenderan-por-varios-meses-en-rd","status":"publish","type":"post","link":"https:\/\/samantharadionline.com\/index.php\/2025\/06\/09\/el-calor-y-alta-factura-electrica-se-extenderan-por-varios-meses-en-rd\/","title":{"rendered":"El calor y alta factura el\u00e9ctrica se extender\u00e1n por varios meses en RD"},"content":{"rendered":"\n<p class=\"has-medium-font-size\"><em>Usuarios dicen que sus facturas el\u00e9ctrica ha subido el \u00faltimo mes entre un 30 a un 100 por ciento<\/em><\/p>\n\n\n\n<p><em>\u00a0<\/em>Deyanira Polanco, <strong>SANTO DOMINGO, RD<\/strong><\/p>\n\n\n\n<p>Cuando comienza a subir las temperaturas por tiempo m\u00e1s prolongado, de un verano que para los dominicanos ser\u00e1 bastante caluroso, sobre todo, por la incidencia del polvo del Sahara, adem\u00e1s de los efectos a la salud, se siente en los bolsillos.<\/p>\n\n\n\n<p>\u201cMi factura de la luz lleg\u00f3 de RD$2,326.00 y lo que pago regularmente es mil pesos, porque vivo sola\u201d, expres\u00f3 una residente en Ban\u00ed, provincia Peravia. La dama reconoce que el consumo ha aumentado, porque \u201ceste calor no hay quien lo aguante y he tenido que prender el aire acondicionado por unas cuantas horas\u201d. Teme que en los meses futuros aumente m\u00e1s la tarifa.<\/p>\n\n\n\n<p>Mientras que un ciudadano, residente en San Crist\u00f3bal, dijo que su factura el\u00e9ctrica subi\u00f3 un 30%.&nbsp;<strong>\u201cYo s\u00e9 que ahora va a subir, pero no me voy a dejar matar del calor<\/strong>, tengo que prender el aire aunque sean cuatro horas en la noche, lo malo es que despu\u00e9s que pase el calor, Edesur mantiene ese misma tarifa, porque aqu\u00ed lo que sube no baja.\u201d.<\/p>\n\n\n\n<p>PUBLICIDAD<\/p>\n\n\n\n<p>Otras personas dijeron a List\u00edn Diario que la factura el\u00e9ctrica ha experimentado un aumento de hasta un cien por ciento, este \u00faltimo mes.<\/p>\n\n\n\n<p>Las temperaturas se mantendr\u00e1n elevadas, seg\u00fan explic\u00f3 la directora del Instituto Nacional de Meteorolog\u00eda (Indomet), Gloria Ceballos, por la incidencia del&nbsp;<strong>polvo del Sahara&nbsp;<\/strong>que se mantendr\u00e1 los pr\u00f3ximos meses, un d\u00eda con mayor concentraci\u00f3n que otra.<\/p>\n\n\n\n<p>Tras un mayo lluvioso y la proyecci\u00f3n de una activa temporada cicl\u00f3nica, en Rep\u00fablica Dominicana se advierte que la sensaci\u00f3n termina superar\u00e1 los grados que mide el term\u00f3metro, que este lunes est\u00e1 entre los 20 y 34 grados Celsius.<\/p>\n\n\n\n<p>El Indomet en sus reportes del tiempo, diariamente, emite recomendaciones a la poblaci\u00f3n de usar ropa ligera, ingerir bastantes l\u00edquidos y evitar la exposici\u00f3n directa al sol entre las 11: 00 a 4:00 de la tarde, con atenci\u00f3n especian para los ni\u00f1os y los adultos mayores.<\/p>\n\n\n\n<p><strong>Complicaciones de salud<\/strong><\/p>\n\n\n\n<p>La Organizaci\u00f3n Mundial de la Salud (OMS) dice que el calor puede afectar enormemente a la salud.<\/p>\n\n\n\n<p>\u201cLos golpes de calor son la primera causa de defunci\u00f3n relacionada con el clima y pueden agravar enfermedades como la&nbsp;<strong>diabetes, el asma, los trastornos mentales<\/strong>&nbsp;y las enfermedades cardiovasculares, entre otras\u201d.<\/p>\n\n\n\n<p>Las altas temperaturas, seg\u00fan la OMS, aumenta el riesgo de sufrir accidentes y de contraer determinadas enfermedades infecciosas. Se trata de emergencias m\u00e9dicas asociadas a una elevada tasa de mortalidad.<\/p>\n","protected":false},"excerpt":{"rendered":"<p>Usuarios dicen que sus facturas el\u00e9ctrica ha subido el \u00faltimo mes entre un 30 a<\/p>\n","protected":false},"author":1,"featured_media":16536,"comment_status":"open","ping_status":"open","sticky":false,"template":"","format":"standard","meta":{"footnotes":""},"categories":[10],"tags":[],"class_list":["post-16535","post","type-post","status-publish","format-standard","has-post-thumbnail","hentry","category-economica"],"_links":{"self":[{"href":"https:\/\/samantharadionline.com\/index.php\/wp-json\/wp\/v2\/posts\/16535","targetHints":{"allow":["GET"]}}],"collection":[{"href":"https:\/\/samantharadionline.com\/index.php\/wp-json\/wp\/v2\/posts"}],"about":[{"href":"https:\/\/samantharadionline.com\/index.php\/wp-json\/wp\/v2\/types\/post"}],"author":[{"embeddable":true,"href":"https:\/\/samantharadionline.com\/index.php\/wp-json\/wp\/v2\/users\/1"}],"replies":[{"embeddable":true,"href":"https:\/\/samantharadionline.com\/index.php\/wp-json\/wp\/v2\/comments?post=16535"}],"version-history":[{"count":1,"href":"https:\/\/samantharadionline.com\/index.php\/wp-json\/wp\/v2\/posts\/16535\/revisions"}],"predecessor-version":[{"id":16537,"href":"https:\/\/samantharadionline.com\/index.php\/wp-json\/wp\/v2\/posts\/16535\/revisions\/16537"}],"wp:featuredmedia":[{"embeddable":true,"href":"https:\/\/samantharadionline.com\/index.php\/wp-json\/wp\/v2\/media\/16536"}],"wp:attachment":[{"href":"https:\/\/samantharadionline.com\/index.php\/wp-json\/wp\/v2\/media?parent=16535"}],"wp:term":[{"taxonomy":"category","embeddable":true,"href":"https:\/\/samantharadionline.com\/index.php\/wp-json\/wp\/v2\/categories?post=16535"},{"taxonomy":"post_tag","embeddable":true,"href":"https:\/\/samantharadionline.com\/index.php\/wp-json\/wp\/v2\/tags?post=16535"}],"curies":[{"name":"wp","href":"https:\/\/api.w.org\/{rel}","templated":true}]}}