{"id":16525,"date":"2025-06-09T15:38:29","date_gmt":"2025-06-09T19:38:29","guid":{"rendered":"https:\/\/samantharadionline.com\/?p=16525"},"modified":"2025-06-09T15:38:30","modified_gmt":"2025-06-09T19:38:30","slug":"solicitan-peritaje-de-videos-en-caso-de-difamacion-contra-angel-martinez","status":"publish","type":"post","link":"https:\/\/samantharadionline.com\/index.php\/2025\/06\/09\/solicitan-peritaje-de-videos-en-caso-de-difamacion-contra-angel-martinez\/","title":{"rendered":"Solicitan peritaje de videos en caso de difamaci\u00f3n contra \u00c1ngel Mart\u00ednez"},"content":{"rendered":"\n<figure class=\"wp-block-image\"><img decoding=\"async\" src=\"https:\/\/listindiario.com\/files\/image_60_60\/uploads\/2023\/05\/11\/645d0fa7541ad.png\" alt=\"Avatar del Ram\u00f3n Cruz Benz\u00e1n\"\/><\/figure>\n\n\n\n<p><em>\u00a0<\/em>Ram\u00f3n Cruz Benz\u00e1n, <strong>SANTO DOMINGO, RD<\/strong><\/p>\n\n\n\n<p>La Fiscal\u00eda del Distrito Nacional ha solicitado un peritaje sobre los videos en los que el comunicador \u00c1ngel Mart\u00ednez, habr\u00eda incurrido en difamaci\u00f3n e injuria a trav\u00e9s de medios digitales.<\/p>\n\n\n\n<p>As\u00ed lo inform\u00f3 el abogado Miguel de la Rosa, representante legal de Luis Ricardo Reyes Mendoza, quien indic\u00f3 que el peritaje fue solicitado por el Departamento de Cr\u00edmenes y Delitos de Alta Tecnolog\u00eda de la Fiscal\u00eda.<\/p>\n\n\n\n<p>De la Rosa manifest\u00f3 que est\u00e1n a la espera de que el Departamento de Investigaci\u00f3n de Cr\u00edmenes y Delitos de Alta Tecnolog\u00eda (DICAT) de la Polic\u00eda Nacional rinda un informe al respecto.<\/p>\n\n\n\n<p>Se\u00f1al\u00f3 que la investigaci\u00f3n se inici\u00f3 tan pronto se recibi\u00f3 la denuncia contra el supuesto \u00abdetective\u00bb, y que ahora se ha formalizado la querella con constituci\u00f3n en actor civil.<\/p>\n\n\n\n<p>Seg\u00fan la instancia, el pasado 20 de mayo, Mart\u00ednez afirm\u00f3 en su programa difundido por acus\u00f3 a Reyes Mendoza de ser narcotraficante, entre otras acusaciones que involucran a la ministra de Interior y Polic\u00eda, Faride Raful.<\/p>\n\n\n\n<p>Reyes Mendoza argumenta que esta situaci\u00f3n ha afectado gravemente su vida p\u00fablica y privada, al punto que su padre, Eladio Reyes, falleci\u00f3 de un infarto debido a \u00abtodas las mentiras y difamaciones\u00bb vertidas en su contra.<\/p>\n\n\n\n<p>Cabe destacar que \u00c1ngel Mart\u00ednez fue arrestado nuevamente por no acudir a la Fiscal\u00eda de Santiago, que lo cit\u00f3 para ser interrogado en torno a una querella en su contra por difamaci\u00f3n e injuria interpuesta por el empresario santiagu\u00e9s Anulfo de Jes\u00fas Guti\u00e9rrez Almonte, presidente de la Asociaci\u00f3n Ecuestre Nacional.<\/p>\n\n\n\n<p><strong>De lo que se le Acusa<\/strong><\/p>\n\n\n\n<p>La querella se basa en la violaci\u00f3n del art\u00edculo 367 y siguientes del C\u00f3digo Penal Dominicano, que castigan la difamaci\u00f3n y la injuria. Tambi\u00e9n se invocan los art\u00edculos 21 y 22 de la Ley 53-07, sobre Delitos de Alta Tecnolog\u00eda, del 23 de abril de 2007, y los art\u00edculos 29, 31, 33, 38 y 51 de la Ley 61-32, sobre Expresi\u00f3n y Difusi\u00f3n del Pensamiento<\/p>\n","protected":false},"excerpt":{"rendered":"<p>\u00a0Ram\u00f3n Cruz Benz\u00e1n, SANTO DOMINGO, RD La Fiscal\u00eda del Distrito Nacional ha solicitado un peritaje<\/p>\n","protected":false},"author":1,"featured_media":16502,"comment_status":"open","ping_status":"open","sticky":false,"template":"","format":"standard","meta":{"footnotes":""},"categories":[11,12],"tags":[],"class_list":["post-16525","post","type-post","status-publish","format-standard","has-post-thumbnail","hentry","category-entretenimiento","category-nacionales"],"_links":{"self":[{"href":"https:\/\/samantharadionline.com\/index.php\/wp-json\/wp\/v2\/posts\/16525","targetHints":{"allow":["GET"]}}],"collection":[{"href":"https:\/\/samantharadionline.com\/index.php\/wp-json\/wp\/v2\/posts"}],"about":[{"href":"https:\/\/samantharadionline.com\/index.php\/wp-json\/wp\/v2\/types\/post"}],"author":[{"embeddable":true,"href":"https:\/\/samantharadionline.com\/index.php\/wp-json\/wp\/v2\/users\/1"}],"replies":[{"embeddable":true,"href":"https:\/\/samantharadionline.com\/index.php\/wp-json\/wp\/v2\/comments?post=16525"}],"version-history":[{"count":1,"href":"https:\/\/samantharadionline.com\/index.php\/wp-json\/wp\/v2\/posts\/16525\/revisions"}],"predecessor-version":[{"id":16526,"href":"https:\/\/samantharadionline.com\/index.php\/wp-json\/wp\/v2\/posts\/16525\/revisions\/16526"}],"wp:featuredmedia":[{"embeddable":true,"href":"https:\/\/samantharadionline.com\/index.php\/wp-json\/wp\/v2\/media\/16502"}],"wp:attachment":[{"href":"https:\/\/samantharadionline.com\/index.php\/wp-json\/wp\/v2\/media?parent=16525"}],"wp:term":[{"taxonomy":"category","embeddable":true,"href":"https:\/\/samantharadionline.com\/index.php\/wp-json\/wp\/v2\/categories?post=16525"},{"taxonomy":"post_tag","embeddable":true,"href":"https:\/\/samantharadionline.com\/index.php\/wp-json\/wp\/v2\/tags?post=16525"}],"curies":[{"name":"wp","href":"https:\/\/api.w.org\/{rel}","templated":true}]}}