{"id":16425,"date":"2025-06-05T21:07:52","date_gmt":"2025-06-06T01:07:52","guid":{"rendered":"https:\/\/samantharadionline.com\/?p=16425"},"modified":"2025-06-05T21:08:01","modified_gmt":"2025-06-06T01:08:01","slug":"aprueba-ministerio-de-justicia-para-garantizar-independencia-del-ministerio-publico","status":"publish","type":"post","link":"https:\/\/samantharadionline.com\/index.php\/2025\/06\/05\/aprueba-ministerio-de-justicia-para-garantizar-independencia-del-ministerio-publico\/","title":{"rendered":"Aprueban Ministerio de Justicia para garantizar independencia del Ministerio P\u00fablico"},"content":{"rendered":"\n<p class=\"has-medium-font-size\"><em>En caso de que ambas c\u00e1maras del Congreso Nacional logren aprobar esta propuesta de ley, siendo igual promulgada por la Presidencia, el \u00f3rgano judicial traspasar\u00eda las diversas dependencias al ministerio<\/em><\/p>\n\n\n\n<figure class=\"wp-block-image\"><img decoding=\"async\" src=\"https:\/\/listindiario.com\/files\/image_60_60\/uploads\/2023\/05\/16\/64637a1e3ff38.jpeg\" alt=\"Avatar del \u00c1ngel Valdez\"\/><\/figure>\n\n\n\n<p><em>\u00a0<\/em>\u00c1ngel Valdez,<strong> Santo Domingo, RD<\/strong><\/p>\n\n\n\n<p>El&nbsp;<strong>Senado de la Rep\u00fablica&nbsp;<\/strong>aprob\u00f3 este jueves en&nbsp;<strong>primera lectura<\/strong>&nbsp;un proyecto de ley que busca crear el&nbsp;<strong>Ministerio de Justicia y Derechos Humanos<\/strong>, para reducir la carga de responsabilidad dispuesta al Ministerio P\u00fablico.<\/p>\n\n\n\n<p>Este es el principal motivo para la edificaci\u00f3n de esta nueva instituci\u00f3n gubernamental, seg\u00fan establece la pieza elaborada por los senadores F\u00e9lix Bautista y Crist\u00f3bal Castillo, en la cual indican que el exceso de atribuciones entregados al Ministerio P\u00fablico (MP) \u201cafecta\u201d el principio de especialidad y la eficiencia en la labor institucional. Al igual que \u00abla independencia funcional del MP frente al Poder Ejecutivo\u00bb.<\/p>\n\n\n\n<p>En caso de que ambas c\u00e1maras del&nbsp;<strong>Congreso Nacional&nbsp;<\/strong>logren aprobar esta propuesta de ley, siendo igual promulgada por la Presidencia, el \u00f3rgano judicial traspasar\u00eda las siguientes dependencias al ministerio.<\/p>\n\n\n\n<p>Estos son el Departamento de Asociaciones Sin Fines, Departamento de Servicio de Representaci\u00f3n de los Derechos de las V\u00edctimas, el Modelo de Gesti\u00f3n Penitenciaria, la Direcci\u00f3n General de Prisiones, &nbsp;la Escuela Nacional Penitenciaria, la Divisi\u00f3n de Repatriados, la Direcci\u00f3n de Custodia y Administraci\u00f3n de Bienes Incautados, la Direcci\u00f3n de Asistencia Jur\u00eddica Internacional y Extradiciones, la Divisi\u00f3n de Control de Alquileres de Casas y Desahucios.<\/p>\n\n\n\n<p>Asimismo, todos los Centros de Atenci\u00f3n al Ciudadano, el Departamento de Control y Ejecuci\u00f3n Judicial, el Centro de Documentaci\u00f3n, junto a cualquier otra dependencia con funciones similares.<\/p>\n\n\n\n<h3 class=\"wp-block-heading\">Atribuciones<\/h3>\n\n\n\n<p>Coordinar las relaciones del Poder Ejecutivo con el Poder Judicial, el Ministerio P\u00fablico, la Defensor\u00eda del Pueblo, la Direcci\u00f3n Nacional de Defensa P\u00fablica, el Tribunal Constitucional, el Tribunal Superior Electoral, el Defensor del Pueblo y la Direcci\u00f3n Nacional de Defensa P\u00fablica, as\u00ed como con las dem\u00e1s instituciones y entidades cuya funci\u00f3n est\u00e9 relacionada con el sistema de justicia y de derechos humanos en el territorio nacional e internacional.<\/p>\n\n\n\n<p>Asesorar al Poder Ejecutivo en todo lo relativo al funcionamiento del sistema de justicia y a las pol\u00edticas p\u00fablicas orientadas a los derechos humanos. Administrar el sistema penitenciario dominicano, promoviendo la consolidaci\u00f3n del Nuevo Modelo de Gesti\u00f3n Penitenciaria a nivel nacional y garantizando el cumplimiento de las leyes y reglamentos tendentes a la rehabilitaci\u00f3n y reinserci\u00f3n social de los internos.<\/p>\n\n\n\n<p>Elaborar las propuestas de reforma y actualizaci\u00f3n legislativa en las materias que le requiera el Poder Ejecutivo o por iniciativa propia en los temas de su competencia.<\/p>\n\n\n\n<p>Representar legalmente a las v\u00edctimas, a simple solicitud, y coordinar con el Ministerio P\u00fablico los mecanismos de protecci\u00f3n de v\u00edctimas y testigos.<\/p>\n\n\n\n<p>Instrumentar los expedientes relativos a los indultos que pudiera otorgar el presidente de la Rep\u00fablica de conformidad con la Constituci\u00f3n, las convenciones internacionales y las leyes que rigen la materia, entre otras.<\/p>\n\n\n\n<h3 class=\"wp-block-heading\">Viceministerios<\/h3>\n\n\n\n<p>El Ministerio de Justicia y Derechos Humanos contar\u00eda, de acuerdo con lo dictado en el documento legislativo, con cuatro viceministerios: un Viceministerio de Pol\u00edtica Judicial, Asuntos Legales y Representaci\u00f3n; un Viceministerio de Derechos Humanos; un Viceministerio de Relaciones Internacionales y un Viceministerio de Administraci\u00f3n Penitenciaria.<\/p>\n\n\n\n<p>El Departamento T\u00e9cnico de Revisi\u00f3n Legislativa del Senado recomend\u00f3 a la comisi\u00f3n de Justicia que estudi\u00f3 el proyecto mejorar la redacci\u00f3n de las estructuras internas, refiri\u00e9ndose a los considerandos y sus articulados desde sus disposiciones iniciales, el objeto, su \u00e1mbito de aplicaci\u00f3n,&nbsp;<strong>\u201cpara lograr un mejor objetivo en la fluidez y favorecer su comunicaci\u00f3n, que refleje con precisi\u00f3n y fidelidad el contenido que trata\u201d<\/strong>.<\/p>\n\n\n\n<p>La pieza aprobada debe ser conocida a\u00fan en segunda discusi\u00f3n en las pr\u00f3ximas sesiones, donde tambi\u00e9n ser\u00e1 sometida a un proceso de lectura \u00edntegra en presencia de los 32 representantes provinciales.<\/p>\n","protected":false},"excerpt":{"rendered":"<p>En caso de que ambas c\u00e1maras del Congreso Nacional logren aprobar esta propuesta de ley,<\/p>\n","protected":false},"author":1,"featured_media":16426,"comment_status":"open","ping_status":"open","sticky":false,"template":"","format":"standard","meta":{"footnotes":""},"categories":[12],"tags":[],"class_list":["post-16425","post","type-post","status-publish","format-standard","has-post-thumbnail","hentry","category-nacionales"],"_links":{"self":[{"href":"https:\/\/samantharadionline.com\/index.php\/wp-json\/wp\/v2\/posts\/16425","targetHints":{"allow":["GET"]}}],"collection":[{"href":"https:\/\/samantharadionline.com\/index.php\/wp-json\/wp\/v2\/posts"}],"about":[{"href":"https:\/\/samantharadionline.com\/index.php\/wp-json\/wp\/v2\/types\/post"}],"author":[{"embeddable":true,"href":"https:\/\/samantharadionline.com\/index.php\/wp-json\/wp\/v2\/users\/1"}],"replies":[{"embeddable":true,"href":"https:\/\/samantharadionline.com\/index.php\/wp-json\/wp\/v2\/comments?post=16425"}],"version-history":[{"count":2,"href":"https:\/\/samantharadionline.com\/index.php\/wp-json\/wp\/v2\/posts\/16425\/revisions"}],"predecessor-version":[{"id":16428,"href":"https:\/\/samantharadionline.com\/index.php\/wp-json\/wp\/v2\/posts\/16425\/revisions\/16428"}],"wp:featuredmedia":[{"embeddable":true,"href":"https:\/\/samantharadionline.com\/index.php\/wp-json\/wp\/v2\/media\/16426"}],"wp:attachment":[{"href":"https:\/\/samantharadionline.com\/index.php\/wp-json\/wp\/v2\/media?parent=16425"}],"wp:term":[{"taxonomy":"category","embeddable":true,"href":"https:\/\/samantharadionline.com\/index.php\/wp-json\/wp\/v2\/categories?post=16425"},{"taxonomy":"post_tag","embeddable":true,"href":"https:\/\/samantharadionline.com\/index.php\/wp-json\/wp\/v2\/tags?post=16425"}],"curies":[{"name":"wp","href":"https:\/\/api.w.org\/{rel}","templated":true}]}}