{"id":16417,"date":"2025-06-05T21:02:26","date_gmt":"2025-06-06T01:02:26","guid":{"rendered":"https:\/\/samantharadionline.com\/?p=16417"},"modified":"2025-06-05T21:03:04","modified_gmt":"2025-06-06T01:03:04","slug":"abogados-de-wander-franco-aseguran-menor-de-edad-nego-vinculacion-sexual-con-el-pelotero","status":"publish","type":"post","link":"https:\/\/samantharadionline.com\/index.php\/2025\/06\/05\/abogados-de-wander-franco-aseguran-menor-de-edad-nego-vinculacion-sexual-con-el-pelotero\/","title":{"rendered":"Aseguran que la menor de edad neg\u00f3 vinculaci\u00f3n sexual con el pelotero"},"content":{"rendered":"\n<p class=\"has-medium-font-size\"><em>\u00abLo que podemos establecer de la entrevista es que no hay ninguna vinculaci\u00f3n de ninguna naturaleza entre la menor y Wander Franco\u00bb, afirm\u00f3 una representante del equipo legal de Franco<\/em><\/p>\n\n\n\n<figure class=\"wp-block-image\"><img decoding=\"async\" src=\"https:\/\/listindiario.com\/files\/image_60_60\/uploads\/2023\/06\/26\/6499fbf12aa4f.jpeg\" alt=\"Avatar del Onelio Dom\u00ednguez\"\/><\/figure>\n\n\n\n<p><em>\u00a0<\/em>Onelio Dom\u00ednguez,<strong> Santiago, RD<\/strong><\/p>\n\n\n\n<p>El juicio del pelotero Wander Franco,&nbsp;acusado de supuestamente mantener una relaci\u00f3n sexual con una menor de edad,&nbsp;fue aplazado para este viernes a las 9:00 de la ma\u00f1ana.<\/p>\n\n\n\n<p>Durante el proceso judicial de este d\u00eda, el tribunal solicit\u00f3 la salida de los representantes de los medios de comunicaci\u00f3n presentes, cerrando as\u00ed las puertas del juicio.<\/p>\n\n\n\n<p>En ese momento, el \u00f3rgano acusador present\u00f3 videos como parte de las pruebas en contra de Franco, donde aparece la menor.<\/p>\n\n\n\n<p>No obstante, Irina Ventura, representante legal del pelotero, afirm\u00f3 al salir de la sala que el testimonio obtenido en la entrevista realizada a la menor en la C\u00e1mara Gesell \u00abexime de toda culpa\u00bb a Franco.<\/p>\n\n\n\n<p>\u00abLo que podemos establecer de la entrevista es que no hay ninguna vinculaci\u00f3n de ninguna naturaleza entre la menor y Wander Franco\u00bb, afirm\u00f3.<\/p>\n\n\n\n<p>Ventura tambi\u00e9n se pronunci\u00f3 sobre la presentaci\u00f3n de pruebas por parte del Ministerio P\u00fablico, asegurando que existen \u00abincoherencias\u00bb en la documentaci\u00f3n no solo favorecen la defensa de Franco, sino que corroboran su alegato inicial, afirmando que las pruebas no coinciden con los hechos que el Ministerio P\u00fablico ha presentado en su acusaci\u00f3n.<\/p>\n\n\n\n<p>\u00abSeguimos sosteniendo que no se han presentado elementos de prueba que lo vinculen con nuestro defendido\u00bb, a\u00f1adi\u00f3.<\/p>\n\n\n\n<p>Durante la exposici\u00f3n de pruebas documentales ante el tribunal, los abogados de los acusados identificaron \u00abincongruencias\u00bb entre las pruebas presentadas y las que depositaron previamente. Ante esto, el \u00f3rgano acusador decidi\u00f3 retirar dichas evidencias.<\/p>\n\n\n\n<h3 class=\"wp-block-heading\">LAS PRUEBAS<\/h3>\n\n\n\n<p>En el juicio, el Ministerio P\u00fablico avanz\u00f3 en la presentaci\u00f3n de pruebas, incluyendo declaraciones de la menor involucrada.<\/p>\n\n\n\n<p>El tribunal, integrado por los jueces Jakayra Veras, Venecia Rojas y Jos\u00e9 Juan Jim\u00e9nez, prest\u00f3 atenci\u00f3n a los argumentos del Ministerio P\u00fablico, que present\u00f3 diversas evidencias documentales y alrededor de 17 pruebas audiovisuales.&nbsp;<\/p>\n\n\n\n<p>Entre los elementos probatorios se encuentran estados de cuenta, certificaciones bancarias, copias de cheques y recibos de env\u00edo que evidencian una conexi\u00f3n entre la madre de la adolescente y el pelotero.<\/p>\n\n\n\n<p>Adem\u00e1s de Franco, tambi\u00e9n enfrenta juicio la madre de la menor, quien es acusada de explotaci\u00f3n sexual y lavado de activos.<\/p>\n","protected":false},"excerpt":{"rendered":"<p>\u00abLo que podemos establecer de la entrevista es que no hay ninguna vinculaci\u00f3n de ninguna<\/p>\n","protected":false},"author":1,"featured_media":16418,"comment_status":"open","ping_status":"open","sticky":false,"template":"","format":"standard","meta":{"footnotes":""},"categories":[14],"tags":[],"class_list":["post-16417","post","type-post","status-publish","format-standard","has-post-thumbnail","hentry","category-deportes"],"_links":{"self":[{"href":"https:\/\/samantharadionline.com\/index.php\/wp-json\/wp\/v2\/posts\/16417","targetHints":{"allow":["GET"]}}],"collection":[{"href":"https:\/\/samantharadionline.com\/index.php\/wp-json\/wp\/v2\/posts"}],"about":[{"href":"https:\/\/samantharadionline.com\/index.php\/wp-json\/wp\/v2\/types\/post"}],"author":[{"embeddable":true,"href":"https:\/\/samantharadionline.com\/index.php\/wp-json\/wp\/v2\/users\/1"}],"replies":[{"embeddable":true,"href":"https:\/\/samantharadionline.com\/index.php\/wp-json\/wp\/v2\/comments?post=16417"}],"version-history":[{"count":2,"href":"https:\/\/samantharadionline.com\/index.php\/wp-json\/wp\/v2\/posts\/16417\/revisions"}],"predecessor-version":[{"id":16421,"href":"https:\/\/samantharadionline.com\/index.php\/wp-json\/wp\/v2\/posts\/16417\/revisions\/16421"}],"wp:featuredmedia":[{"embeddable":true,"href":"https:\/\/samantharadionline.com\/index.php\/wp-json\/wp\/v2\/media\/16418"}],"wp:attachment":[{"href":"https:\/\/samantharadionline.com\/index.php\/wp-json\/wp\/v2\/media?parent=16417"}],"wp:term":[{"taxonomy":"category","embeddable":true,"href":"https:\/\/samantharadionline.com\/index.php\/wp-json\/wp\/v2\/categories?post=16417"},{"taxonomy":"post_tag","embeddable":true,"href":"https:\/\/samantharadionline.com\/index.php\/wp-json\/wp\/v2\/tags?post=16417"}],"curies":[{"name":"wp","href":"https:\/\/api.w.org\/{rel}","templated":true}]}}