{"id":16410,"date":"2025-06-05T11:12:36","date_gmt":"2025-06-05T15:12:36","guid":{"rendered":"https:\/\/samantharadionline.com\/?p=16410"},"modified":"2025-06-05T11:12:37","modified_gmt":"2025-06-05T15:12:37","slug":"punto-critico-en-el-peaje-las-americas","status":"publish","type":"post","link":"https:\/\/samantharadionline.com\/index.php\/2025\/06\/05\/punto-critico-en-el-peaje-las-americas\/","title":{"rendered":"Punto cr\u00edtico en el peaje Las Am\u00e9ricas"},"content":{"rendered":"\n<p class=\"has-medium-font-size\"><em>La estrechez de las dos v\u00edas para el regreso, sumada a los muros de concreto en ambos lados del carril, ha provocado m\u00faltiples accidentes y representa una amenaza constante para los conductores<\/em><\/p>\n\n\n\n<figure class=\"wp-block-image\"><img decoding=\"async\" src=\"https:\/\/listindiario.com\/files\/image_60_60\/uploads\/2023\/05\/16\/64638e498cf04.jpeg\" alt=\"Avatar del Rafael Castro\"\/><\/figure>\n\n\n\n<p><em>\u00a0<\/em>Rafael Castro, <strong>Santo Domingo, RD\u00a0<\/strong><\/p>\n\n\n\n<p>A pesar de contar con 11 carriles, el peaje de la Autopista Las Am\u00e9ricas se ha convertido en un punto cr\u00edtico y un cuello de botella para el tr\u00e1nsito en direcci\u00f3n a Santo Domingo Este, generando diariamente situaciones de alto riesgo y congesti\u00f3n severa y un peligro latente por la existencia en la entrada a las v\u00edas de dos muros de concreto armado.<\/p>\n\n\n\n<p>La principal causa es que solo dos carriles est\u00e1n habilitados para el tr\u00e1nsito de retorno hacia la capital, mientras el resto permanece destinado a la salida hacia las provincias del Este y al Aeropuerto Internacional de Las Am\u00e9ricas.<\/p>\n\n\n\n<p>Esta configuraci\u00f3n ha sido objeto de crecientes cr\u00edticas por parte de conductores, expertos en movilidad urbana y ciudadanos que se sienten abandonados por las autoridades responsables de la infraestructura vial.<\/p>\n\n\n\n<p>La estrechez de las dos v\u00edas para el regreso, sumada a los muros de concreto en ambos lados del carril, ha provocado m\u00faltiples accidentes y representa una amenaza constante para los conductores.<\/p>\n\n\n\n<p>\u201cEs como una emboscada vial. Todos queremos pasar y solo hay dos opciones reales. Es una locura\u201d, expres\u00f3 indignado un conductor habitual de la ruta que labora en el Aeropuerto Internacional de Las Am\u00e9ricas.<\/p>\n\n\n\n<p>Como \u00e9l, miles de personas enfrentan a diario este cuello de botella, especialmente en las horas pico, cuando el flujo vehicular alcanza su punto m\u00e1s alto.<\/p>\n\n\n\n<h3 class=\"wp-block-heading\">una infraestructura mal aprovechada<\/h3>\n\n\n\n<p>Aunque el peaje cuenta con una capacidad estructural considerable \u2014once carriles en total\u2014, la distribuci\u00f3n actual no responde a las necesidades reales del tr\u00e1nsito.<\/p>\n\n\n\n<p>Los conductores que retornan a Santo Domingo, ya sea desde el aeropuerto o desde las provincias del Este, son obligados a pasar por un embudo vial que genera largas filas, estr\u00e9s y, en muchos casos, choques entre veh\u00edculos.<\/p>\n\n\n\n<p>\u201cEs incomprensible que en una infraestructura con 11 carriles solo se utilicen dos para el grueso del tr\u00e1nsito de regreso a la ciudad. Esto no es solo una mala planificaci\u00f3n: es una amenaza constante a la seguridad vial\u201d, afirm\u00f3 un taxista que opera en la zona, quien prefiri\u00f3 mantener el anonimato por temor a represalias.<\/p>\n\n\n\n<p>Los muros laterales, dise\u00f1ados supuestamente para canalizar el tr\u00e1nsito, han resultado ser un peligro adicional. En la desesperaci\u00f3n por avanzar, muchos conductores aceleran o intentan cambiar de carril sin suficiente espacio, lo que ha derivado en colisiones, algunos con da\u00f1os materiales considerables y otros con consecuencias m\u00e1s graves.<\/p>\n\n\n\n<h3 class=\"wp-block-heading\">deja al usuario en segundo plano&nbsp;<\/h3>\n\n\n\n<p>A juicio de muchos ciudadanos, la ra\u00edz del problema es una visi\u00f3n del tr\u00e1nsito centrada m\u00e1s en la recaudaci\u00f3n que en la seguridad.<\/p>\n\n\n\n<p>RD Vial, entidad encargada de la operaci\u00f3n del peaje, parece priorizar el tr\u00e1nsito en direcci\u00f3n Este \u2014es decir, hacia donde se cobra el peaje\u2014 mientras descuida a quienes regresan, y ya pagaron su tarifa en la ida y no generan ingresos adicionales al retornar.<\/p>\n\n\n\n<p>\u201cEs evidente que el enfoque est\u00e1 en el cobro, no en el servicio. Los que regresamos no les importamos, porque ya no pagamos\u201d, expres\u00f3 molesto un conductor habitual.<\/p>\n\n\n\n<p>Esta situaci\u00f3n, adem\u00e1s de ser una injusticia para los ciudadanos que pagan por el uso de una infraestructura deficiente, representa un riesgo a gran escala que podr\u00eda evitarse con una reorganizaci\u00f3n del flujo vehicular y una intervenci\u00f3n urgente por parte del Ministerio de Obras P\u00fablicas.<\/p>\n\n\n\n<h3 class=\"wp-block-heading\">llamado urgente a las autoridades&nbsp;<\/h3>\n\n\n\n<p>Conductores frecuentes y expertos en movilidad urbana han hecho un llamado en\u00e9rgico al Ministerio de Obras P\u00fablicas y Comunicaciones (MOPC) y a RD Vial para que revisen el dise\u00f1o y la operaci\u00f3n del peaje de Las Am\u00e9ricas.<\/p>\n\n\n\n<p>Proponen redistribuir el uso de los carriles, eliminar o redise\u00f1ar los muros peligrosos y adoptar un enfoque m\u00e1s equilibrado que contemple tanto la entrada como la salida de la ciudad.<\/p>\n\n\n\n<p>\u201cLa movilidad no puede ser vista solo desde el punto de vista financiero. Hablamos de vidas humanas, de tiempo perdido, de productividad afectada\u201d, coment\u00f3 un especialista en transporte urbano al ser consultado sobre la situaci\u00f3n.<\/p>\n\n\n\n<p>Mientras tanto, el caos persiste. Cada ma\u00f1ana y cada tarde, el retorno a Santo Domingo Este se convierte en una carrera de obst\u00e1culos donde el riesgo es la \u00fanica constante. Y miles de conductores siguen esperando que alguien, desde las instituciones responsables, escuche su reclamo.<\/p>\n","protected":false},"excerpt":{"rendered":"<p>La estrechez de las dos v\u00edas para el regreso, sumada a los muros de concreto<\/p>\n","protected":false},"author":1,"featured_media":16411,"comment_status":"open","ping_status":"open","sticky":false,"template":"","format":"standard","meta":{"footnotes":""},"categories":[10],"tags":[],"class_list":["post-16410","post","type-post","status-publish","format-standard","has-post-thumbnail","hentry","category-economica"],"_links":{"self":[{"href":"https:\/\/samantharadionline.com\/index.php\/wp-json\/wp\/v2\/posts\/16410","targetHints":{"allow":["GET"]}}],"collection":[{"href":"https:\/\/samantharadionline.com\/index.php\/wp-json\/wp\/v2\/posts"}],"about":[{"href":"https:\/\/samantharadionline.com\/index.php\/wp-json\/wp\/v2\/types\/post"}],"author":[{"embeddable":true,"href":"https:\/\/samantharadionline.com\/index.php\/wp-json\/wp\/v2\/users\/1"}],"replies":[{"embeddable":true,"href":"https:\/\/samantharadionline.com\/index.php\/wp-json\/wp\/v2\/comments?post=16410"}],"version-history":[{"count":1,"href":"https:\/\/samantharadionline.com\/index.php\/wp-json\/wp\/v2\/posts\/16410\/revisions"}],"predecessor-version":[{"id":16412,"href":"https:\/\/samantharadionline.com\/index.php\/wp-json\/wp\/v2\/posts\/16410\/revisions\/16412"}],"wp:featuredmedia":[{"embeddable":true,"href":"https:\/\/samantharadionline.com\/index.php\/wp-json\/wp\/v2\/media\/16411"}],"wp:attachment":[{"href":"https:\/\/samantharadionline.com\/index.php\/wp-json\/wp\/v2\/media?parent=16410"}],"wp:term":[{"taxonomy":"category","embeddable":true,"href":"https:\/\/samantharadionline.com\/index.php\/wp-json\/wp\/v2\/categories?post=16410"},{"taxonomy":"post_tag","embeddable":true,"href":"https:\/\/samantharadionline.com\/index.php\/wp-json\/wp\/v2\/tags?post=16410"}],"curies":[{"name":"wp","href":"https:\/\/api.w.org\/{rel}","templated":true}]}}