{"id":16400,"date":"2025-06-05T11:03:40","date_gmt":"2025-06-05T15:03:40","guid":{"rendered":"https:\/\/samantharadionline.com\/?p=16400"},"modified":"2025-06-05T11:03:41","modified_gmt":"2025-06-05T15:03:41","slug":"el-papa-de-todos-esos-capos-cuando-le-digo-de-todos-es-de-todos","status":"publish","type":"post","link":"https:\/\/samantharadionline.com\/index.php\/2025\/06\/05\/el-papa-de-todos-esos-capos-cuando-le-digo-de-todos-es-de-todos\/","title":{"rendered":"El pap\u00e1 de todos esos capos, cuando le digo de todos es de todos"},"content":{"rendered":"\n<p class=\"has-medium-font-size\"><em>Con 60 a\u00f1os de edad y con dos de sus hijos siendo profesionales de la ingenier\u00eda, Paulino indic\u00f3 que actualmente no \u201ces hombre de estar en el medio\u201d y que solo visita la casa de su madre y la de sus descendientes para \u201csaber c\u00f3mo est\u00e1n\u201d<\/em><\/p>\n\n\n\n<p>L.D, <strong>Santo Domingo, RD<\/strong><\/p>\n\n\n\n<p>En 2004, el excapit\u00e1n del Ej\u00e9rcito dominicano, Quirino Ernesto Paulino, fue atrapado con un cargamento de 1,387 kilogramos de coca\u00edna, el cual trasladaba a Santiago de los Caballeros y cuyo destino final eran los Estados Unidos.<\/p>\n\n\n\n<p>De inmediato, el nombre de \u201cQuirino\u201d se convirti\u00f3 en sin\u00f3nimo del narcotr\u00e1fico dominicano y m\u00e1s despu\u00e9s de que fuera extraditado el 19 de febrero de 2005 hacia Estados Unidos, a solicitud de esa naci\u00f3n.<\/p>\n\n\n\n<p>\u201cHac\u00eda lo que hac\u00eda, fui un capo de los capos;&nbsp;<strong>fui el padre, se puede decir, de todos esos capos que se mencionan ah\u00ed, de todos; cuando le digo de todos, son de todos<\/strong>, nunca lo voy a negar porque la historia est\u00e1 ah\u00ed; la historia est\u00e1 ah\u00ed, no lo puedo negar\u201d, manifest\u00f3 Paulino, al ser entrevistado en Ban\u00ed por los medios Tele10 y Manaclar TV de la provincia Peravia.<\/p>\n\n\n\n<p>Paulino manifest\u00f3 que durante su accionar il\u00edcito nunca incurri\u00f3 en la violencia en Rep\u00fablica Dominicana.<\/p>\n\n\n\n<h3 class=\"wp-block-heading\">Reside en Ban\u00ed<\/h3>\n\n\n\n<p>Durante su conversaci\u00f3n con los medios de comunicaci\u00f3n manifest\u00f3 que desde su retorno en 2015 al pa\u00eds, tras cumplir su condena en Estados Unidos, se ha mantenido residiendo en Ban\u00ed donde posee una vivienda.<\/p>\n\n\n\n<figure class=\"wp-block-image\" id=\"m58989-58988-58990\"><img decoding=\"async\" src=\"https:\/\/listindiario.com\/files\/vertical_main_image\/uploads\/2025\/06\/05\/68418118aa5c8.jpeg\" alt=\"Quirino Ernesto Paulino Castillo, de 60 a\u00f1os, al ser entrevistado el 4 de junio de 2025 en Ban\u00ed\"\/><figcaption class=\"wp-element-caption\">Quirino Ernesto Paulino Castillo, de 60 a\u00f1os, al ser entrevistado el 4 de junio de 2025 en Ban\u00ed por TeleSacris<\/figcaption><\/figure>\n\n\n\n<p>\u201cYo vivo aqu\u00ed, mi casa est\u00e1 aqu\u00ed en Ban\u00ed; yo tengo con esa casa ya 35 a\u00f1os, eso no es de ahora; yo soy de El\u00edas Pi\u00f1a pero siempre me gust\u00f3 vivir aqu\u00ed en Ban\u00ed\u201d, exclam\u00f3.<\/p>\n\n\n\n<p>Paulino narr\u00f3 que fue uno de los primeros estudiantes en ser parte de la Escuela Vocacional de Ban\u00ed, donde entre 1977 y 1979 estudi\u00f3 mec\u00e1nica diesel y mec\u00e1nica automotriz.<\/p>\n\n\n\n<p>\u201cSi ustedes buscan ah\u00ed en el mural, quiz\u00e1s no me van a conocer, porque yo era un fleje, un fide\u00edto, flaquito pero en el 1977 yo fui estudiante de esa escuela\u201d, expres\u00f3 el exmilitar.<\/p>\n\n\n\n<p>Quirino Ernesto Paulino Castillo naci\u00f3 el 8 de septiembre de 1960. Habl\u00f3 con los referidos medios de comunicaci\u00f3n por un conflicto que tiene con el Ministerio de Obras P\u00fablicas y durante la charla hizo revelaciones de su vida privada que son recogidas en esta nota.<\/p>\n\n\n\n<h3 class=\"wp-block-heading\">No anda \u201cen el medio\u201d<\/h3>\n\n\n\n<p>Con 60 a\u00f1os de edad y con dos de sus hijos siendo profesionales de la ingenier\u00eda, Paulino indic\u00f3 que actualmente no&nbsp;<strong>\u201ces hombre de estar en el medio\u201d<\/strong>&nbsp;y que solo visita la casa de su madre y la de sus descendientes para&nbsp;<strong>\u201csaber c\u00f3mo est\u00e1n\u201d.<\/strong><\/p>\n\n\n\n<p>\u201c(Yo) no visito la casa de nadie, nadie puede decir que yo me ido a sentar a la casa de nadie; ustedes (los reporteros) son banilejos y como le dije tengo 10 a\u00f1os que vine de Estados Unidos, 11 voy a cumplir y ustedes nunca me han visto andar aqu\u00ed en Ban\u00ed, verdad que no. Nadie puede decir que me ha visto en el medio carpeteando, ustedes saben que con dos pesos aqu\u00ed se compran los contenes y las aceras y yo no soy gente de eso. Yo estoy trabajando desde que vine y en eso estoy\u201d, exclam\u00f3 Paulino.<\/p>\n\n\n\n<p>Desde su regres\u00f3 de Estados Unidos el exconvicto se hab\u00eda mantenido fuera del ojo p\u00fablico, una de sus \u00faltimas apariciones p\u00fablicas fue cuando visit\u00f3 la Procuradur\u00eda General de la Rep\u00fablica (PGR) en abril del 2023. No trascendieron los motivos de su visita.<\/p>\n","protected":false},"excerpt":{"rendered":"<p>Con 60 a\u00f1os de edad y con dos de sus hijos siendo profesionales de la<\/p>\n","protected":false},"author":1,"featured_media":16401,"comment_status":"open","ping_status":"open","sticky":false,"template":"","format":"standard","meta":{"footnotes":""},"categories":[12],"tags":[],"class_list":["post-16400","post","type-post","status-publish","format-standard","has-post-thumbnail","hentry","category-nacionales"],"_links":{"self":[{"href":"https:\/\/samantharadionline.com\/index.php\/wp-json\/wp\/v2\/posts\/16400","targetHints":{"allow":["GET"]}}],"collection":[{"href":"https:\/\/samantharadionline.com\/index.php\/wp-json\/wp\/v2\/posts"}],"about":[{"href":"https:\/\/samantharadionline.com\/index.php\/wp-json\/wp\/v2\/types\/post"}],"author":[{"embeddable":true,"href":"https:\/\/samantharadionline.com\/index.php\/wp-json\/wp\/v2\/users\/1"}],"replies":[{"embeddable":true,"href":"https:\/\/samantharadionline.com\/index.php\/wp-json\/wp\/v2\/comments?post=16400"}],"version-history":[{"count":1,"href":"https:\/\/samantharadionline.com\/index.php\/wp-json\/wp\/v2\/posts\/16400\/revisions"}],"predecessor-version":[{"id":16402,"href":"https:\/\/samantharadionline.com\/index.php\/wp-json\/wp\/v2\/posts\/16400\/revisions\/16402"}],"wp:featuredmedia":[{"embeddable":true,"href":"https:\/\/samantharadionline.com\/index.php\/wp-json\/wp\/v2\/media\/16401"}],"wp:attachment":[{"href":"https:\/\/samantharadionline.com\/index.php\/wp-json\/wp\/v2\/media?parent=16400"}],"wp:term":[{"taxonomy":"category","embeddable":true,"href":"https:\/\/samantharadionline.com\/index.php\/wp-json\/wp\/v2\/categories?post=16400"},{"taxonomy":"post_tag","embeddable":true,"href":"https:\/\/samantharadionline.com\/index.php\/wp-json\/wp\/v2\/tags?post=16400"}],"curies":[{"name":"wp","href":"https:\/\/api.w.org\/{rel}","templated":true}]}}