{"id":16389,"date":"2025-06-05T08:25:54","date_gmt":"2025-06-05T12:25:54","guid":{"rendered":"https:\/\/samantharadionline.com\/?p=16389"},"modified":"2025-06-05T08:25:54","modified_gmt":"2025-06-05T12:25:54","slug":"r-d-se-posiciona-como-nuevo-hub-de-manufactura","status":"publish","type":"post","link":"https:\/\/samantharadionline.com\/index.php\/2025\/06\/05\/r-d-se-posiciona-como-nuevo-hub-de-manufactura\/","title":{"rendered":"R.D. se posiciona como nuevo \u201chub\u201d de manufactura"},"content":{"rendered":"\n<p class=\"has-medium-font-size\"><em>Este auge se debe a una combinaci\u00f3n de factores que incluyen estabilidad pol\u00edtica, cercan\u00eda geogr\u00e1fica con Estados Unidos, seg\u00fan CNN<\/em><\/p>\n\n\n\n<p>L.D., <strong>Santo Domingo, RD\u00a0<\/strong><\/p>\n\n\n\n<p>Rep\u00fablica Dominicana se est\u00e1 consolidando como una alternativa estrat\u00e9gica para la manufactura de empresas estadounidenses que buscan reducir costos, diversificar sus cadenas de suministro y sortear las tensiones comerciales con pa\u00edses como China y M\u00e9xico.<\/p>\n\n\n\n<p>Este auge se debe a una combinaci\u00f3n de factores que incluyen estabilidad pol\u00edtica, cercan\u00eda geogr\u00e1fica con Estados Unidos, mano de obra calificada y un robusto sistema de zonas francas, seg\u00fan un reciente reportaje publicado por el medio estadounidense CNN.<\/p>\n\n\n\n<p><strong>El pa\u00eds caribe\u00f1o ha visto crecer su sector manufacturero de forma acelerada en los \u00faltimos a\u00f1os.<\/strong><\/p>\n\n\n\n<p>Seg\u00fan datos de la Fundaci\u00f3n de Innovaci\u00f3n en Tecnolog\u00eda e Informaci\u00f3n, citados por CNN, cerca del 20% de la inversi\u00f3n extranjera se dirige hoy al sector manufacturero, solo superado por el turismo.<\/p>\n\n\n\n<p>La inversi\u00f3n extranjera directa (IED) aument\u00f3 un 7,1% en el \u00faltimo a\u00f1o, captando el 41% de toda la IED que lleg\u00f3 a Centroam\u00e9rica, de acuerdo con la Conferencia de las Naciones Unidas sobre Comercio y Desarrollo (UNCTAD).<\/p>\n\n\n\n<p>Uno de los pilares de este crecimiento es el r\u00e9gimen de zonas francas, donde opera el 60% de la manufactura del pa\u00eds. Estas \u00e1reas especiales \u2014que existen desde hace casi 50 a\u00f1os\u2014 ofrecen incentivos fiscales considerables, como exenciones en el impuesto sobre la renta, impuestos locales, y algunos impuestos sobre exportaciones e importaciones.<\/p>\n\n\n\n<p><strong>En total, hay 92 zonas francas activas que albergan a m\u00e1s de 850 empresas.<\/strong><\/p>\n\n\n\n<p>\u201cEsencialmente, las zonas francas de la Rep\u00fablica Dominicana operan un conjunto de servicios \u2018llave en mano\u2019 que facilitan y agilizan hacer negocios en el pa\u00eds\u201d, destac\u00f3 Stephen Ezell, vicepresidente de pol\u00edtica global de innovaci\u00f3n de la Fundaci\u00f3n de Tecnolog\u00eda de la Informaci\u00f3n e Innovaci\u00f3n (ITIF).<\/p>\n\n\n\n<p>La ventaja geogr\u00e1fica tambi\u00e9n es clave: un buque tarda solo tres d\u00edas en llegar desde Rep\u00fablica Dominicana a Miami y cinco d\u00edas a Nueva York, mucho menos que las tres a seis semanas que tarda un contenedor desde Asia a la costa este de Estados Unidos. Adem\u00e1s, el pa\u00eds cuenta con planes para expandir su infraestructura portuaria en el norte, lo que podr\u00eda acortar a\u00fan m\u00e1s los tiempos de env\u00edo.<\/p>\n\n\n\n<p>Empresas globales como Hanes, Timberland, Cardinal Health, Eaton Corporation y Rockwell Automation ya operan f\u00e1bricas en territorio dominicano.<\/p>\n\n\n\n<p><strong>Recientemente, la estadounidense World Emblem, mayor fabricante mundial de parches textiles, anunci\u00f3 la construcci\u00f3n de una planta de 100,000 pies cuadrados en el pa\u00eds.<\/strong><\/p>\n\n\n\n<p>La decisi\u00f3n se tom\u00f3 tras el impacto de los aranceles estadounidenses a M\u00e9xico y China, lo que llev\u00f3 a la empresa a buscar alternativas m\u00e1s competitivas.<\/p>\n\n\n\n<p>\u201cLos salarios son 30% m\u00e1s bajos que en M\u00e9xico\u201d, indic\u00f3 Randy Carr, CEO de World Emblem. La empresa estima que ahorrar\u00e1 millones de d\u00f3lares al a\u00f1o con su operaci\u00f3n en la isla y planea trasladar hasta el 35% de su producci\u00f3n al pa\u00eds.<\/p>\n\n\n\n<figure class=\"wp-block-image\" id=\"m30642-30641-30643\"><img decoding=\"async\" src=\"https:\/\/listindiario.com\/files\/vertical_main_image\/uploads\/2025\/06\/04\/6840e5f928fd9.jpeg\" alt=\"El pa\u00eds caribe\u00f1o ha visto crecer su sector manufacturero de forma acelerada en los \u00faltimos a\u00f1os.\"\/><figcaption class=\"wp-element-caption\">El pa\u00eds caribe\u00f1o ha visto crecer su sector manufacturero de forma acelerada en los \u00faltimos a\u00f1os.List\u00edn Diario<\/figcaption><\/figure>\n\n\n\n<p>Sin embargo, el crecimiento enfrenta ciertos l\u00edmites. La escasez de terreno disponible para nuevas zonas francas y una fuerza laboral relativamente peque\u00f1a (5,41 millones de personas, seg\u00fan la CIA) son desaf\u00edos vigentes.<\/p>\n\n\n\n<p>Aun as\u00ed, el gobierno ha invertido en capacitaci\u00f3n t\u00e9cnica y educaci\u00f3n enfocada en manufactura, especialmente dentro de las zonas francas.<\/p>\n\n\n\n<p>Fabricaci\u00f3n&nbsp;<\/p>\n\n\n\n<h3 class=\"wp-block-heading\">Principal obst\u00e1culo<\/h3>\n\n\n\n<p><strong>Obst\u00e1culo.<\/strong><br>Para Marino Auffant, consultor en desarrollo p\u00fablico-privado, el principal obst\u00e1culo no es la capacidad del pa\u00eds, sino la falta de visibilidad: \u201cCreo que eso lleva a muchas empresas a irse a otros lugares m\u00e1s por falta de conocimiento de la historia de \u00e9xito de la fabricaci\u00f3n\u201d.<br>En un giro curioso, el CEO de World Emblem confes\u00f3 c\u00f3mo conoci\u00f3 la Rep\u00fablica Dominicana como destino manufacturero: a trav\u00e9s de<br>ChatGPT.<\/p>\n","protected":false},"excerpt":{"rendered":"<p>Este auge se debe a una combinaci\u00f3n de factores que incluyen estabilidad pol\u00edtica, cercan\u00eda geogr\u00e1fica<\/p>\n","protected":false},"author":1,"featured_media":16390,"comment_status":"open","ping_status":"open","sticky":false,"template":"","format":"standard","meta":{"footnotes":""},"categories":[10],"tags":[],"class_list":["post-16389","post","type-post","status-publish","format-standard","has-post-thumbnail","hentry","category-economica"],"_links":{"self":[{"href":"https:\/\/samantharadionline.com\/index.php\/wp-json\/wp\/v2\/posts\/16389","targetHints":{"allow":["GET"]}}],"collection":[{"href":"https:\/\/samantharadionline.com\/index.php\/wp-json\/wp\/v2\/posts"}],"about":[{"href":"https:\/\/samantharadionline.com\/index.php\/wp-json\/wp\/v2\/types\/post"}],"author":[{"embeddable":true,"href":"https:\/\/samantharadionline.com\/index.php\/wp-json\/wp\/v2\/users\/1"}],"replies":[{"embeddable":true,"href":"https:\/\/samantharadionline.com\/index.php\/wp-json\/wp\/v2\/comments?post=16389"}],"version-history":[{"count":1,"href":"https:\/\/samantharadionline.com\/index.php\/wp-json\/wp\/v2\/posts\/16389\/revisions"}],"predecessor-version":[{"id":16391,"href":"https:\/\/samantharadionline.com\/index.php\/wp-json\/wp\/v2\/posts\/16389\/revisions\/16391"}],"wp:featuredmedia":[{"embeddable":true,"href":"https:\/\/samantharadionline.com\/index.php\/wp-json\/wp\/v2\/media\/16390"}],"wp:attachment":[{"href":"https:\/\/samantharadionline.com\/index.php\/wp-json\/wp\/v2\/media?parent=16389"}],"wp:term":[{"taxonomy":"category","embeddable":true,"href":"https:\/\/samantharadionline.com\/index.php\/wp-json\/wp\/v2\/categories?post=16389"},{"taxonomy":"post_tag","embeddable":true,"href":"https:\/\/samantharadionline.com\/index.php\/wp-json\/wp\/v2\/tags?post=16389"}],"curies":[{"name":"wp","href":"https:\/\/api.w.org\/{rel}","templated":true}]}}