{"id":16386,"date":"2025-06-05T08:22:57","date_gmt":"2025-06-05T12:22:57","guid":{"rendered":"https:\/\/samantharadionline.com\/?p=16386"},"modified":"2025-06-05T08:22:58","modified_gmt":"2025-06-05T12:22:58","slug":"propone-eliminar-exenciones-de-reforma-fiscal-fallida","status":"publish","type":"post","link":"https:\/\/samantharadionline.com\/index.php\/2025\/06\/05\/propone-eliminar-exenciones-de-reforma-fiscal-fallida\/","title":{"rendered":"Propone eliminar exenciones de reforma fiscal fallida"},"content":{"rendered":"\n<p class=\"has-medium-font-size\"><em>El Poder Ejecutivo retira del Congreso el proyecto de reforma fiscal debido a las cr\u00edticas<\/em><\/p>\n\n\n\n<p>L.D., <strong>Santo Domingo, RD<\/strong><\/p>\n\n\n\n<p>En el proyecto de modernizaci\u00f3n fiscal, que fue sometido por el Poder Ejecutivo y rechazado por una gran parte de los sectores de la sociedad civil, el gobierno plante\u00f3 la reducci\u00f3n y eliminaci\u00f3n de exoneraciones fiscales para la importaci\u00f3n de veh\u00edculos de motor.<\/p>\n\n\n\n<p>La iniciativa, presentada en tono de reforma integral, buscaba suprimir privilegios tributarios hist\u00f3ricos, desde los asignados a legisladores hasta franquicias de zonas francas y entidades sin fines de lucro, con el argumento de que representan un alto costo para el fisco sin traducirse en los beneficios econ\u00f3micos esperados.<\/p>\n\n\n\n<p>El proyecto se\u00f1alaba que las exenciones vigentes han erosionado la recaudaci\u00f3n \u201csin que, en muchos casos, se cumpla el objetivo de atraer la inversi\u00f3n de nuevos capitales&#8230; o cualquier otro objeto de inter\u00e9s social\u201d, por lo que buscaba \u201ciniciar un proceso de racionalizaci\u00f3n\u201d de estos incentivos. En suma, las medidas apuntaban a fortalecer la sostenibilidad fiscal del pa\u00eds y promover una mayor equidad tributaria mediante la eliminaci\u00f3n de tratos preferenciales.<\/p>\n\n\n\n<p>PUBLICIDAD<\/p>\n\n\n\n<p><strong>Removiendo privilegios<\/strong><\/p>\n\n\n\n<p>Una de las disposiciones m\u00e1s destacadas del proyecto ya retirado era la eliminaci\u00f3n de la exoneraci\u00f3n de veh\u00edculos para miembros del Congreso, En efecto, la propuesta deroga la Ley n\u00fam. 50-66, que desde 1966 autorizaba a cada senador y diputado a importar un veh\u00edculo de uso personal libre de impuestos y aranceles. Dicha ley, modificada en varias ocasiones durante d\u00e9cadas, otorg\u00f3 a los legisladores un privilegio fiscal ampliamente criticado.<\/p>\n\n\n\n<p>Tambi\u00e9n apuntaba al r\u00e9gimen de exenciones para organizaciones no gubernamentales (ONG), el cual de igual manera ser\u00eda restringido. El proyecto modifica el art\u00edculo 50 de la Ley 122-05 (que regula las asociaciones sin fines de lucro) limitando sus exenciones tributarias \u00fanicamente al Impuesto Sobre la Renta y a impuestos sobre donaciones y legados. En la legislaci\u00f3n vigente, las ONG gozaban de una exenci\u00f3n general de todos los tributos \u2013incluidos aranceles e ITBIS en importaciones\u2013 por su car\u00e1cter no lucrativo. En el proyecto esas entidades seguir\u00edan exentas del pago de impuestos sobre sus ingresos y donativos, pero ya no disfrutar\u00edan de franquicias autom\u00e1ticas para traer veh\u00edculos u otros bienes del exterior.<\/p>\n\n\n\n<p>La propuesta de modernizaci\u00f3n fiscal abarcaba tambi\u00e9n la revisi\u00f3n de incentivos vigentes para veh\u00edculos \u201cespeciales\u201d, como los de energ\u00eda no convencional. En la actualidad, la Ley 103-13 ofrece est\u00edmulos a la importaci\u00f3n de veh\u00edculos el\u00e9ctricos e h\u00edbridos, exoner\u00e1ndoles de impuestos con el fin de fomentar tecnolog\u00edas limpias. El proyecto de ley modifica ese r\u00e9gimen para hacerlo temporal y decreciente. Seg\u00fan el texto, los autom\u00f3viles definidos como de energ\u00eda no convencional gozar\u00e1n de un 50% de reducci\u00f3n en aranceles, ITBIS, primera placa y tasa por CO\u2082 durante cinco a\u00f1os, contado a partir de la entrada en vigencia de la reforma.<\/p>\n\n\n\n<p>Asimismo, el proyecto introduc\u00eda nuevas condiciones para exoneraciones de car\u00e1cter social, asegurando que se enfoquen exclusivamente en quienes las necesitan. Por ejemplo, mantiene la exenci\u00f3n arancelaria para veh\u00edculos importados por personas con discapacidad, pero con l\u00edmites claros. Solo califican los veh\u00edculos adaptados a las necesidades especiales del beneficiario (ya sea para conducirlos directamente en caso de limitaci\u00f3n f\u00edsico-motora, o para su transporte si no puede conducir). Adem\u00e1s, cada persona con discapacidad podr\u00e1 importar un veh\u00edculo exonerado cada diez a\u00f1os, sin acumulaci\u00f3n de franquicias pendientes.<\/p>\n\n\n\n<p><strong>Racionalizaci\u00f3n fiscal<\/strong><\/p>\n\n\n\n<p>Las autoridades justificaron estos cambios como parte de una estrategia m\u00e1s amplia para sanear las cuentas p\u00fablicas y distribuir mejor las cargas tributarias. En la exposici\u00f3n de motivos del proyecto \u2013contenida en sus considerandos\u2013 el Gobierno advierte que el elevado \u201cgasto tributario\u201d derivado de exenciones, exoneraciones y reducciones de impuestos ha minado los ingresos del Estado.<\/p>\n\n\n\n<p>Seg\u00fan el Considerando D\u00e9cimo Octavo, muchos de estos privilegios fiscales no han logrado estimular las inversiones ni el crecimiento como se pretend\u00eda, resultando en un sacrificio fiscal que el Estado ya no puede sostener. La Constituci\u00f3n dominicana establece que las exenciones solo deben concederse si persiguen objetivos de inter\u00e9s p\u00fablico; sin embargo, el Ejecutivo sostiene que en la pr\u00e1ctica varias exoneraciones no han cumplido con ese prop\u00f3sito, quedando como meros beneficios particulares.<\/p>\n\n\n\n<p>En este sentido, la reforma planteaba eliminar o recortar aquellas ventajas tributarias que carecen de justificaci\u00f3n econ\u00f3mica o social, enfatizando la necesidad de \u201ccorregir distorsiones\u201d del sistema impositivo. El proyecto destacaba el principio de equidad fiscal, procurando que todos los contribuyentes aporten en funci\u00f3n de su capacidad y reduciendo tratamientos especiales que favorecen a grupos espec\u00edficos.<\/p>\n","protected":false},"excerpt":{"rendered":"<p>El Poder Ejecutivo retira del Congreso el proyecto de reforma fiscal debido a las cr\u00edticas<\/p>\n","protected":false},"author":1,"featured_media":16387,"comment_status":"open","ping_status":"open","sticky":false,"template":"","format":"standard","meta":{"footnotes":""},"categories":[10],"tags":[],"class_list":["post-16386","post","type-post","status-publish","format-standard","has-post-thumbnail","hentry","category-economica"],"_links":{"self":[{"href":"https:\/\/samantharadionline.com\/index.php\/wp-json\/wp\/v2\/posts\/16386","targetHints":{"allow":["GET"]}}],"collection":[{"href":"https:\/\/samantharadionline.com\/index.php\/wp-json\/wp\/v2\/posts"}],"about":[{"href":"https:\/\/samantharadionline.com\/index.php\/wp-json\/wp\/v2\/types\/post"}],"author":[{"embeddable":true,"href":"https:\/\/samantharadionline.com\/index.php\/wp-json\/wp\/v2\/users\/1"}],"replies":[{"embeddable":true,"href":"https:\/\/samantharadionline.com\/index.php\/wp-json\/wp\/v2\/comments?post=16386"}],"version-history":[{"count":1,"href":"https:\/\/samantharadionline.com\/index.php\/wp-json\/wp\/v2\/posts\/16386\/revisions"}],"predecessor-version":[{"id":16388,"href":"https:\/\/samantharadionline.com\/index.php\/wp-json\/wp\/v2\/posts\/16386\/revisions\/16388"}],"wp:featuredmedia":[{"embeddable":true,"href":"https:\/\/samantharadionline.com\/index.php\/wp-json\/wp\/v2\/media\/16387"}],"wp:attachment":[{"href":"https:\/\/samantharadionline.com\/index.php\/wp-json\/wp\/v2\/media?parent=16386"}],"wp:term":[{"taxonomy":"category","embeddable":true,"href":"https:\/\/samantharadionline.com\/index.php\/wp-json\/wp\/v2\/categories?post=16386"},{"taxonomy":"post_tag","embeddable":true,"href":"https:\/\/samantharadionline.com\/index.php\/wp-json\/wp\/v2\/tags?post=16386"}],"curies":[{"name":"wp","href":"https:\/\/api.w.org\/{rel}","templated":true}]}}