{"id":16383,"date":"2025-06-05T08:18:32","date_gmt":"2025-06-05T12:18:32","guid":{"rendered":"https:\/\/samantharadionline.com\/?p=16383"},"modified":"2025-06-05T08:18:33","modified_gmt":"2025-06-05T12:18:33","slug":"cientificos-y-especialistas-dominicanos-exponen-los-problemas-ambientales","status":"publish","type":"post","link":"https:\/\/samantharadionline.com\/index.php\/2025\/06\/05\/cientificos-y-especialistas-dominicanos-exponen-los-problemas-ambientales\/","title":{"rendered":"Cient\u00edficos y especialistas dominicanos exponen los problemas ambientales\u00a0"},"content":{"rendered":"\n<p class=\"has-medium-font-size\"><em>El pa\u00eds enfrenta los retos para garantizar la protecci\u00f3n de los recursos naturales y el desarrollo sostenible<\/em><\/p>\n\n\n\n<p>Yaniris L\u00f3pez , <strong>Santo Domingo<\/strong><\/p>\n\n\n\n<p>Llega una nueva celebraci\u00f3n del D\u00eda Mundial del Medio Ambiente y las reflexiones que acompa\u00f1an la fecha se concentran en visibilizar los&nbsp;<strong>problemas,<\/strong>&nbsp;<strong>denuncias,<\/strong>&nbsp;an\u00e1lisis y promesas que se abordan a\u00f1o tras a\u00f1o. Todo el a\u00f1o.<\/p>\n\n\n\n<p><strong>\u00bfCu\u00e1l es el principal desaf\u00edo ambiental que enfrenta Rep\u00fablica Dominicana en estos momentos?<\/strong>&nbsp;Cient\u00edficos y ambientalistas responden a esta pregunta de LIST\u00cdN DIARIO desde diversos enfoques.<\/p>\n\n\n\n<p><strong>Sixto J. Inch\u00e1ustegui,<\/strong>&nbsp;bi\u00f3logo herpet\u00f3logo, presidente del Grupo Jaragua, llama la atenci\u00f3n sobre la&nbsp;<strong>p\u00e9rdida de biodiversidad&nbsp;<\/strong>y las consecuencias del cambio clim\u00e1tico en los ecosistemas costeros marinos y de altas monta\u00f1as.<\/p>\n\n\n\n<p>El bi\u00f3logo marino&nbsp;<strong>Peter S\u00e1nchez<\/strong>&nbsp;alerta sobre los efectos de la&nbsp;<strong>contaminaci\u00f3n por pl\u00e1sticos<\/strong>&nbsp;en la atmosfera, mares y r\u00edos<strong>;<\/strong>&nbsp;y el arquitecto y planificador urbano&nbsp;<strong>Marcos Barinas<\/strong>&nbsp;explica las consecuencias que dejan las pol\u00edticas urbanas que priorizan la infraestructura, el&nbsp;<strong>crecimiento incontrolado de la huella urbana<\/strong>&nbsp;y la informalidad en la construcci\u00f3n.&nbsp;<\/p>\n\n\n\n<p>Para&nbsp;<strong>Rosa M. Bonetti,<\/strong>&nbsp;presidenta de la fundaci\u00f3n Propag\u00e1s, \u201csin una educaci\u00f3n ambiental de calidad, no hay&nbsp;<strong>pol\u00edtica ambiental viable<\/strong>\u201d; y para Michela Izzo, directora de&nbsp;<strong>Guak\u00eda Ambiente<\/strong>, las comunidades juegan un papel clave en las soluciones ambientales gracias a \u201csu&nbsp;<strong>arraigo territorial<\/strong>&nbsp;y vinculaci\u00f3n con las din\u00e1micas de los ecosistemas\u201d.<\/p>\n\n\n\n<p>Aunque asegura que \u201ces poco lo que se ha hecho a nivel normativo y a nivel de ordenamiento territorial para facilitar extraer agregados para el sector construcci\u00f3n sin generar impactos ambientales negativos\u201d, el&nbsp;<strong>ge\u00f3logo Osiris de Le\u00f3n<\/strong>&nbsp;comparte los buenos resultados de un programa que promete recuperar&nbsp;<strong>ecosistemas degradados<\/strong>&nbsp;por esta pr\u00e1ctica.<\/p>\n\n\n\n<figure class=\"wp-block-image\" id=\"m61779-61778-61780\"><img decoding=\"async\" src=\"https:\/\/listindiario.com\/files\/vertical_main_image\/uploads\/2025\/06\/04\/6840ce89265b1.jpeg\" alt=\"Sixto Inch\u00e1ustegui\"\/><figcaption class=\"wp-element-caption\">Al menos desde la Cumbre de la Tierra en 1992 el pa\u00eds ha tratado de remediar y mitigar los impactos de la crisis clim\u00e1tica.Istock\/LD<\/figcaption><\/figure>\n\n\n\n<p><strong>Sixto J. Inch\u00e1ustegui, bi\u00f3logo, presidente del Grupo Jaragua<\/strong><\/p>\n\n\n\n<p><em>Muchas especies de los ecosistemas de monta\u00f1a y costeros marinos se encuentran ya en peligro de extinci\u00f3n<\/em><\/p>\n\n\n\n<p>Actualmente enfrentamos tres grandes crisis ambientales: (1) extinci\u00f3n y p\u00e9rdida masiva de biodiversidad, (2) crisis y cambios clim\u00e1ticos y (3) contaminaci\u00f3n, principalmente por<strong>&nbsp;pl\u00e1sticos.<\/strong><\/p>\n\n\n\n<p>Al menos desde la Cumbre de la Tierra en 1992 estamos tratando de&nbsp;<strong>remediar y mitigar<\/strong>&nbsp;estos impactos, siempre quedando rezagados en las metas propuestas.<\/p>\n\n\n\n<p>De manera m\u00e1s inmediata, en la Rep\u00fablica Dominicana nos afectan las consecuencias del&nbsp;<strong>calentamiento global<\/strong>&nbsp;en dos tipos de ecosistemas vitales para el pa\u00eds:<strong>&nbsp;los ecosistemas de altas monta\u00f1as\/cuencas altas<\/strong>, donde nacen los r\u00edos, y los ecosistemas costeros marinos productores de playas.<\/p>\n\n\n\n<p>Muchas especies que conforman estos ecosistemas se encuentran ya en&nbsp;<strong>peligro de extinci\u00f3n<\/strong>. Por esto los consideramos como los m\u00e1s inmediatamente amenazados y que requieren mayor protecci\u00f3n.<\/p>\n\n\n\n<p>Las soluciones basadas en la protecci\u00f3n efectiva de los&nbsp;<strong>ecosistemas naturales<\/strong>&nbsp;son consideradas actualmente las m\u00e1s costo-efectivas. Estas deben implementarse y fortalecerse en nuestro pa\u00eds.<\/p>\n\n\n\n<p>La Estrategia Nacional de Desarrollo (END 2030) estableci\u00f3 el desarrollo sostenible como uno de sus ejes. Tambi\u00e9n&nbsp;<strong>estamos comprometidos<\/strong>&nbsp;con los Objetivos de Desarrollo Sostenible (ODS), las metas de biodiversidad Kunming-Montreal para el 2030, y el&nbsp;<strong>Acuerdo de Par\u00eds.<\/strong>&nbsp;Hagamos nuestro mayor esfuerzo para alcanzarlas.<\/p>\n\n\n\n<figure class=\"wp-block-image\" id=\"m61791-61790-61792\"><img decoding=\"async\" src=\"https:\/\/listindiario.com\/files\/vertical_main_image\/uploads\/2025\/06\/04\/6840ced37fffe.jpeg\" alt=\"Marcos Barinas, arquitecto.\"\/><figcaption class=\"wp-element-caption\">El 80% de la poblaci\u00f3n en Rep\u00fablica Dominicana es urbana.Istock<\/figcaption><\/figure>\n\n\n\n<p><strong>Marcos Barinas, a<\/strong><strong>rquitecto y planificador urbano<\/strong><\/p>\n\n\n\n<p><em><strong>\u201cTenemos una tarea muy importante para poder equilibrar la sostenibilidad urbana del pa\u00eds y asumir el impacto del crecimiento de la poblaci\u00f3n urbana\u201d.<\/strong><\/em><\/p>\n\n\n\n<p>Nuestras pol\u00edticas urbanas han fomentado una tendencia de crecimiento que ha priorizado la infraestructura de<strong>&nbsp;transportaci\u00f3n privada<\/strong>&nbsp;por encima de las ordenanzas municipales dirigidas a la habitabilidad de las ciudades. Esto, junto al&nbsp;<strong>crecimiento incontrolado de la huella urbana<\/strong>, ha tra\u00eddo como consecuencia una amenaza a las \u00e1reas protegidas, a las zonas agr\u00edcolas y a importantes recursos h\u00eddricos.<\/p>\n\n\n\n<p>Cuando a este modelo de planificaci\u00f3n agregamos el&nbsp;<strong>gran aumento de la poblaci\u00f3n urbana<\/strong>&nbsp;en la isla y la alta informalidad en la construcci\u00f3n, nos damos cuenta de que tenemos una tarea muy importante para poder&nbsp;<strong>equilibrar la sostenibilidad urbana<\/strong>&nbsp;del pa\u00eds y asumir como se debe asumir el impacto del crecimiento de la poblaci\u00f3n urbana.<\/p>\n\n\n\n<p>Entre las islas grandes del caribe, mientras Cuba y Jamaica tienden a la estabilizaci\u00f3n de su poblaci\u00f3n urbana y Puerto Rico decrece, el crecimiento de la&nbsp;<strong>poblaci\u00f3n urbana en La Hispaniola<\/strong>&nbsp;crece exponencialmente.<\/p>\n\n\n\n<p>En el caso de Rep\u00fablica Dominicana (80% de poblaci\u00f3n urbana) la huella construida se ha triplicado en 20 a\u00f1os, principalmente en las zonas costeras,&nbsp;<strong>las \u00e1reas agr\u00edcolas se han reducido sustancialmente<\/strong>, el grado de presi\u00f3n h\u00eddrica podr\u00eda aumentar a niveles insostenibles y la sobredemanda de uso a la cual han sido sometidos los ecosistemas costeros y marinos ha generado una degradaci\u00f3n progresiva de los mismos.<\/p>\n\n\n\n<figure class=\"wp-block-image\" id=\"m61803-61802-61804\"><img decoding=\"async\" src=\"https:\/\/listindiario.com\/files\/vertical_main_image\/uploads\/2025\/06\/04\/6840cf1979d93.jpeg\" alt=\"Peter S\u00e1nchez, bi\u00f3logo marino\"\/><figcaption class=\"wp-element-caption\">\u201cNuestras costas, base de la econom\u00eda tur\u00edstica del pa\u00eds, est\u00e1n bajo presi\u00f3n por los desechos pl\u00e1sticos\u201d.Istock y Yaniris L\u00f3pez<\/figcaption><\/figure>\n\n\n\n<p><strong>Peter S\u00e1nchez, bi\u00f3logo marino y ambientalista<\/strong><\/p>\n\n\n\n<p><em>La producci\u00f3n de pl\u00e1sticos conlleva una gran huella de CO2<\/em><\/p>\n\n\n\n<p>Los pl\u00e1sticos, en su mayor\u00eda producidos a base de petr\u00f3leo, no solo contaminan visualmente, tambi\u00e9n contribuyen al calentamiento global, la&nbsp;<strong>contaminaci\u00f3n de la atmosfera<\/strong>, de los&nbsp;<strong>mares<\/strong>&nbsp;y los&nbsp;<strong>r\u00edos.&nbsp;<\/strong>Su producci\u00f3n conlleva una gran huella de CO2.&nbsp;<\/p>\n\n\n\n<p>Cuando los desechamos inadecuadamente liberan&nbsp;<strong>elementos qu\u00edmicos&nbsp;<\/strong>como el Bisfenol A (BPA), conocido como un disruptor endocrino, o se degradan en&nbsp;<strong>peque\u00f1os pedazos llamados micropl\u00e1sticos<\/strong>&nbsp;(part\u00edculas menores de 5 mm) que pueden finalizar hasta en nuestros \u00f3rganos.<\/p>\n\n\n\n<p>Nuestros r\u00edos, que son de suma importancia para la producci\u00f3n de agua potable, se encuentran&nbsp;<strong>constantemente amenazados.<\/strong>&nbsp;Tambi\u00e9n nuestras costas, que son la&nbsp;<strong>base de la econom\u00eda tur\u00edstica del pa\u00eds<\/strong>, est\u00e1n bajo presi\u00f3n por los desechos pl\u00e1sticos, s\u00edntoma claro y evidente de un<strong>&nbsp;sistema de recolecci\u00f3n y reciclaje deficiente.<\/strong><\/p>\n\n\n\n<p>Cada a\u00f1o,&nbsp;<strong>8 millones de toneladas de pl\u00e1sticos<\/strong>&nbsp;terminan en los oc\u00e9anos. Seg\u00fan la National Geographic, m\u00e1s de 2,100 especies de animales se ven afectadas por los desechos pl\u00e1sticos, algunas de estas en peligro de extinci\u00f3n.<\/p>\n\n\n\n<p>Hoy, D\u00eda Mundial del Medio Ambiente, debemos&nbsp;<strong>tomar conciencia y reflexionar&nbsp;<\/strong>sobre nuestro consumo abusivo de este producto en todos sus niveles para detener esta cat\u00e1strofe.<\/p>\n\n\n\n<figure class=\"wp-block-image\" id=\"m61815-61814-61816\"><img decoding=\"async\" src=\"https:\/\/listindiario.com\/files\/vertical_main_image\/uploads\/2025\/06\/04\/6840cf748e231.jpeg\" alt=\"Rosa M. Bonetti de Santana\"\/><figcaption class=\"wp-element-caption\">El objetivo es construir un proceso educativo continuo, integrador y significativo.Istock\/LD<\/figcaption><\/figure>\n\n\n\n<p><strong>Rosa Margarita Bonetti, presidenta de la fundaci\u00f3n Propag\u00e1s<\/strong><\/p>\n\n\n\n<p><em>Un enfoque contextualizado para una educaci\u00f3n ambiental transformadora<\/em><\/p>\n\n\n\n<p>La educaci\u00f3n ambiental debe ocupar un lugar central y transversal en la formaci\u00f3n ciudadana, promoviendo una relaci\u00f3n arm\u00f3nica entre las personas y su entorno natural. Este enfoque,&nbsp;<strong>profundamente esperanzador,<\/strong>&nbsp;no solo ampl\u00eda la mirada hacia el ambiente, sino que&nbsp;<strong>tambi\u00e9n inspira acciones concretas&nbsp;<\/strong>orientadas a una convivencia equilibrada con el planeta.<\/p>\n\n\n\n<p>Con un esfuerzo colectivo y un enfoque adaptado a las realidades locales, la Rep\u00fablica Dominicana puede consolidar una&nbsp;<strong>propuesta educativa<\/strong>&nbsp;que sit\u00fae la relaci\u00f3n con la naturaleza en el&nbsp;<strong>n\u00facleo de su desarrollo sostenible.<\/strong><\/p>\n\n\n\n<p>El objetivo es construir un proceso educativo continuo, integrador y significativo,&nbsp;<strong>donde los estudiantes no solo adquieran conocimientos,<\/strong>&nbsp;sino que los comprendan, los analicen cr\u00edticamente y los transformen en valores, actitudes y comportamientos responsables. As\u00ed, estar\u00e1n mejor preparados para involucrarse activamente en la gesti\u00f3n ambiental y en la<strong>&nbsp;construcci\u00f3n de un futuro sostenible.<\/strong><\/p>\n\n\n\n<p>La comunidad educativa debe ser el&nbsp;<strong>motor de esta transformaci\u00f3n.<\/strong>&nbsp;Las estrategias did\u00e1cticas deben partir de la realidad local,&nbsp;<strong>promover la creatividad<\/strong>&nbsp;y fomentar una interacci\u00f3n consciente y respetuosa con el entorno.&nbsp;<\/p>\n\n\n\n<p>Las instituciones educativas, por su parte, deben&nbsp;<strong>adoptar un enfoque integral de sostenibilidad,<\/strong>&nbsp;donde los estudiantes no solo aprendan sobre el ambiente, sino que vivan y experimenten pr\u00e1cticas coherentes con esos aprendizajes.<\/p>\n\n\n\n<p><strong>Educar en el amor y el respeto por la naturaleza implica reconocer que somos parte de ella,<\/strong>&nbsp;no agentes externos. Solo desde esa comprensi\u00f3n profunda es posible fomentar un desarrollo humano integral, especialmente entre los sectores m\u00e1s vulnerables, ampliando las bases de&nbsp;<strong>una ciudadan\u00eda cr\u00edtica, consciente, propositiva<\/strong>&nbsp;y comprometida con la responsabilidad social y ambiental.<\/p>\n\n\n\n<p>\u00a1Sin una educaci\u00f3n ambiental de calidad, no hay pol\u00edtica ambiental viable!<\/p>\n\n\n\n<figure class=\"wp-block-image\" id=\"m61827-61826-61828\"><img decoding=\"async\" src=\"https:\/\/listindiario.com\/files\/vertical_main_image\/uploads\/2025\/06\/04\/6840d1660919e.jpeg\" alt=\"Michela Izzo, Guak\u00eda Ambiente\"\/><figcaption class=\"wp-element-caption\">La mano de obra local fue clave en la construcci\u00f3n de la microhidroel\u00e9ctrica de la comunidad El Palero, en Santiago Rodr\u00edguez.RA\u00daL ASENCIO\/LD<\/figcaption><\/figure>\n\n\n\n<p><strong>Michella Izo, especialista en Ciencias Ambientales, directora ejecutiva de Guak\u00eda Ambiente<\/strong><\/p>\n\n\n\n<p><em>La gobernanza local efectiva multiplica los impactos positivos<\/em><\/p>\n\n\n\n<p>Como peque\u00f1o estado insular en desarrollo, la Rep\u00fablica Dominicana presenta alta vulnerabilidad ambiental, determinada por su exposici\u00f3n a amenazas naturales y su sensibilidad socioecon\u00f3mica y&nbsp;<strong>baja capacidad adaptativa.<\/strong>&nbsp;<\/p>\n\n\n\n<p>Esta combinaci\u00f3n genera emergencias multisectoriales &#8211;<strong>degradaci\u00f3n de suelos,<\/strong>&nbsp;p\u00e9rdida de biodiversidad, contaminaci\u00f3n de agua, suelo y aire- con riesgos crecientes de da\u00f1os irreversibles.<\/p>\n\n\n\n<p>Ante estos desaf\u00edos, se requiere un cambio sist\u00e9mico, donde&nbsp;<strong>el conocimiento cient\u00edfico y las pr\u00e1cticas locales converjan.<\/strong><\/p>\n\n\n\n<p>Las comunidades, por su arraigo territorial y vinculaci\u00f3n con las din\u00e1micas de los ecosistemas, son<strong>&nbsp;agentes clave en este proceso<\/strong>. Su&nbsp;<strong>empoderamiento<\/strong>&nbsp;garantiza que las soluciones sean contextualizadas y sostenibles.<\/p>\n\n\n\n<p>En Guak\u00eda Ambiente hemos evidenciado c\u00f3mo la&nbsp;<strong>gobernanza local efectiva<\/strong>&nbsp;-cuando el Estado la integra en pol\u00edticas p\u00fablicas, que favorecen la acci\u00f3n coordinada de m\u00faltiples actores a diferentes niveles- multiplica los impactos positivos: fortalece la vigilancia ambiental, optimiza el uso de recursos y crea redes de resiliencia.&nbsp;<\/p>\n\n\n\n<p>La verdadera transformaci\u00f3n exige esta&nbsp;<strong>sinergia donde las comunidades lideren,<\/strong>&nbsp;las instituciones acompa\u00f1en y la ciencia gu\u00ede. Solo as\u00ed lograremos un modelo ambientalmente justo y territorialmente coherente.<\/p>\n\n\n\n<figure class=\"wp-block-image\" id=\"m61839-61838-61840\"><img decoding=\"async\" src=\"https:\/\/listindiario.com\/files\/vertical_main_image\/uploads\/2025\/06\/04\/6840d534363dd.jpeg\" alt=\"Recuperaci\u00f3n ambiental en Boca del Arroyo, r\u00edo Nizao, luego de extraer agregados para el sector construcci\u00f3n.\"\/><figcaption class=\"wp-element-caption\">Recuperaci\u00f3n ambiental en Boca del Arroyo, r\u00edo Nizao, luego de extraer agregados para el sector construcci\u00f3n.Osiris de Le\u00f3n<\/figcaption><\/figure>\n\n\n\n<p><strong>Osiris de Le\u00f3n, ingeniero ge\u00f3logo, miembro de la Academia de Ciencias de Rep\u00fablica Dominicana&nbsp;<\/strong><\/p>\n\n\n\n<p><em>Extracciones de agregados de r\u00edos generan impactos ambientales evitables<\/em><\/p>\n\n\n\n<p>Desde junio de 1971, cuando el presidente Joaqu\u00edn Balaguer promulg\u00f3 la Ley 123\/71 que prohib\u00eda las extracciones de agregados de r\u00edos, a los fines de proteger sus cauces,<strong>&nbsp;sus m\u00e1rgenes y su perfil de equilibrio<\/strong>, y desde abril 2000, cuando la Academia de Ciencias entreg\u00f3 al presidente Leonel Fern\u00e1ndez un estudio realizado por el acad\u00e9mico e ingeniero ge\u00f3logo Osiris de Le\u00f3n, con<strong>&nbsp;65 sitios de canteras secas para extraer agregados sin intervenir los cauces de los r\u00edos<\/strong>, es poco lo que se ha hecho a nivel normativo y a nivel de ordenamiento territorial para facilitar extraer agregados para el sector construcci\u00f3n sin generar impactos ambientales negativos.<\/p>\n\n\n\n<p>Nizao, Nigua, Yubazo, Boca de Nigua, Ban\u00ed, Haina, Las Lavas y La Atravezada de Navarrete, Tireo de Constanza, Yaque del Norte, Yaque del Sur, etc\u00e9tera, son algunos de los&nbsp;<strong>lugares famosos para extracciones de agregados fluviales&nbsp;<\/strong>que suplen al sector construcci\u00f3n, pero donde pocas veces se aplica un&nbsp;<strong>plan de recuperaci\u00f3n ambiental<\/strong>&nbsp;como el que recientemente fue aplicado en Boca del Arroyo, cerca del puente Lucas D\u00edaz, en el r\u00edo Nizao, donde se utilizaron viejos neum\u00e1ticos mineros reciclados para estabilizar taludes,&nbsp;<strong>nivelaci\u00f3n de terracer\u00eda,<\/strong>&nbsp;reforestaci\u00f3n y jardiner\u00eda, dejando all\u00ed un hermoso parque ecol\u00f3gico.<\/p>\n\n\n\n<p>Hoy d\u00eda la Egehid, el Ministerio de Medio Ambiente y el presidente Luis Abinader trabajan en programas para la&nbsp;<strong>limpieza de los sedimentos<\/strong>&nbsp;acumulados en las presas de Las Bar\u00edas, Valdesia y Hatillo, para extraer agregados&nbsp;<strong>a \u201ccero costo para el Estado Dominicano\u201d,&nbsp;<\/strong>para recuperar la capacidad original de almacenamiento de agua en cada uno de esos embalses, y para suplir agregados fluviales de alta calidad para el sector construcci\u00f3n sin generar impactos ambientales negativos a los cauces de los r\u00edos.&nbsp;<strong>Este excelente programa ha de extenderse al resto de embalses del pa\u00eds.<\/strong><\/p>\n\n\n\n<p>CIFRAS DE INTER\u00c9S<\/p>\n\n\n\n<p><strong>Pl\u00e1sticos.<\/strong>&nbsp;En Rep\u00fablica Dominicana se generan alrededor de 88 mil toneladas de residuos pl\u00e1sticos al a\u00f1o. De estas, solo se gestionan unas 22 mil (BID, 2021). De acuerdo con la fundaci\u00f3n The Ocean Cleanup, los r\u00edos Ozama e Isabela figuran entre los mil r\u00edos m\u00e1s contaminantes del mundo.<br><br><strong>Disposici\u00f3n de residuos.<\/strong>&nbsp;De acuerdo con el Plan Nacional de Gesti\u00f3n de Sitios de Disposici\u00f3n Final 2023\u20132033, de los 243 vertederos existentes en el pa\u00eds apenas 83 est\u00e1n en condiciones de seguir funcionando. El resto, 160 vertederos, deben cerrarse. El 95 por ciento de los vertederos funciona a cielo abierto. Este plan establece los lineamientos generales \u201csobre el dise\u00f1o, construcci\u00f3n, operaci\u00f3n, rehabilitaci\u00f3n y cierre de sitios de disposici\u00f3n final (SDF)\u201d.<br><br><strong>Cambio clim\u00e1tico.&nbsp;<\/strong>El Consejo Nacional para el Cambio Clim\u00e1tico y Mecanismo de Desarrollo Limpio (CNCC) ha insistido en que Rep\u00fablica Dominicana necesita invertir USD$ 8,715,787,193 en acciones de adaptaci\u00f3n al cambio clim\u00e1tico, una cifra sugerida por la Contribuci\u00f3n Nacionalmente Determinada 2020 (NDC-RD 2020), el documento que establece los compromisos clim\u00e1ticos del pa\u00eds al a\u00f1o 2030.&nbsp;<\/p>\n","protected":false},"excerpt":{"rendered":"<p>El pa\u00eds enfrenta los retos para garantizar la protecci\u00f3n de los recursos naturales y el<\/p>\n","protected":false},"author":1,"featured_media":16384,"comment_status":"open","ping_status":"open","sticky":false,"template":"","format":"standard","meta":{"footnotes":""},"categories":[15],"tags":[],"class_list":["post-16383","post","type-post","status-publish","format-standard","has-post-thumbnail","hentry","category-salud"],"_links":{"self":[{"href":"https:\/\/samantharadionline.com\/index.php\/wp-json\/wp\/v2\/posts\/16383","targetHints":{"allow":["GET"]}}],"collection":[{"href":"https:\/\/samantharadionline.com\/index.php\/wp-json\/wp\/v2\/posts"}],"about":[{"href":"https:\/\/samantharadionline.com\/index.php\/wp-json\/wp\/v2\/types\/post"}],"author":[{"embeddable":true,"href":"https:\/\/samantharadionline.com\/index.php\/wp-json\/wp\/v2\/users\/1"}],"replies":[{"embeddable":true,"href":"https:\/\/samantharadionline.com\/index.php\/wp-json\/wp\/v2\/comments?post=16383"}],"version-history":[{"count":1,"href":"https:\/\/samantharadionline.com\/index.php\/wp-json\/wp\/v2\/posts\/16383\/revisions"}],"predecessor-version":[{"id":16385,"href":"https:\/\/samantharadionline.com\/index.php\/wp-json\/wp\/v2\/posts\/16383\/revisions\/16385"}],"wp:featuredmedia":[{"embeddable":true,"href":"https:\/\/samantharadionline.com\/index.php\/wp-json\/wp\/v2\/media\/16384"}],"wp:attachment":[{"href":"https:\/\/samantharadionline.com\/index.php\/wp-json\/wp\/v2\/media?parent=16383"}],"wp:term":[{"taxonomy":"category","embeddable":true,"href":"https:\/\/samantharadionline.com\/index.php\/wp-json\/wp\/v2\/categories?post=16383"},{"taxonomy":"post_tag","embeddable":true,"href":"https:\/\/samantharadionline.com\/index.php\/wp-json\/wp\/v2\/tags?post=16383"}],"curies":[{"name":"wp","href":"https:\/\/api.w.org\/{rel}","templated":true}]}}