{"id":16376,"date":"2025-06-04T16:35:16","date_gmt":"2025-06-04T20:35:16","guid":{"rendered":"https:\/\/samantharadionline.com\/?p=16376"},"modified":"2025-06-04T16:35:17","modified_gmt":"2025-06-04T20:35:17","slug":"mejia-respalda-plan-de-regularizacion-de-mano-de-obra-haitiana","status":"publish","type":"post","link":"https:\/\/samantharadionline.com\/index.php\/2025\/06\/04\/mejia-respalda-plan-de-regularizacion-de-mano-de-obra-haitiana\/","title":{"rendered":"Mej\u00eda respalda plan de regularizaci\u00f3n de mano de obra haitiana"},"content":{"rendered":"\n<p class=\"has-medium-font-size\"><em>\u00abHay que hacerla urgentemente\u00bb, dijo Mej\u00eda, y afirm\u00f3 que para ello las autoridades deben llegar a acuerdos sectoriales.<\/em><\/p>\n\n\n\n<figure class=\"wp-block-image\"><img decoding=\"async\" src=\"https:\/\/listindiario.com\/files\/image_60_60\/uploads\/2023\/05\/16\/64638724a2bf3.jpeg\" alt=\"Avatar del Sauro Scalella\"\/><\/figure>\n\n\n\n<p><em>\u00a0<\/em>Sauro Scalella, <strong>Santo Domingo, RD<\/strong><\/p>\n\n\n\n<p>El expresidente de la&nbsp;<strong>Rep\u00fablica<\/strong>,&nbsp;<strong>Hip\u00f3lito Mej\u00eda<\/strong>, respald\u00f3 este mi\u00e9rcoles la implementaci\u00f3n de un plan de regularizaci\u00f3n de la mano de obra haitiana, particularmente en sectores como la agricultura y la construcci\u00f3n, en los que \u2014seg\u00fan dijo\u2014 la necesidad de trabajadores es innegable.<\/p>\n\n\n\n<p><strong>\u00abHay que hacerla urgentemente\u00bb<\/strong>, dijo Mej\u00eda, y afirm\u00f3 que para ello las autoridades deben llegar a acuerdos sectoriales.&nbsp;\u00ab<\/p>\n\n\n\n<p>\u00abLa construcci\u00f3n, el campo son necesidades reales de este pa\u00eds\u00bb, indic\u00f3 el exmandatario (2000-2004) a los periodistas.<\/p>\n\n\n\n<p>Mej\u00eda asegur\u00f3 que participar\u00e1 en la segunda reuni\u00f3n con los dem\u00e1s exmandatarios (<strong>Leonel Fern\u00e1ndez y Danilo Medina) y el presidente Luis Abinader<\/strong>&nbsp;con representantes del&nbsp;<strong>Consejo Econ\u00f3mico y Social (CES)<\/strong>, convocada para este jueves.<\/p>\n\n\n\n<p>El tema principal ser\u00e1n las pol\u00edticas migratorias del pa\u00eds con relaci\u00f3n a la crisis de Hait\u00ed.&nbsp;<\/p>\n\n\n\n<p>Aunque evit\u00f3 ofrecer detalles sobre propuestas espec\u00edficas en torno al&nbsp;<strong>tema haitiano<\/strong>, el exmandatario asegur\u00f3 que en su momento se informar\u00e1 de manera \u201c<strong>racional y sincera<\/strong>\u201d lo tratado en el encuentro.<\/p>\n\n\n\n<p>Mej\u00eda tambi\u00e9n contextualiz\u00f3 la situaci\u00f3n migratoria como un fen\u00f3meno global, que afecta a otros pa\u00edses, como Estados Unidos o Espa\u00f1a.<\/p>\n\n\n\n<p>\u00abEl proceso de inmigraci\u00f3n en el mundo es un problema, pero es en todas partes que est\u00e1. Yo acabo de venir de Europa y tambi\u00e9n estuve en la India. \u00abDonde quiera que hay un peque\u00f1o progreso, la gente coge para all\u00e1\u00bb, se\u00f1al\u00f3.<\/p>\n\n\n\n<p>El exgobernante, quien asegur\u00f3 haber regresado la noche anterior de un viaje a Boston, reiter\u00f3 que el pa\u00eds debe abordar con madurez y sentido pr\u00e1ctico la realidad del mercado laboral dominicano.&nbsp;<\/p>\n\n\n\n<p>\u00abLa mano de obra ya es necesaria en el pa\u00eds, d\u00edgalo quien lo diga. \u00abEn el campo y en la construcci\u00f3n tambi\u00e9n\u00bb, dijo Mej\u00eda, que habl\u00f3 del tema previo al acto del 62 aniversario del&nbsp;<strong>Consejo Nacional de la Empresa Privada (Conep)<\/strong>.<\/p>\n\n\n\n<p>Las declaraciones de Mej\u00eda se producen en medio de una creciente presi\u00f3n del sector empresarial, que ha advertido sobre la escasez de trabajadores para labores que, en su mayor\u00eda, son ocupadas por inmigrantes haitianos.&nbsp;<\/p>\n\n\n\n<p>Mientras tanto, sectores m\u00e1s conservadores rechazan la idea de una regularizaci\u00f3n masiva.<\/p>\n\n\n\n<p>El presidente&nbsp;<strong>Luis Abinader<\/strong>&nbsp;ha endurecido su pol\u00edtica migratoria con deportaciones masivas de haitianos, la extensi\u00f3n del&nbsp;<strong>muro fronterizo con Hait\u00ed<\/strong>&nbsp;y un protocolo de salud en hospitales p\u00fablicos para controlar, por ejemplo, las atenciones de mujeres&nbsp;<strong>embarazadas haitianas<\/strong>.<\/p>\n","protected":false},"excerpt":{"rendered":"<p>\u00abHay que hacerla urgentemente\u00bb, dijo Mej\u00eda, y afirm\u00f3 que para ello las autoridades deben llegar<\/p>\n","protected":false},"author":1,"featured_media":16377,"comment_status":"open","ping_status":"open","sticky":false,"template":"","format":"standard","meta":{"footnotes":""},"categories":[12],"tags":[],"class_list":["post-16376","post","type-post","status-publish","format-standard","has-post-thumbnail","hentry","category-nacionales"],"_links":{"self":[{"href":"https:\/\/samantharadionline.com\/index.php\/wp-json\/wp\/v2\/posts\/16376","targetHints":{"allow":["GET"]}}],"collection":[{"href":"https:\/\/samantharadionline.com\/index.php\/wp-json\/wp\/v2\/posts"}],"about":[{"href":"https:\/\/samantharadionline.com\/index.php\/wp-json\/wp\/v2\/types\/post"}],"author":[{"embeddable":true,"href":"https:\/\/samantharadionline.com\/index.php\/wp-json\/wp\/v2\/users\/1"}],"replies":[{"embeddable":true,"href":"https:\/\/samantharadionline.com\/index.php\/wp-json\/wp\/v2\/comments?post=16376"}],"version-history":[{"count":1,"href":"https:\/\/samantharadionline.com\/index.php\/wp-json\/wp\/v2\/posts\/16376\/revisions"}],"predecessor-version":[{"id":16378,"href":"https:\/\/samantharadionline.com\/index.php\/wp-json\/wp\/v2\/posts\/16376\/revisions\/16378"}],"wp:featuredmedia":[{"embeddable":true,"href":"https:\/\/samantharadionline.com\/index.php\/wp-json\/wp\/v2\/media\/16377"}],"wp:attachment":[{"href":"https:\/\/samantharadionline.com\/index.php\/wp-json\/wp\/v2\/media?parent=16376"}],"wp:term":[{"taxonomy":"category","embeddable":true,"href":"https:\/\/samantharadionline.com\/index.php\/wp-json\/wp\/v2\/categories?post=16376"},{"taxonomy":"post_tag","embeddable":true,"href":"https:\/\/samantharadionline.com\/index.php\/wp-json\/wp\/v2\/tags?post=16376"}],"curies":[{"name":"wp","href":"https:\/\/api.w.org\/{rel}","templated":true}]}}